{"id":33349,"date":"2025-10-29T00:52:00","date_gmt":"2025-10-29T06:52:00","guid":{"rendered":"https:\/\/www.salgadonoticias.com\/?p=33349"},"modified":"2025-10-29T23:15:42","modified_gmt":"2025-10-30T05:15:42","slug":"certificacion-notarial-de-contrato-privado-acto-nulo-e-ineficaz-para-acreditar-interes-juridico","status":"publish","type":"post","link":"http:\/\/www.salgadonoticias.com\/?p=33349","title":{"rendered":"Certificaci\u00f3n NOTARIAL de Compra-Venta es un Acto NULO e INEFICAZ para Acreditar Inter\u00e9s Jur\u00eddico &#8230;.\u00a1\u00a1\u00a1\u00a1\u00a1\u00a1\u00a1\u00a1"},"content":{"rendered":"<p>Views: 28<\/p>\n<p>.<\/p>\n\n\n\n<figure class=\"wp-block-embed is-type-video is-provider-youtube wp-block-embed-youtube wp-embed-aspect-16-9 wp-has-aspect-ratio\"><div class=\"wp-block-embed__wrapper\">\n<iframe loading=\"lazy\" title=\"Lo relevante del mi\u00e9rcoles 29 de octubre de 2025.\" width=\"640\" height=\"360\" src=\"https:\/\/www.youtube.com\/embed\/sScll10ND5Y?start=24&#038;feature=oembed\" frameborder=\"0\" allow=\"accelerometer; autoplay; clipboard-write; encrypted-media; gyroscope; picture-in-picture; web-share\" referrerpolicy=\"strict-origin-when-cross-origin\" allowfullscreen><\/iframe>\n<\/div><\/figure>\n\n\n\n<p>.<\/p>\n\n\n\n<p>Este <strong>ANTEDECENTE<\/strong><\/p>\n\n\n\n<p><mark style=\"background-color:rgba(0, 0, 0, 0);color:#02432b\" class=\"has-inline-color\"><strong>Surge <\/strong><\/mark><mark style=\"background-color:rgba(0, 0, 0, 0)\" class=\"has-inline-color has-black-color\">despu\u00e9s de que, una persona promovi\u00f3 un<\/mark><mark style=\"background-color:rgba(0, 0, 0, 0);color:#02432b\" class=\"has-inline-color\"> <strong>amparo indirecto<\/strong> <\/mark><mark style=\"background-color:rgba(0, 0, 0, 0)\" class=\"has-inline-color has-black-color\">contra el <\/mark><mark style=\"background-color:rgba(0, 0, 0, 0);color:#02432b\" class=\"has-inline-color\"><strong>embargo de un bien inmueble<\/strong> <\/mark><mark style=\"background-color:rgba(0, 0, 0, 0)\" class=\"has-inline-color has-black-color\">y su<\/mark><mark style=\"background-color:rgba(0, 0, 0, 0);color:#02432b\" class=\"has-inline-color\"> <strong>inscripci\u00f3n <\/strong><\/mark><strong><mark style=\"background-color:rgba(0, 0, 0, 0)\" class=\"has-inline-color has-black-color\">en el <\/mark><\/strong><mark style=\"background-color:rgba(0, 0, 0, 0);color:#02432b\" class=\"has-inline-color\"><strong>RPPC <\/strong><\/mark><mark style=\"background-color:rgba(0, 0, 0, 0)\" class=\"has-inline-color has-black-color\">en este caso de Colima.<\/mark><mark style=\"background-color:rgba(0, 0, 0, 0);color:#02432b\" class=\"has-inline-color\"> <\/mark><\/p>\n\n\n\n<p><mark style=\"background-color:rgba(0, 0, 0, 0)\" class=\"has-inline-color has-black-color\">Para acreditar su<\/mark><mark style=\"background-color:rgba(0, 0, 0, 0);color:#02432b\" class=\"has-inline-color\"> <strong>inter\u00e9s jur\u00eddico<\/strong>, <strong>ofreci\u00f3<\/strong> <\/mark><mark style=\"background-color:rgba(0, 0, 0, 0)\" class=\"has-inline-color has-black-color\">como <strong>prueba<\/strong> una<\/mark><mark style=\"background-color:rgba(0, 0, 0, 0);color:#02432b\" class=\"has-inline-color\"> <strong>certificaci\u00f3n notarial<\/strong> <\/mark><mark style=\"background-color:rgba(0, 0, 0, 0)\" class=\"has-inline-color has-black-color\">de un<\/mark><mark style=\"background-color:rgba(0, 0, 0, 0);color:#02432b\" class=\"has-inline-color\"> <strong>contrato privado de compraventa<\/strong>, <\/mark><mark style=\"background-color:rgba(0, 0, 0, 0)\" class=\"has-inline-color has-black-color\">emitida por un <\/mark><mark style=\"background-color:rgba(0, 0, 0, 0);color:#02432b\" class=\"has-inline-color\"><strong>notario p\u00fablico <\/strong><\/mark><mark style=\"background-color:rgba(0, 0, 0, 0)\" class=\"has-inline-color has-black-color\">del Estado de<\/mark><mark style=\"background-color:rgba(0, 0, 0, 0);color:#02432b\" class=\"has-inline-color\"><strong> Michoac\u00e1n<\/strong>. <\/mark><\/p>\n\n\n\n<p><mark style=\"background-color:rgba(0, 0, 0, 0);color:#02432b\" class=\"has-inline-color\">Sin embargo, el <strong>Juzgado de Distrito<\/strong> determin\u00f3 el <strong>sobreseimiento del juicio<\/strong>, al considerar que el <em>promovente<\/em> <strong>carec\u00eda de inter\u00e9s jur\u00eddico<\/strong>.<\/mark><\/p>\n\n\n\n<p>.<\/p>\n\n\n\n<p>La&nbsp;<strong><mark style=\"background-color:rgba(0, 0, 0, 0);color:#0d0181\" class=\"has-inline-color\">Suprema Corte de Justicia<\/mark><\/strong>, a trav\u00e9s del&nbsp;Tribunal Colegiado, <strong><mark style=\"background-color:rgba(0, 0, 0, 0);color:#6f0202\" class=\"has-inline-color\">DETERMIN\u00d3<\/mark> <\/strong>que, la <mark style=\"background-color:#eef186\" class=\"has-inline-color\"><strong>certificaci\u00f3n notarial<\/strong> de un <strong>contrato privado de compraventa<\/strong> es un <strong>ACTO NULO<\/strong> seg\u00fan el <strong>art. 51 de la Ley del Notariado<\/strong>, y <strong>NO<\/strong> <em><u>basta para acreditar<\/u><\/em> <strong>inter\u00e9s jur\u00eddico<\/strong> como persona <strong>tercera extra\u00f1a<\/strong>.<\/mark><\/p>\n\n\n\n<p>.<\/p>\n\n\n\n<p>La<mark style=\"background-color:rgba(0, 0, 0, 0);color:#8b0352\" class=\"has-inline-color\"> <strong>justificaci\u00f3n<\/strong><\/mark><mark style=\"background-color:rgba(0, 0, 0, 0)\" class=\"has-inline-color has-black-color\"><strong> <\/strong>de la <strong>SCJN<\/strong> es que, el <\/mark><mark style=\"background-color:rgba(0, 0, 0, 0);color:#8b0352\" class=\"has-inline-color\"><strong>art. 51<\/strong><\/mark><mark style=\"background-color:rgba(0, 0, 0, 0)\" class=\"has-inline-color has-black-color\"><strong> <\/strong>de la <em><u>Ley en menci\u00f3n<\/u><\/em><\/mark><mark style=\"background-color:rgba(0, 0, 0, 0);color:#8b0352\" class=\"has-inline-color\"> <strong>proh\u00edbe<\/strong> <\/mark><mark style=\"background-color:rgba(0, 0, 0, 0)\" class=\"has-inline-color has-black-color\">a los <em><u>notarios<\/u><\/em> <\/mark><mark style=\"background-color:rgba(0, 0, 0, 0);color:#8b0352\" class=\"has-inline-color\"><strong>certificar contratos privados<\/strong> <\/mark><mark style=\"background-color:rgba(0, 0, 0, 0)\" class=\"has-inline-color has-black-color\">relacionados con la <\/mark><mark style=\"background-color:rgba(0, 0, 0, 0);color:#8b0352\" class=\"has-inline-color\"><strong>enajenaci\u00f3n o hipoteca de inmuebles<\/strong>, <\/mark><mark style=\"background-color:rgba(0, 0, 0, 0)\" class=\"has-inline-color has-black-color\">o actos que deban constar en <\/mark><mark style=\"background-color:rgba(0, 0, 0, 0);color:#8b0352\" class=\"has-inline-color\"><strong>escritura p\u00fablica<\/strong>, <\/mark><mark style=\"background-color:rgba(0, 0, 0, 0)\" class=\"has-inline-color has-black-color\">declarando<\/mark><mark style=\"background-color:rgba(0, 0, 0, 0);color:#8b0352\" class=\"has-inline-color\"> <strong>nula<\/strong> <\/mark><mark style=\"background-color:rgba(0, 0, 0, 0)\" class=\"has-inline-color has-black-color\">cualquier certificaci\u00f3n de ese tipo. <\/mark><\/p>\n\n\n\n<p><mark style=\"background-color:rgba(0, 0, 0, 0)\" class=\"has-inline-color has-black-color\">Por ello, si la <em><u>quejosa pretende<\/u><\/em> dar <\/mark><mark style=\"background-color:rgba(0, 0, 0, 0);color:#8b0352\" class=\"has-inline-color\"><strong>eficacia jur\u00eddica<\/strong> <\/mark><mark style=\"background-color:rgba(0, 0, 0, 0)\" class=\"has-inline-color has-black-color\">a una<\/mark><mark style=\"background-color:rgba(0, 0, 0, 0);color:#8b0352\" class=\"has-inline-color\"> <strong>certificaci\u00f3n notarial<\/strong> <\/mark><mark style=\"background-color:#bbf4dd\" class=\"has-inline-color has-black-color\">EMITIDA<\/mark><mark style=\"background-color:rgba(0, 0, 0, 0)\" class=\"has-inline-color has-black-color\"> en<\/mark><mark style=\"background-color:rgba(0, 0, 0, 0);color:#8b0352\" class=\"has-inline-color\"> <strong>Michoac\u00e1n<\/strong> <\/mark><mark style=\"background-color:rgba(0, 0, 0, 0)\" class=\"has-inline-color has-black-color\">sobre un<\/mark><mark style=\"background-color:rgba(0, 0, 0, 0);color:#8b0352\" class=\"has-inline-color\"> <strong>contrato privado de compraventa<\/strong> <\/mark><mark style=\"background-color:rgba(0, 0, 0, 0)\" class=\"has-inline-color has-black-color\">de un <em><u>inmueble ubicado en Colima<\/u><\/em>, dicha<\/mark><mark style=\"background-color:rgba(0, 0, 0, 0);color:#8b0352\" class=\"has-inline-color\"> <strong>prueba<\/strong> <\/mark><mark style=\"background-color:rgba(0, 0, 0, 0)\" class=\"has-inline-color has-black-color\">resulta<\/mark><mark style=\"background-color:rgba(0, 0, 0, 0);color:#8b0352\" class=\"has-inline-color\"> <strong>ineficaz<\/strong> <\/mark><mark style=\"background-color:rgba(0, 0, 0, 0)\" class=\"has-inline-color has-black-color\">para acreditar su<\/mark><mark style=\"background-color:rgba(0, 0, 0, 0);color:#8b0352\" class=\"has-inline-color\"> <strong>inter\u00e9s jur\u00eddico<\/strong> <\/mark><mark style=\"background-color:rgba(0, 0, 0, 0)\" class=\"has-inline-color has-black-color\">como<\/mark><mark style=\"background-color:rgba(0, 0, 0, 0);color:#8b0352\" class=\"has-inline-color\"> <strong>tercera extra\u00f1a<\/strong><\/mark> en el juicio de amparo.<\/p>\n\n\n\n<p>.<\/p>\n\n\n\n<p>Estas <strong><mark style=\"background-color:#f8e4ad\" class=\"has-inline-color\">RESOLUCI\u00d3N<\/mark> <\/strong>esta <mark style=\"background-color:rgba(0, 0, 0, 0)\" class=\"has-inline-color has-black-color\">disponible<\/mark> para quien la <mark style=\"background-color:rgba(0, 0, 0, 0);color:#870101\" class=\"has-inline-color\"><strong>CONOZCA <\/strong>y la <strong>HAGA VALER<\/strong><\/mark><strong> <\/strong>en todo el pa\u00eds a partir de esta semana.<\/p>\n\n\n\n<p><strong><mark style=\"background-color:rgba(0, 0, 0, 0);color:#b38402\" class=\"has-inline-color\">Tesis COM\u00daN-CIVIL<\/mark><\/strong><\/p>\n\n\n\n<p class=\"has-small-font-size\"><strong>Registro digital<\/strong>: &nbsp;2031380<\/p>\n\n\n\n<p>.<\/p>\n\n\n\n<p class=\"wp-embed-aspect-16-9 wp-has-aspect-ratio\">Si estas en el <strong><mark style=\"background-color:rgba(0, 0, 0, 0)\" class=\"has-inline-color has-vivid-red-color\">Extranjero <\/mark><\/strong>nosotros somos tu <strong><mark style=\"background-color:rgba(0, 0, 0, 0)\" class=\"has-inline-color has-vivid-green-cyan-color\">mejor<\/mark><\/strong> alternativa para <strong><mark style=\"background-color:rgba(0, 0, 0, 0)\" class=\"has-inline-color has-luminous-vivid-orange-color\">velar<\/mark><\/strong> por tus <strong><mark style=\"background-color:rgba(0, 0, 0, 0)\" class=\"has-inline-color has-vivid-cyan-blue-color\">intereses<\/mark><\/strong>, escr\u00edbenos o ll\u00e1manos al Tel <strong>55581-11311<\/strong>.<\/p>\n\n\n\n<p class=\"wp-embed-aspect-16-9 wp-has-aspect-ratio\">.<\/p>\n\n\n\n<p class=\"wp-embed-aspect-16-9 wp-has-aspect-ratio\">Cuando<strong> necesites<\/strong> ayuda, <strong>asistencia<\/strong> o <strong>planeaci\u00f3n<\/strong> legal, <strong>solicita<\/strong> <strong>Cita Privada<\/strong> <a href=\"mailto:bi@sm99.mx\" target=\"_blank\" rel=\"noreferrer noopener\"><strong>Aqu\u00ed<\/strong><\/a><\/p>\n\n\n\n<p class=\"wp-embed-aspect-16-9 wp-has-aspect-ratio\">La informaci\u00f3n que AQU\u00cd te presentamos <strong>deriva<\/strong> de los <strong>Peri\u00f3dicos Oficiales <\/strong>de la<strong> CdMx<\/strong>, <strong>Estado<\/strong> de Mex., Diario <strong>Oficial<\/strong> de la Federaci\u00f3n, Suprema Corte de<strong> Justicia<\/strong> de la Naci\u00f3n, por lo tanto es de <strong>aplicaci\u00f3n OBLIGATORIA<\/strong><\/p>\n\n\n\n<p class=\"wp-embed-aspect-16-9 wp-has-aspect-ratio\">.<\/p>\n\n\n\n<p class=\"wp-embed-aspect-16-9 wp-has-aspect-ratio\">La informaci\u00f3n de este d\u00eda proviene de la Suprema Corte de Justicia.<\/p>\n\n\n\n<p class=\"wp-embed-aspect-16-9 wp-has-aspect-ratio\">.<\/p>\n\n\n\n<p class=\"wp-embed-aspect-16-9 wp-has-aspect-ratio\"><strong><mark style=\"background-color:rgba(0, 0, 0, 0)\" class=\"has-inline-color has-luminous-vivid-orange-color\">AY\u00daDANOS<\/mark><\/strong> para que m\u00e1s personas conozcan esta informaci\u00f3n, <strong>Comp\u00e1rtelo<\/strong> en tus redes sociales.<\/p>\n","protected":false},"excerpt":{"rendered":"<p>Views: 28 . . Este ANTEDECENTE Surge despu\u00e9s de que, una persona promovi\u00f3 un amparo indirecto contra el embargo de un bien inmueble y su inscripci\u00f3n en el RPPC en este caso de Colima. Para acreditar su inter\u00e9s jur\u00eddico, ofreci\u00f3 como prueba una certificaci\u00f3n notarial de un contrato privado de compraventa, emitida por un notario [&hellip;]<\/p>\n","protected":false},"author":3,"featured_media":33353,"comment_status":"closed","ping_status":"open","sticky":false,"template":"","format":"standard","meta":{"_jetpack_memberships_contains_paid_content":false,"footnotes":""},"categories":[4],"tags":[],"jetpack_sharing_enabled":true,"jetpack_featured_media_url":"http:\/\/www.salgadonoticias.com\/wp-content\/uploads\/2025\/10\/2-notario.jpg","_links":{"self":[{"href":"http:\/\/www.salgadonoticias.com\/index.php?rest_route=\/wp\/v2\/posts\/33349"}],"collection":[{"href":"http:\/\/www.salgadonoticias.com\/index.php?rest_route=\/wp\/v2\/posts"}],"about":[{"href":"http:\/\/www.salgadonoticias.com\/index.php?rest_route=\/wp\/v2\/types\/post"}],"author":[{"embeddable":true,"href":"http:\/\/www.salgadonoticias.com\/index.php?rest_route=\/wp\/v2\/users\/3"}],"replies":[{"embeddable":true,"href":"http:\/\/www.salgadonoticias.com\/index.php?rest_route=%2Fwp%2Fv2%2Fcomments&post=33349"}],"version-history":[{"count":5,"href":"http:\/\/www.salgadonoticias.com\/index.php?rest_route=\/wp\/v2\/posts\/33349\/revisions"}],"predecessor-version":[{"id":33359,"href":"http:\/\/www.salgadonoticias.com\/index.php?rest_route=\/wp\/v2\/posts\/33349\/revisions\/33359"}],"wp:featuredmedia":[{"embeddable":true,"href":"http:\/\/www.salgadonoticias.com\/index.php?rest_route=\/wp\/v2\/media\/33353"}],"wp:attachment":[{"href":"http:\/\/www.salgadonoticias.com\/index.php?rest_route=%2Fwp%2Fv2%2Fmedia&parent=33349"}],"wp:term":[{"taxonomy":"category","embeddable":true,"href":"http:\/\/www.salgadonoticias.com\/index.php?rest_route=%2Fwp%2Fv2%2Fcategories&post=33349"},{"taxonomy":"post_tag","embeddable":true,"href":"http:\/\/www.salgadonoticias.com\/index.php?rest_route=%2Fwp%2Fv2%2Ftags&post=33349"}],"curies":[{"name":"wp","href":"https:\/\/api.w.org\/{rel}","templated":true}]}}