{"id":33365,"date":"2025-10-31T00:22:00","date_gmt":"2025-10-31T06:22:00","guid":{"rendered":"https:\/\/www.salgadonoticias.com\/?p=33365"},"modified":"2025-10-31T17:08:56","modified_gmt":"2025-10-31T23:08:56","slug":"33365","status":"publish","type":"post","link":"http:\/\/www.salgadonoticias.com\/?p=33365","title":{"rendered":"Constancia del IMSS con Cadena original, SELLO DIGITAL, secuencia NOTARIAL y N\u00famero de SERIE tiene Valor Probatorio PLENO\u2026!!!"},"content":{"rendered":"<p>Views: 23<\/p>\n<p>.<\/p>\n\n\n\n<figure class=\"wp-block-embed is-type-video is-provider-youtube wp-block-embed-youtube wp-embed-aspect-16-9 wp-has-aspect-ratio\"><div class=\"wp-block-embed__wrapper\">\n<iframe loading=\"lazy\" title=\"Lo destacado del \u00faltimo d\u00eda de octubre 2925\" width=\"640\" height=\"360\" src=\"https:\/\/www.youtube.com\/embed\/mq0xfFTdT6A?feature=oembed\" frameborder=\"0\" allow=\"accelerometer; autoplay; clipboard-write; encrypted-media; gyroscope; picture-in-picture; web-share\" referrerpolicy=\"strict-origin-when-cross-origin\" allowfullscreen><\/iframe>\n<\/div><\/figure>\n\n\n\n<p>.<\/p>\n\n\n\n<p>Este <strong>ANTEDECENTE<\/strong><\/p>\n\n\n\n<p><mark style=\"background-color:rgba(0, 0, 0, 0);color:#30025b\" class=\"has-inline-color\"><strong>Surge <\/strong><\/mark><mark style=\"background-color:rgba(0, 0, 0, 0)\" class=\"has-inline-color has-black-color\">despu\u00e9s de que, en un<\/mark><mark style=\"background-color:rgba(0, 0, 0, 0);color:#30025b\" class=\"has-inline-color\"> <strong>juicio laboral<\/strong>,<\/mark><mark style=\"background-color:rgba(0, 0, 0, 0)\" class=\"has-inline-color has-black-color\"> se present\u00f3 como prueba la<\/mark><mark style=\"background-color:rgba(0, 0, 0, 0);color:#30025b\" class=\"has-inline-color\"> <strong>constancia de semanas cotizadas<\/strong> <\/mark><strong><mark style=\"background-color:rgba(0, 0, 0, 0);color:#a1086b\" class=\"has-inline-color\">emitida<\/mark><\/strong><mark style=\"background-color:rgba(0, 0, 0, 0)\" class=\"has-inline-color has-black-color\"> por el <\/mark><mark style=\"background-color:rgba(0, 0, 0, 0);color:#30025b\" class=\"has-inline-color\"><strong>IMSS<\/strong>, <\/mark><mark style=\"background-color:rgba(0, 0, 0, 0)\" class=\"has-inline-color has-black-color\">la cual incluye<\/mark><mark style=\"background-color:rgba(0, 0, 0, 0);color:#30025b\" class=\"has-inline-color\"> <strong>cadena original<\/strong>, <strong>sello digital<\/strong>, <strong>secuencia notarial<\/strong> y <strong>n\u00famero de serie<\/strong>. <\/mark><\/p>\n\n\n\n<p><mark style=\"background-color:rgba(0, 0, 0, 0)\" class=\"has-inline-color has-black-color\">Sin embargo, la<\/mark><mark style=\"background-color:rgba(0, 0, 0, 0);color:#30025b\" class=\"has-inline-color\"> <strong>Junta<\/strong> <\/mark><mark style=\"background-color:rgba(0, 0, 0, 0)\" class=\"has-inline-color has-black-color\">le <strong>NEG\u00d3<\/strong><\/mark><mark style=\"background-color:rgba(0, 0, 0, 0);color:#30025b\" class=\"has-inline-color\"> <strong>valor probatorio<\/strong> <\/mark><mark style=\"background-color:rgba(0, 0, 0, 0)\" class=\"has-inline-color has-black-color\">al documento por <strong>no contar<\/strong> con la<\/mark><mark style=\"background-color:rgba(0, 0, 0, 0);color:#30025b\" class=\"has-inline-color\"> <strong>firma del funcionario autorizado<\/strong><\/mark><mark style=\"background-color:rgba(0, 0, 0, 0)\" class=\"has-inline-color has-black-color\"> y no estar <\/mark><mark style=\"background-color:rgba(0, 0, 0, 0);color:#30025b\" class=\"has-inline-color\"><strong>perfeccionado como documento digital<\/strong>.<\/mark><\/p>\n\n\n\n<p>.<\/p>\n\n\n\n<p>La&nbsp;<mark style=\"background-color:rgba(0, 0, 0, 0);color:#14038b\" class=\"has-inline-color\"><strong>Suprema Corte de Justicia<\/strong>,<\/mark> a trav\u00e9s del&nbsp;Tribunal Colegiado, <strong><mark style=\"background-color:rgba(0, 0, 0, 0);color:#7c0404\" class=\"has-inline-color\">DETERMIN\u00d3<\/mark> <\/strong>el <mark style=\"background-color:#9cf64e\" class=\"has-inline-color\"><strong>valor probatorio pleno<\/strong> de la <strong>Constancia de Semanas Cotizadas<\/strong> del <strong>IMSS<\/strong>, <strong>impresa <\/strong>desde un <strong>medio electr\u00f3nico<\/strong> con <strong>cadena original<\/strong>, <strong>sello digital<\/strong>, <strong>secuencia notarial<\/strong> y <strong>n\u00famero de serie<\/strong>.<\/mark><\/p>\n\n\n\n<p>. <\/p>\n\n\n\n<p>La <mark style=\"background-color:rgba(0, 0, 0, 0);color:#b20262\" class=\"has-inline-color\"><strong>justificaci\u00f3n <\/strong><\/mark><mark style=\"background-color:rgba(0, 0, 0, 0)\" class=\"has-inline-color has-black-color\">de la <strong>SCJN<\/strong> es que, el <\/mark><mark style=\"background-color:rgba(0, 0, 0, 0);color:#b20262\" class=\"has-inline-color\"><strong>procedimiento de certificaci\u00f3n<\/strong> <\/mark><mark style=\"background-color:rgba(0, 0, 0, 0)\" class=\"has-inline-color has-black-color\">en el<\/mark><mark style=\"background-color:rgba(0, 0, 0, 0);color:#b20262\" class=\"has-inline-color\"> <strong>SISEC<\/strong> (Sistema Integral de Semanas Cotizadas)<\/mark> <mark style=\"background-color:rgba(0, 0, 0, 0)\" class=\"has-inline-color has-black-color\">establece que la<\/mark><mark style=\"background-color:rgba(0, 0, 0, 0);color:#b20262\" class=\"has-inline-color\"> <strong>constancia de semanas cotizadas<\/strong> <\/mark><mark style=\"background-color:rgba(0, 0, 0, 0)\" class=\"has-inline-color has-black-color\">del <\/mark><mark style=\"background-color:rgba(0, 0, 0, 0);color:#b20262\" class=\"has-inline-color\"><strong>IMSS<\/strong> <\/mark><mark style=\"background-color:rgba(0, 0, 0, 0)\" class=\"has-inline-color has-black-color\">DEBE <em><u>emitirse exclusivamente<\/u><\/em> por ese <\/mark><mark style=\"background-color:rgba(0, 0, 0, 0);color:#b20262\" class=\"has-inline-color\"><strong>Sistema<\/strong>, <\/mark><mark style=\"background-color:rgba(0, 0, 0, 0)\" class=\"has-inline-color has-black-color\">con<\/mark><mark style=\"background-color:rgba(0, 0, 0, 0);color:#b20262\" class=\"has-inline-color\"> <strong>cadena original<\/strong>, <strong>sello digital<\/strong> y <strong>secuencia notarial<\/strong>. <\/mark><mark style=\"background-color:rgba(0, 0, 0, 0)\" class=\"has-inline-color has-black-color\">Solo en caso de <\/mark><mark style=\"background-color:rgba(0, 0, 0, 0);color:#b20262\" class=\"has-inline-color\"><strong>contingencia<\/strong><\/mark><mark style=\"background-color:rgba(0, 0, 0, 0)\" class=\"has-inline-color has-black-color\"> u<\/mark><mark style=\"background-color:rgba(0, 0, 0, 0);color:#b20262\" class=\"has-inline-color\"> <strong>oposici\u00f3n a datos personales<\/strong>, <\/mark><mark style=\"background-color:rgba(0, 0, 0, 0)\" class=\"has-inline-color has-black-color\">se <em><u>permite su emisi\u00f3n<\/u><\/em><\/mark><mark style=\"background-color:rgba(0, 0, 0, 0);color:#b20262\" class=\"has-inline-color\"><strong> manual<\/strong> con <strong>firma aut\u00f3grafa<\/strong><\/mark><\/p>\n\n\n\n<p>.<\/p>\n\n\n\n<p>Estas <strong><mark style=\"background-color:#9af4d3\" class=\"has-inline-color\">RESOLUCI\u00d3N<\/mark> <\/strong>esta <mark style=\"background-color:rgba(0, 0, 0, 0)\" class=\"has-inline-color has-black-color\">disponible<\/mark> para quien la <mark style=\"background-color:rgba(0, 0, 0, 0);color:#870101\" class=\"has-inline-color\"><strong>CONOZCA <\/strong>y la <strong>HAGA VALER<\/strong><\/mark><strong> <\/strong>en todo el pa\u00eds a partir de esta semana.<\/p>\n\n\n\n<p><strong><mark style=\"background-color:rgba(0, 0, 0, 0);color:#04a268\" class=\"has-inline-color\">Tesis LABORAL<\/mark><\/strong><\/p>\n\n\n\n<p class=\"has-small-font-size\"><strong>Registro digital<\/strong>: &nbsp;2031378<\/p>\n\n\n\n<p>.<\/p>\n\n\n\n<p class=\"wp-embed-aspect-16-9 wp-has-aspect-ratio\">Si estas en el <strong><mark style=\"background-color:rgba(0, 0, 0, 0)\" class=\"has-inline-color has-vivid-red-color\">Extranjero <\/mark><\/strong>nosotros somos tu <strong><mark style=\"background-color:rgba(0, 0, 0, 0)\" class=\"has-inline-color has-vivid-green-cyan-color\">mejor<\/mark><\/strong> alternativa para <strong><mark style=\"background-color:rgba(0, 0, 0, 0)\" class=\"has-inline-color has-luminous-vivid-orange-color\">velar<\/mark><\/strong> por tus <strong><mark style=\"background-color:rgba(0, 0, 0, 0)\" class=\"has-inline-color has-vivid-cyan-blue-color\">intereses<\/mark><\/strong>, escr\u00edbenos o ll\u00e1manos al Tel <strong>55581-11311<\/strong>.<\/p>\n\n\n\n<p class=\"wp-embed-aspect-16-9 wp-has-aspect-ratio\">.<\/p>\n\n\n\n<p class=\"wp-embed-aspect-16-9 wp-has-aspect-ratio\">Cuando<strong> necesites<\/strong> ayuda, <strong>asistencia<\/strong> o <strong>planeaci\u00f3n<\/strong> legal, <strong>solicita<\/strong> <strong>Cita Privada<\/strong> <a href=\"mailto:bi@sm99.mx\" target=\"_blank\" rel=\"noreferrer noopener\"><strong>Aqu\u00ed<\/strong><\/a><\/p>\n\n\n\n<p class=\"wp-embed-aspect-16-9 wp-has-aspect-ratio\">La informaci\u00f3n que AQU\u00cd te presentamos <strong>deriva<\/strong> de los <strong>Peri\u00f3dicos Oficiales <\/strong>de la<strong> CdMx<\/strong>, <strong>Estado<\/strong> de Mex., Diario <strong>Oficial<\/strong> de la Federaci\u00f3n, Suprema Corte de<strong> Justicia<\/strong> de la Naci\u00f3n, por lo tanto es de <strong>aplicaci\u00f3n OBLIGATORIA<\/strong><\/p>\n\n\n\n<p class=\"wp-embed-aspect-16-9 wp-has-aspect-ratio\">.<\/p>\n\n\n\n<p class=\"wp-embed-aspect-16-9 wp-has-aspect-ratio\">La informaci\u00f3n de este d\u00eda proviene de la Suprema Corte de Justicia.<\/p>\n\n\n\n<p class=\"wp-embed-aspect-16-9 wp-has-aspect-ratio\">.<\/p>\n\n\n\n<p class=\"wp-embed-aspect-16-9 wp-has-aspect-ratio\"><strong><mark style=\"background-color:rgba(0, 0, 0, 0)\" class=\"has-inline-color has-luminous-vivid-orange-color\">AY\u00daDANOS<\/mark><\/strong> para que m\u00e1s personas conozcan esta informaci\u00f3n, <strong>Comp\u00e1rtelo<\/strong> en tus redes sociales.<\/p>\n","protected":false},"excerpt":{"rendered":"<p>Views: 23 . . Este ANTEDECENTE Surge despu\u00e9s de que, en un juicio laboral, se present\u00f3 como prueba la constancia de semanas cotizadas emitida por el IMSS, la cual incluye cadena original, sello digital, secuencia notarial y n\u00famero de serie. Sin embargo, la Junta le NEG\u00d3 valor probatorio al documento por no contar con la [&hellip;]<\/p>\n","protected":false},"author":3,"featured_media":33373,"comment_status":"closed","ping_status":"open","sticky":false,"template":"","format":"standard","meta":{"_jetpack_memberships_contains_paid_content":false,"footnotes":""},"categories":[4],"tags":[],"jetpack_sharing_enabled":true,"jetpack_featured_media_url":"http:\/\/www.salgadonoticias.com\/wp-content\/uploads\/2025\/10\/D_NQ_NP_959601-MLM79447086904_102024-O-1.webp","_links":{"self":[{"href":"http:\/\/www.salgadonoticias.com\/index.php?rest_route=\/wp\/v2\/posts\/33365"}],"collection":[{"href":"http:\/\/www.salgadonoticias.com\/index.php?rest_route=\/wp\/v2\/posts"}],"about":[{"href":"http:\/\/www.salgadonoticias.com\/index.php?rest_route=\/wp\/v2\/types\/post"}],"author":[{"embeddable":true,"href":"http:\/\/www.salgadonoticias.com\/index.php?rest_route=\/wp\/v2\/users\/3"}],"replies":[{"embeddable":true,"href":"http:\/\/www.salgadonoticias.com\/index.php?rest_route=%2Fwp%2Fv2%2Fcomments&post=33365"}],"version-history":[{"count":6,"href":"http:\/\/www.salgadonoticias.com\/index.php?rest_route=\/wp\/v2\/posts\/33365\/revisions"}],"predecessor-version":[{"id":33381,"href":"http:\/\/www.salgadonoticias.com\/index.php?rest_route=\/wp\/v2\/posts\/33365\/revisions\/33381"}],"wp:featuredmedia":[{"embeddable":true,"href":"http:\/\/www.salgadonoticias.com\/index.php?rest_route=\/wp\/v2\/media\/33373"}],"wp:attachment":[{"href":"http:\/\/www.salgadonoticias.com\/index.php?rest_route=%2Fwp%2Fv2%2Fmedia&parent=33365"}],"wp:term":[{"taxonomy":"category","embeddable":true,"href":"http:\/\/www.salgadonoticias.com\/index.php?rest_route=%2Fwp%2Fv2%2Fcategories&post=33365"},{"taxonomy":"post_tag","embeddable":true,"href":"http:\/\/www.salgadonoticias.com\/index.php?rest_route=%2Fwp%2Fv2%2Ftags&post=33365"}],"curies":[{"name":"wp","href":"https:\/\/api.w.org\/{rel}","templated":true}]}}