{"id":33533,"date":"2025-11-21T00:10:00","date_gmt":"2025-11-21T06:10:00","guid":{"rendered":"https:\/\/www.salgadonoticias.com\/?p=33533"},"modified":"2025-11-21T21:21:53","modified_gmt":"2025-11-22T03:21:53","slug":"33533","status":"publish","type":"post","link":"http:\/\/www.salgadonoticias.com\/?p=33533","title":{"rendered":"Si UNA de las partes no opta por Juicio en L\u00cdNEA, la falta de COICIDENCIA entre el Expediente F\u00cdSICO y ELECTR\u00d3NICO constituye Violaci\u00f3n PROCESAL ..\u2026!!!"},"content":{"rendered":"<p>Views: 4<\/p>\n<p>.<\/p>\n\n\n\n<figure class=\"wp-block-embed is-type-video is-provider-youtube wp-block-embed-youtube wp-embed-aspect-16-9 wp-has-aspect-ratio\"><div class=\"wp-block-embed__wrapper\">\n<iframe loading=\"lazy\" title=\"Lo destacado del viernes 21 de noviembre de 2025\" width=\"640\" height=\"360\" src=\"https:\/\/www.youtube.com\/embed\/Z-aSnW6c3rk?feature=oembed\" frameborder=\"0\" allow=\"accelerometer; autoplay; clipboard-write; encrypted-media; gyroscope; picture-in-picture; web-share\" referrerpolicy=\"strict-origin-when-cross-origin\" allowfullscreen><\/iframe>\n<\/div><\/figure>\n\n\n\n<p>.<\/p>\n\n\n\n<p>Este <strong>ANTEDECENTE<\/strong><\/p>\n\n\n\n<p><mark style=\"background-color:rgba(0, 0, 0, 0);color:#3b036f\" class=\"has-inline-color\"><strong>Surge<\/strong><\/mark><mark style=\"background-color:rgba(0, 0, 0, 0)\" class=\"has-inline-color has-black-color\"><strong> <\/strong>luego de que, en un<\/mark><mark style=\"background-color:rgba(0, 0, 0, 0);color:#3b036f\" class=\"has-inline-color\"> <strong>amparo <\/strong>indirecto se <strong>reclam\u00f3 lo actuado<\/strong> <\/mark><mark style=\"background-color:rgba(0, 0, 0, 0)\" class=\"has-inline-color has-black-color\">en un <em><u>juicio de arrendamiento<\/u><\/em> por un<\/mark><mark style=\"background-color:rgba(0, 0, 0, 0);color:#3b036f\" class=\"has-inline-color\"> <strong>emplazamiento incorrecto<\/strong>. <\/mark><mark style=\"background-color:rgba(0, 0, 0, 0)\" class=\"has-inline-color has-black-color\">Esto porque la QUEJOSA<\/mark><mark style=\"background-color:rgba(0, 0, 0, 0);color:#3b036f\" class=\"has-inline-color\"> <strong>NO pidi\u00f3 acceso<\/strong> al <strong>expediente electr\u00f3nico<\/strong>, <\/mark><mark style=\"background-color:rgba(0, 0, 0, 0)\" class=\"has-inline-color has-black-color\">sino que present\u00f3 escritos f\u00edsicos. <\/mark><\/p>\n\n\n\n<p><mark style=\"background-color:rgba(0, 0, 0, 0)\" class=\"has-inline-color has-black-color\">Pero el <em><u>Juzgado de Distrito<\/u><\/em> <em><u>integr\u00f3 el expediente conforme<\/u><\/em> a los<\/mark><mark style=\"background-color:rgba(0, 0, 0, 0);color:#3b036f\" class=\"has-inline-color\"> <strong>art\u00edculos 253 y 263<\/strong> del <strong>Acuerdo General del Pleno del Consejo de la Judicatura Federal<\/strong> y el <strong>art\u00edculo 3 del Acuerdo General 12\/2020<\/strong>,<\/mark><mark style=\"background-color:rgba(0, 0, 0, 0)\" class=\"has-inline-color has-black-color\"> los cuales ESTABLECEN que el<\/mark><mark style=\"background-color:rgba(0, 0, 0, 0);color:#3b036f\" class=\"has-inline-color\"> <strong>expediente f\u00edsico<\/strong> <\/mark><mark style=\"background-color:rgba(0, 0, 0, 0)\" class=\"has-inline-color has-black-color\">solo contiene <\/mark><mark style=\"background-color:rgba(0, 0, 0, 0);color:#3b036f\" class=\"has-inline-color\"><strong>promociones f\u00edsicas<\/strong> <\/mark><mark style=\"background-color:rgba(0, 0, 0, 0)\" class=\"has-inline-color has-black-color\">y se imprimen \u00fanicamente las <\/mark><mark style=\"background-color:rgba(0, 0, 0, 0);color:#3b036f\" class=\"has-inline-color\"><strong>actuaciones indispensables<\/strong>, <\/mark><mark style=\"background-color:rgba(0, 0, 0, 0)\" class=\"has-inline-color has-black-color\">SIN INCLUIR<\/mark><mark style=\"background-color:rgba(0, 0, 0, 0);color:#3b036f\" class=\"has-inline-color\"> <strong>acuerdos ni resoluciones<\/strong>. <\/mark><\/p>\n\n\n\n<p><mark style=\"background-color:rgba(0, 0, 0, 0)\" class=\"has-inline-color has-black-color\">En la<\/mark><mark style=\"background-color:rgba(0, 0, 0, 0);color:#3b036f\" class=\"has-inline-color\"> <strong>sentencia<\/strong> se <strong>neg\u00f3 el amparo<\/strong> <\/mark><mark style=\"background-color:rgba(0, 0, 0, 0)\" class=\"has-inline-color has-black-color\">y la parte quejosa interpuso<\/mark><mark style=\"background-color:rgba(0, 0, 0, 0);color:#3b036f\" class=\"has-inline-color\"> <strong>recurso de revisi\u00f3n<\/strong>, <\/mark><mark style=\"background-color:rgba(0, 0, 0, 0)\" class=\"has-inline-color has-black-color\">alegando<\/mark><mark style=\"background-color:rgba(0, 0, 0, 0);color:#3b036f\" class=\"has-inline-color\"> <strong>violaci\u00f3n procesal<\/strong> <\/mark><mark style=\"background-color:rgba(0, 0, 0, 0)\" class=\"has-inline-color has-black-color\">por<\/mark><mark style=\"background-color:rgba(0, 0, 0, 0);color:#3b036f\" class=\"has-inline-color\"> <strong>no poder revisar la sentencia completa<\/strong>, <\/mark><mark style=\"background-color:rgba(0, 0, 0, 0)\" class=\"has-inline-color has-black-color\">ya que solo estaba disponible el<\/mark><mark style=\"background-color:rgba(0, 0, 0, 0);color:#3b036f\" class=\"has-inline-color\"> <strong>extracto<\/strong> <\/mark><mark style=\"background-color:rgba(0, 0, 0, 0)\" class=\"has-inline-color has-black-color\">en el <\/mark><mark style=\"background-color:rgba(0, 0, 0, 0);color:#3b036f\" class=\"has-inline-color\"><strong>Sistema Integral de Seguimiento de Expedientes (SISE)<\/strong>.<\/mark><\/p>\n\n\n\n<p>.<\/p>\n\n\n\n<p>La&nbsp;<strong><mark style=\"background-color:rgba(0, 0, 0, 0);color:#02049d\" class=\"has-inline-color\">Suprema Corte de Justicia<\/mark><\/strong>, a trav\u00e9s del&nbsp;Tribunal Colegiado de Circuito <strong><mark style=\"background-color:rgba(0, 0, 0, 0);color:#740404\" class=\"has-inline-color\">DETERMIN\u00d3<\/mark> <\/strong>que, en <mark style=\"background-color:#fbfa70\" class=\"has-inline-color\"><strong>Juicios de Amparo<\/strong> <em><u>donde una de las partes<\/u><\/em> <strong>no opta por el juicio en l\u00ednea<\/strong>, la <strong>falta de coincidencia<\/strong> entre el <strong>expediente f\u00edsico<\/strong> y el <strong>electr\u00f3nico<\/strong> <em><u>constituye<\/u><\/em> una <strong>violaci\u00f3n procesal<\/strong><\/mark>.<\/p>\n\n\n\n<p><strong>.<\/strong><\/p>\n\n\n\n<p>La <mark style=\"background-color:rgba(0, 0, 0, 0);color:#037e51\" class=\"has-inline-color\"><strong>justificaci\u00f3n <\/strong><\/mark><mark style=\"background-color:rgba(0, 0, 0, 0)\" class=\"has-inline-color has-black-color\">de la <\/mark><strong><mark style=\"background-color:rgba(0, 0, 0, 0);color:#100588\" class=\"has-inline-color\">SCJN<\/mark><\/strong><mark style=\"background-color:rgba(0, 0, 0, 0)\" class=\"has-inline-color has-black-color\"> es que, el <em><u>art\u00edculo <strong>3o<\/strong>. de la Ley de Amparo<\/u><\/em><\/mark><mark style=\"background-color:rgba(0, 0, 0, 0);color:#037e51\" class=\"has-inline-color\"> <strong>obliga<\/strong> <\/mark><mark style=\"background-color:rgba(0, 0, 0, 0)\" class=\"has-inline-color has-black-color\">a que el<\/mark><mark style=\"background-color:rgba(0, 0, 0, 0);color:#037e51\" class=\"has-inline-color\"> <strong>expediente f\u00edsico<\/strong><\/mark><mark style=\"background-color:rgba(0, 0, 0, 0)\" class=\"has-inline-color has-black-color\"> y el <\/mark><mark style=\"background-color:rgba(0, 0, 0, 0);color:#037e51\" class=\"has-inline-color\"><strong>electr\u00f3nico<\/strong> <strong>coincidan \u00edntegramente<\/strong>,<\/mark><mark style=\"background-color:rgba(0, 0, 0, 0)\" class=\"has-inline-color has-black-color\"> <em><u>sin importar la forma de promoci\u00f3n<\/u><\/em>. <\/mark><\/p>\n\n\n\n<p><mark style=\"background-color:rgba(0, 0, 0, 0)\" class=\"has-inline-color has-black-color\">Sin embargo, los<\/mark><mark style=\"background-color:rgba(0, 0, 0, 0);color:#037e51\" class=\"has-inline-color\"> <strong>art\u00edculos 253, 263 y 3<\/strong> <\/mark><mark style=\"background-color:rgba(0, 0, 0, 0)\" class=\"has-inline-color has-black-color\">indican que el f\u00edsico solo contenga<\/mark><mark style=\"background-color:rgba(0, 0, 0, 0);color:#037e51\" class=\"has-inline-color\"> <strong>constancias necesarias<\/strong>, <\/mark><mark style=\"background-color:rgba(0, 0, 0, 0)\" class=\"has-inline-color has-black-color\">lo que gener\u00f3 una<\/mark><mark style=\"background-color:rgba(0, 0, 0, 0);color:#037e51\" class=\"has-inline-color\"> <strong>antinomia<\/strong> <\/mark><mark style=\"background-color:rgba(0, 0, 0, 0)\" class=\"has-inline-color has-black-color\">resuelta en la<\/mark><mark style=\"background-color:rgba(0, 0, 0, 0);color:#037e51\" class=\"has-inline-color\"> <strong>contradicci\u00f3n de criterios 5\/2024<\/strong>, <\/mark><mark style=\"background-color:rgba(0, 0, 0, 0)\" class=\"has-inline-color has-black-color\"><em><u>estableciendo que ambos expedientes deben coincidir<\/u><\/em>. <\/mark><\/p>\n\n\n\n<p><mark style=\"background-color:rgba(0, 0, 0, 0)\" class=\"has-inline-color has-black-color\">La<\/mark><mark style=\"background-color:rgba(0, 0, 0, 0);color:#037e51\" class=\"has-inline-color\"> <strong>prevalencia del expediente electr\u00f3nico<\/strong> <\/mark><mark style=\"background-color:rgba(0, 0, 0, 0)\" class=\"has-inline-color has-black-color\">aplica solo si las partes aceptan el<\/mark><mark style=\"background-color:rgba(0, 0, 0, 0);color:#037e51\" class=\"has-inline-color\"> <strong>juicio en l\u00ednea<\/strong>. <\/mark><mark style=\"background-color:rgba(0, 0, 0, 0)\" class=\"has-inline-color has-black-color\">Integrar el f\u00edsico solo con constancias f\u00edsicas provoca<\/mark><mark style=\"background-color:rgba(0, 0, 0, 0);color:#037e51\" class=\"has-inline-color\"> <strong>violaci\u00f3n procesal<\/strong> y <strong>deja sin defensa<\/strong> <\/mark><em><u><mark style=\"background-color:rgba(0, 0, 0, 0)\" class=\"has-inline-color has-black-color\">a quien NO opt\u00f3 por el tr\u00e1mite electr\u00f3nico.<\/mark><\/u><\/em><\/p>\n\n\n\n<p>.<\/p>\n\n\n\n<p class=\"wp-embed-aspect-16-9 wp-has-aspect-ratio\">Estas <strong><mark style=\"background-color:#b2f39c\" class=\"has-inline-color\">RESOLUCI\u00d3N<\/mark> <\/strong>est\u00e1 disponible para quien la<mark style=\"background-color:rgba(0, 0, 0, 0);color:#d70404\" class=\"has-inline-color\"> <strong>CONOZCA <\/strong>y la <strong>HAGA VALER<\/strong><\/mark><strong> <\/strong>en todo el pa\u00eds a partir de esta semana<strong> <\/strong><\/p>\n\n\n\n<p class=\"wp-embed-aspect-16-9 wp-has-aspect-ratio\"><strong><mark style=\"background-color:rgba(0, 0, 0, 0);color:#03422b\" class=\"has-inline-color\">Tesis COM\u00daN<\/mark><\/strong><\/p>\n\n\n\n<p class=\"has-small-font-size\"><strong>Registro digital<\/strong>: &nbsp;2031461<\/p>\n\n\n\n<p>.<\/p>\n\n\n\n<p class=\"wp-embed-aspect-16-9 wp-has-aspect-ratio\">Si estas en el <strong><mark style=\"background-color:rgba(0, 0, 0, 0)\" class=\"has-inline-color has-vivid-red-color\">Extranjero <\/mark><\/strong>nosotros somos tu <strong><mark style=\"background-color:rgba(0, 0, 0, 0)\" class=\"has-inline-color has-vivid-green-cyan-color\">mejor<\/mark><\/strong> alternativa para <strong><mark style=\"background-color:rgba(0, 0, 0, 0)\" class=\"has-inline-color has-luminous-vivid-orange-color\">velar<\/mark><\/strong> por tus <strong><mark style=\"background-color:rgba(0, 0, 0, 0)\" class=\"has-inline-color has-vivid-cyan-blue-color\">intereses<\/mark><\/strong>, escr\u00edbenos o ll\u00e1manos al Tel <strong>55581-11311<\/strong>.<\/p>\n\n\n\n<p class=\"wp-embed-aspect-16-9 wp-has-aspect-ratio\">.<\/p>\n\n\n\n<p class=\"wp-embed-aspect-16-9 wp-has-aspect-ratio\">Cuando<strong> necesites<\/strong> ayuda, <strong>asistencia<\/strong> o <strong>planeaci\u00f3n<\/strong> legal, <strong>solicita<\/strong> <strong>Cita Privada<\/strong> <a href=\"mailto:bi@sm99.mx\" target=\"_blank\" rel=\"noreferrer noopener\"><strong>Aqu\u00ed<\/strong><\/a><\/p>\n\n\n\n<p class=\"wp-embed-aspect-16-9 wp-has-aspect-ratio\">La informaci\u00f3n que AQU\u00cd te presentamos <strong>deriva<\/strong> de los <strong>Peri\u00f3dicos Oficiales <\/strong>de la<strong> CdMx<\/strong>, <strong>Estado<\/strong> de Mex., Diario <strong>Oficial<\/strong> de la Federaci\u00f3n, Suprema Corte de<strong> Justicia<\/strong> de la Naci\u00f3n, por lo tanto es de <strong>aplicaci\u00f3n obligatoria.<\/strong><\/p>\n\n\n\n<p><\/p>\n","protected":false},"excerpt":{"rendered":"<p>Views: 4 . . Este ANTEDECENTE Surge luego de que, en un amparo indirecto se reclam\u00f3 lo actuado en un juicio de arrendamiento por un emplazamiento incorrecto. Esto porque la QUEJOSA NO pidi\u00f3 acceso al expediente electr\u00f3nico, sino que present\u00f3 escritos f\u00edsicos. Pero el Juzgado de Distrito integr\u00f3 el expediente conforme a los art\u00edculos 253 [&hellip;]<\/p>\n","protected":false},"author":3,"featured_media":33541,"comment_status":"closed","ping_status":"open","sticky":false,"template":"","format":"standard","meta":{"_jetpack_memberships_contains_paid_content":false,"footnotes":""},"categories":[1],"tags":[],"jetpack_sharing_enabled":true,"jetpack_featured_media_url":"http:\/\/www.salgadonoticias.com\/wp-content\/uploads\/2025\/11\/digitalizacion.jpg","_links":{"self":[{"href":"http:\/\/www.salgadonoticias.com\/index.php?rest_route=\/wp\/v2\/posts\/33533"}],"collection":[{"href":"http:\/\/www.salgadonoticias.com\/index.php?rest_route=\/wp\/v2\/posts"}],"about":[{"href":"http:\/\/www.salgadonoticias.com\/index.php?rest_route=\/wp\/v2\/types\/post"}],"author":[{"embeddable":true,"href":"http:\/\/www.salgadonoticias.com\/index.php?rest_route=\/wp\/v2\/users\/3"}],"replies":[{"embeddable":true,"href":"http:\/\/www.salgadonoticias.com\/index.php?rest_route=%2Fwp%2Fv2%2Fcomments&post=33533"}],"version-history":[{"count":6,"href":"http:\/\/www.salgadonoticias.com\/index.php?rest_route=\/wp\/v2\/posts\/33533\/revisions"}],"predecessor-version":[{"id":33548,"href":"http:\/\/www.salgadonoticias.com\/index.php?rest_route=\/wp\/v2\/posts\/33533\/revisions\/33548"}],"wp:featuredmedia":[{"embeddable":true,"href":"http:\/\/www.salgadonoticias.com\/index.php?rest_route=\/wp\/v2\/media\/33541"}],"wp:attachment":[{"href":"http:\/\/www.salgadonoticias.com\/index.php?rest_route=%2Fwp%2Fv2%2Fmedia&parent=33533"}],"wp:term":[{"taxonomy":"category","embeddable":true,"href":"http:\/\/www.salgadonoticias.com\/index.php?rest_route=%2Fwp%2Fv2%2Fcategories&post=33533"},{"taxonomy":"post_tag","embeddable":true,"href":"http:\/\/www.salgadonoticias.com\/index.php?rest_route=%2Fwp%2Fv2%2Ftags&post=33533"}],"curies":[{"name":"wp","href":"https:\/\/api.w.org\/{rel}","templated":true}]}}