{"id":34172,"date":"2026-03-26T00:30:00","date_gmt":"2026-03-26T06:30:00","guid":{"rendered":"https:\/\/www.salgadonoticias.com\/?p=34172"},"modified":"2026-03-26T07:17:24","modified_gmt":"2026-03-26T13:17:24","slug":"34172","status":"publish","type":"post","link":"http:\/\/www.salgadonoticias.com\/?p=34172","title":{"rendered":"Alimentos en su Vertiente de Habitaci\u00f3n: Deber de Analizar su Protecci\u00f3n en Reivindicaci\u00f3n cuando el Deudor Dona el Inmueble, Aun sin Ser Parte el Menor\u2026!!!"},"content":{"rendered":"<p>Views: 6<\/p>\n<p>.<\/p>\n\n\n\n<p>Este <mark style=\"background-color:rgba(0, 0, 0, 0);color:#600135\" class=\"has-inline-color\"><strong>ANTEDECENTE<\/strong> <\/mark><\/p>\n\n\n\n<p><mark style=\"background-color:rgba(0, 0, 0, 0);color:#600135\" class=\"has-inline-color\"><strong>Surge <\/strong><\/mark><mark style=\"background-color:rgba(0, 0, 0, 0)\" class=\"has-inline-color has-black-color\">luego de que<strong>, <\/strong>en la resoluci\u00f3n de un incidente derivado de la<\/mark><mark style=\"background-color:rgba(0, 0, 0, 0);color:#600135\" class=\"has-inline-color\"> <strong>disoluci\u00f3n del v\u00ednculo matrimonial<\/strong>, <\/mark><mark style=\"background-color:rgba(0, 0, 0, 0)\" class=\"has-inline-color has-black-color\">se concluy\u00f3 que el<\/mark><mark style=\"background-color:rgba(0, 0, 0, 0);color:#600135\" class=\"has-inline-color\"> <strong>inmueble<\/strong> donde viv\u00edan el <strong>hijo menor de edad<\/strong> y la madre <strong>NO formaba parte de la sociedad conyugal<\/strong>. <\/mark><mark style=\"background-color:rgba(0, 0, 0, 0)\" class=\"has-inline-color has-black-color\">Durante ese tr\u00e1mite, el padre contrajo matrimonio con otra mujer y realiz\u00f3 una<\/mark><mark style=\"background-color:rgba(0, 0, 0, 0);color:#600135\" class=\"has-inline-color\"> <strong>donaci\u00f3n<\/strong> <\/mark><mark style=\"background-color:rgba(0, 0, 0, 0)\" class=\"has-inline-color has-black-color\">gratuita del inmueble a su favor. Posteriormente, la<\/mark><mark style=\"background-color:rgba(0, 0, 0, 0);color:#600135\" class=\"has-inline-color\"> <strong>donataria<\/strong><\/mark><mark style=\"background-color:rgba(0, 0, 0, 0)\" class=\"has-inline-color has-black-color\"> promovi\u00f3 una <\/mark><mark style=\"background-color:rgba(0, 0, 0, 0);color:#600135\" class=\"has-inline-color\"><strong>acci\u00f3n reivindicatoria<\/strong> <\/mark><mark style=\"background-color:rgba(0, 0, 0, 0)\" class=\"has-inline-color has-black-color\">contra la exc\u00f3nyuge. Aunque en primera instancia se declar\u00f3 improcedente porque la madre y el menor <\/mark><mark style=\"background-color:rgba(0, 0, 0, 0);color:#600135\" class=\"has-inline-color\">\u2014quien presenta <strong>discapacidad permanente intelectual<\/strong>\u2014 <\/mark><mark style=\"background-color:rgba(0, 0, 0, 0)\" class=\"has-inline-color has-black-color\">eran<\/mark><mark style=\"background-color:rgba(0, 0, 0, 0);color:#600135\" class=\"has-inline-color\"> <strong>acreedores alimentarios<\/strong>, <\/mark><mark style=\"background-color:rgba(0, 0, 0, 0)\" class=\"has-inline-color has-black-color\">en apelaci\u00f3n se consider\u00f3 procedente la acci\u00f3n y se orden\u00f3 la<\/mark><mark style=\"background-color:rgba(0, 0, 0, 0);color:#600135\" class=\"has-inline-color\"> <strong>desocupaci\u00f3n del inmueble<\/strong>. <\/mark><\/p>\n\n\n\n<p><mark style=\"background-color:rgba(0, 0, 0, 0)\" class=\"has-inline-color has-black-color\">La demandada promovi\u00f3<\/mark><mark style=\"background-color:rgba(0, 0, 0, 0);color:#600135\" class=\"has-inline-color\"> <strong>amparo directo<\/strong>, a<\/mark><mark style=\"background-color:rgba(0, 0, 0, 0)\" class=\"has-inline-color has-black-color\">legando que <em><u>no se valor\u00f3<\/u><\/em> el<\/mark><mark style=\"background-color:rgba(0, 0, 0, 0);color:#600135\" class=\"has-inline-color\"> <strong>derecho de alimentos en su vertiente de habitaci\u00f3n<\/strong> <\/mark><mark style=\"background-color:rgba(0, 0, 0, 0)\" class=\"has-inline-color has-black-color\">del menor. El <\/mark><mark style=\"background-color:rgba(0, 0, 0, 0);color:#600135\" class=\"has-inline-color\"><strong>Tribunal Colegiado<\/strong> <\/mark><mark style=\"background-color:rgba(0, 0, 0, 0)\" class=\"has-inline-color has-black-color\"><em><u>neg\u00f3 el amparo<\/u><\/em>, lo que motiv\u00f3 la interposici\u00f3n de u<\/mark><mark style=\"background-color:rgba(0, 0, 0, 0);color:#600135\" class=\"has-inline-color\">n <strong>recurso de revisi\u00f3n<\/strong><\/mark>.<\/p>\n\n\n\n<p>.<\/p>\n\n\n\n<p>La\u00a0<mark style=\"background-color:rgba(0, 0, 0, 0);color:#210663\" class=\"has-inline-color\"><strong>Suprema Corte de Justicia<\/strong> <\/mark>ante lo anterior<mark style=\"background-color:rgba(0, 0, 0, 0);color:#770404\" class=\"has-inline-color\"> <strong>DETERMIN\u00d3<\/strong><\/mark><strong> <\/strong>que, cuando en un <mark style=\"background-color:#a1f6b9\" class=\"has-inline-color\"><strong>juicio reivindicatorio<\/strong> se demuestra que el <strong>deudor alimentario<\/strong> de una <strong>persona menor de edad<\/strong> <strong><em><u>DON\u00d3<\/u><\/em><\/strong> el <strong>inmueble<\/strong> objeto del litigio a la parte actora, y dicho <em><u>bien funcionaba como medio para garantizar<\/u><\/em> el <strong>derecho de alimentos<\/strong>, en su vertiente de <strong>habitaci\u00f3n<\/strong> los <em><u>JUECES debe actuar<\/u><\/em> con <strong>perspectiva de infancia y adolescencia<\/strong>. Esto implica <em><u>valorar integralmente<\/u><\/em> el <strong>contexto f\u00e1ctico<\/strong>, as\u00ed como <strong>recabar pruebas de oficio<\/strong> si es necesario, con el fin de ponderar una posible <em><u>afectaci\u00f3n<\/u><\/em> a ese <strong>derecho sustantivo<\/strong><em><u>, aun cuando la persona menor no sea parte del procedimiento<\/u><\/em>, <strong>especialmente si presenta<\/strong> <strong>discapacidad<\/strong>.<\/mark><\/p>\n\n\n\n<p><strong>.<\/strong><\/p>\n\n\n\n<p>La <strong><mark style=\"background-color:rgba(0, 0, 0, 0)\" class=\"has-inline-color has-luminous-vivid-orange-color\">justificaci\u00f3n<\/mark> <\/strong>de la <strong><mark style=\"background-color:rgba(0, 0, 0, 0);color:#18007b\" class=\"has-inline-color\">SCJN<\/mark><\/strong> es que, el <mark style=\"background-color:rgba(0, 0, 0, 0)\" class=\"has-inline-color has-luminous-vivid-orange-color\"><strong>derecho de alimentos<\/strong> <\/mark><mark style=\"background-color:rgba(0, 0, 0, 0)\" class=\"has-inline-color has-black-color\">de las <\/mark><mark style=\"background-color:rgba(0, 0, 0, 0)\" class=\"has-inline-color has-luminous-vivid-orange-color\"><strong>personas menores de edad<\/strong>,<\/mark><mark style=\"background-color:rgba(0, 0, 0, 0)\" class=\"has-inline-color has-black-color\"> <em><u>incluido el de<\/u><\/em><\/mark><mark style=\"background-color:rgba(0, 0, 0, 0)\" class=\"has-inline-color has-luminous-vivid-orange-color\"> <strong>habitaci\u00f3n<\/strong>,<\/mark><mark style=\"background-color:rgba(0, 0, 0, 0)\" class=\"has-inline-color has-black-color\"> IMPONE un <\/mark><mark style=\"background-color:rgba(0, 0, 0, 0)\" class=\"has-inline-color has-luminous-vivid-orange-color\"><strong>deber reforzado<\/strong> <\/mark><mark style=\"background-color:rgba(0, 0, 0, 0)\" class=\"has-inline-color has-black-color\">al Estado para <\/mark><mark style=\"background-color:rgba(0, 0, 0, 0)\" class=\"has-inline-color has-luminous-vivid-orange-color\"><strong>garantizar su satisfacci\u00f3n integral<\/strong>, <\/mark><mark style=\"background-color:rgba(0, 0, 0, 0)\" class=\"has-inline-color has-black-color\">ESPECIALMENTE cuando existe<\/mark><mark style=\"background-color:rgba(0, 0, 0, 0)\" class=\"has-inline-color has-luminous-vivid-orange-color\"> <strong>Discapacidad<\/strong>. <\/mark><mark style=\"background-color:rgba(0, 0, 0, 0)\" class=\"has-inline-color has-black-color\">Por ello, en controversias civiles sobre<\/mark><mark style=\"background-color:rgba(0, 0, 0, 0)\" class=\"has-inline-color has-luminous-vivid-orange-color\"> <strong>propiedad o posesi\u00f3n de inmuebles<\/strong> <\/mark><mark style=\"background-color:rgba(0, 0, 0, 0)\" class=\"has-inline-color has-black-color\">donde <em><u>viven menores<\/u><\/em>, los jueces DEBEN aplicar<\/mark><mark style=\"background-color:rgba(0, 0, 0, 0)\" class=\"has-inline-color has-luminous-vivid-orange-color\"> <strong>perspectiva de infancia y adolescencia<\/strong> <\/mark><mark style=\"background-color:rgba(0, 0, 0, 0)\" class=\"has-inline-color has-black-color\">y atender al <\/mark><mark style=\"background-color:rgba(0, 0, 0, 0)\" class=\"has-inline-color has-luminous-vivid-orange-color\"><strong>inter\u00e9s superior de la ni\u00f1ez<\/strong>.<\/mark><\/p>\n\n\n\n<p>As\u00ed, en un <strong><mark style=\"background-color:rgba(0, 0, 0, 0)\" class=\"has-inline-color has-luminous-vivid-orange-color\">juicio reivindicatorio<\/mark><\/strong> donde la parte actora no tiene relaci\u00f3n con el menor, pero se demuestra que el <mark style=\"background-color:rgba(0, 0, 0, 0)\" class=\"has-inline-color has-luminous-vivid-orange-color\"><strong>deudor alimentario<\/strong> le <strong>don\u00f3 el inmueble<\/strong><\/mark> que funcionaba como medio para cubrir la<mark style=\"background-color:rgba(0, 0, 0, 0)\" class=\"has-inline-color has-luminous-vivid-orange-color\"> <strong>habitaci\u00f3n<\/strong><\/mark> del menor, <em><u>la autoridad debe analizar todo el<\/u><\/em> <strong><mark style=\"background-color:rgba(0, 0, 0, 0)\" class=\"has-inline-color has-luminous-vivid-orange-color\">contexto f\u00e1ctico<\/mark><\/strong> e, incluso, <strong><mark style=\"background-color:rgba(0, 0, 0, 0)\" class=\"has-inline-color has-luminous-vivid-orange-color\">recabar pruebas de oficio<\/mark><\/strong> para <em><u>evitar vulnerar<\/u><\/em> ese <strong><mark style=\"background-color:rgba(0, 0, 0, 0)\" class=\"has-inline-color has-luminous-vivid-orange-color\">derecho sustantivo<\/mark><\/strong> y <em><u>valorar el impacto<\/u><\/em> en su <mark style=\"background-color:rgba(0, 0, 0, 0)\" class=\"has-inline-color has-luminous-vivid-orange-color\"><strong>discapacidad<\/strong>,<\/mark> aun sin ser parte del juicio.<\/p>\n\n\n\n<p>Garantizar la<mark style=\"background-color:rgba(0, 0, 0, 0)\" class=\"has-inline-color has-luminous-vivid-orange-color\"> <strong>habitaci\u00f3n<\/strong><\/mark> <em><u>no impide que la actora obtenga sentencia<\/u><\/em>, pues el <em><u>menor<\/u><\/em> <mark style=\"background-color:rgba(0, 0, 0, 0)\" class=\"has-inline-color has-luminous-vivid-orange-color\"><strong>no tiene derecho al inmueble<\/strong>,<\/mark> pero <mark style=\"background-color:rgba(0, 0, 0, 0)\" class=\"has-inline-color has-luminous-vivid-orange-color\"><strong>S\u00cd a una<\/strong> <strong>vivienda adecuada<\/strong><\/mark>, que puede ser sustituida por otra equivalente o mejor.<\/p>\n\n\n\n<p>.<\/p>\n\n\n\n<p>Estas <strong><mark style=\"background-color:#5ff461\" class=\"has-inline-color\">RESOLUCI\u00d3N<\/mark> <\/strong>es de <strong>aplicaci\u00f3n <mark style=\"background-color:rgba(0, 0, 0, 0);color:#7a0202\" class=\"has-inline-color\">OBLIGATORIA<\/mark> <\/strong>en todo el pa\u00eds a partir de esta semana.<\/p>\n\n\n\n<p><strong><mark style=\"background-color:rgba(0, 0, 0, 0);color:#016641\" class=\"has-inline-color\">Jurisprudencia CIVIL<\/mark><\/strong><\/p>\n\n\n\n<p><strong>Registro digital<\/strong>: &nbsp;2031879<\/p>\n\n\n\n<p>.<\/p>\n\n\n\n<p>Si estas en el <strong><mark style=\"background-color:rgba(0, 0, 0, 0)\" class=\"has-inline-color has-vivid-red-color\">Extranjero <\/mark><\/strong>nosotros somos tu <strong><mark style=\"background-color:rgba(0, 0, 0, 0)\" class=\"has-inline-color has-vivid-green-cyan-color\">mejor<\/mark><\/strong> alternativa para <strong><mark style=\"background-color:rgba(0, 0, 0, 0)\" class=\"has-inline-color has-luminous-vivid-orange-color\">velar<\/mark><\/strong> por tus <strong><mark style=\"background-color:rgba(0, 0, 0, 0)\" class=\"has-inline-color has-vivid-cyan-blue-color\">intereses<\/mark><\/strong>, escr\u00edbenos o ll\u00e1manos al Tel <strong>55581-11311<\/strong>.<\/p>\n\n\n\n<p>.<\/p>\n\n\n\n<p>Cuando<strong> necesites<\/strong> ayuda, <strong>asistencia<\/strong> o <strong>planeaci\u00f3n<\/strong> legal, <strong>solicita<\/strong> <strong>Cita Privada<\/strong> <a rel=\"noreferrer noopener\" href=\"mailto:bi@sm99.mx\" target=\"_blank\"><strong>Aqu\u00ed<\/strong><\/a><\/p>\n\n\n\n<p>La informaci\u00f3n que AQU\u00cd te presentamos <strong>deriva<\/strong> de los <strong>Peri\u00f3dicos Oficiales <\/strong>de la<strong> CdMx<\/strong>, <strong>Estado<\/strong> de Mex., Diario <strong>Oficial<\/strong> de la Federaci\u00f3n, Suprema Corte de<strong> Justicia<\/strong> de la Naci\u00f3n, por lo tanto es de <strong>aplicaci\u00f3n <\/strong><mark style=\"background-color:rgba(0, 0, 0, 0)\" class=\"has-inline-color has-vivid-red-color\"><strong>Obligatoria<\/strong>.<\/mark><\/p>\n\n\n\n<p id=\"block-d670f748-d45d-4f67-97f3-7b291563797e\">La <strong>informaci\u00f3n<\/strong> de hoy procede de la Suprema Corte de Justicia<\/p>\n\n\n\n<p id=\"block-6ff5b2c7-4ab6-440f-bcd1-435cf5a8fe8b\"><strong><mark style=\"background-color:rgba(0, 0, 0, 0)\" class=\"has-inline-color has-luminous-vivid-orange-color\">Ay\u00fadanos<\/mark><\/strong> para que m\u00e1s personas conozcan esta informaci\u00f3n,<strong> Comparte<\/strong> en tus redes sociales.<\/p>\n","protected":false},"excerpt":{"rendered":"<p>Views: 6 . Este ANTEDECENTE Surge luego de que, en la resoluci\u00f3n de un incidente derivado de la disoluci\u00f3n del v\u00ednculo matrimonial, se concluy\u00f3 que el inmueble donde viv\u00edan el hijo menor de edad y la madre NO formaba parte de la sociedad conyugal. Durante ese tr\u00e1mite, el padre contrajo matrimonio con otra mujer y [&hellip;]<\/p>\n","protected":false},"author":3,"featured_media":34176,"comment_status":"closed","ping_status":"open","sticky":false,"template":"","format":"standard","meta":{"_jetpack_memberships_contains_paid_content":false,"footnotes":""},"categories":[4],"tags":[],"jetpack_sharing_enabled":true,"jetpack_featured_media_url":"http:\/\/www.salgadonoticias.com\/wp-content\/uploads\/2026\/03\/20251001-Donacion_envida_habitatge-520x272-1.jpg","_links":{"self":[{"href":"http:\/\/www.salgadonoticias.com\/index.php?rest_route=\/wp\/v2\/posts\/34172"}],"collection":[{"href":"http:\/\/www.salgadonoticias.com\/index.php?rest_route=\/wp\/v2\/posts"}],"about":[{"href":"http:\/\/www.salgadonoticias.com\/index.php?rest_route=\/wp\/v2\/types\/post"}],"author":[{"embeddable":true,"href":"http:\/\/www.salgadonoticias.com\/index.php?rest_route=\/wp\/v2\/users\/3"}],"replies":[{"embeddable":true,"href":"http:\/\/www.salgadonoticias.com\/index.php?rest_route=%2Fwp%2Fv2%2Fcomments&post=34172"}],"version-history":[{"count":3,"href":"http:\/\/www.salgadonoticias.com\/index.php?rest_route=\/wp\/v2\/posts\/34172\/revisions"}],"predecessor-version":[{"id":34178,"href":"http:\/\/www.salgadonoticias.com\/index.php?rest_route=\/wp\/v2\/posts\/34172\/revisions\/34178"}],"wp:featuredmedia":[{"embeddable":true,"href":"http:\/\/www.salgadonoticias.com\/index.php?rest_route=\/wp\/v2\/media\/34176"}],"wp:attachment":[{"href":"http:\/\/www.salgadonoticias.com\/index.php?rest_route=%2Fwp%2Fv2%2Fmedia&parent=34172"}],"wp:term":[{"taxonomy":"category","embeddable":true,"href":"http:\/\/www.salgadonoticias.com\/index.php?rest_route=%2Fwp%2Fv2%2Fcategories&post=34172"},{"taxonomy":"post_tag","embeddable":true,"href":"http:\/\/www.salgadonoticias.com\/index.php?rest_route=%2Fwp%2Fv2%2Ftags&post=34172"}],"curies":[{"name":"wp","href":"https:\/\/api.w.org\/{rel}","templated":true}]}}