{"id":34213,"date":"2026-04-07T00:38:00","date_gmt":"2026-04-07T06:38:00","guid":{"rendered":"https:\/\/www.salgadonoticias.com\/?p=34213"},"modified":"2026-04-06T06:51:39","modified_gmt":"2026-04-06T12:51:39","slug":"cuando-se-reciben-dos-pensiones-del-imss-su-suma-no-puede-superar-el-100-del-ultimo-salario-en-activo","status":"publish","type":"post","link":"http:\/\/www.salgadonoticias.com\/?p=34213","title":{"rendered":"Cuando se reciben dos pensiones del IMSS, su suma NO puede superar el 100\u202f% del \u00faltimo salario en activo&#8230;.\u2026!!!"},"content":{"rendered":"<p>Views: 6<\/p>\n<p>,<\/p>\n\n\n\n<p>Este <strong><mark style=\"background-color:rgba(0, 0, 0, 0);color:#c9014c\" class=\"has-inline-color\">ANTEDECENTE<\/mark><\/strong><\/p>\n\n\n\n<p><mark style=\"background-color:rgba(0, 0, 0, 0);color:#7a0354\" class=\"has-inline-color\"><strong>Surge <\/strong><\/mark><mark style=\"background-color:rgba(0, 0, 0, 0)\" class=\"has-inline-color has-black-color\">despu\u00e9s de que, Personas <\/mark><mark style=\"background-color:rgba(0, 0, 0, 0);color:#7a0354\" class=\"has-inline-color\"><strong>pensionadas del IMSS<\/strong> <\/mark><mark style=\"background-color:rgba(0, 0, 0, 0)\" class=\"has-inline-color has-black-color\">DEMANDARON el <\/mark><mark style=\"background-color:rgba(0, 0, 0, 0);color:#7a0354\" class=\"has-inline-color\"><strong>reconocimiento de una pensi\u00f3n ADICIONAL por riesgo de trabajo<\/strong> conforme al <strong>R\u00e9gimen de Jubilaciones y Pensiones<\/strong>. <\/mark><mark style=\"background-color:rgba(0, 0, 0, 0)\" class=\"has-inline-color has-black-color\">La<\/mark><mark style=\"background-color:rgba(0, 0, 0, 0);color:#7a0354\" class=\"has-inline-color\"> <strong>Junta<\/strong> <\/mark><mark style=\"background-color:rgba(0, 0, 0, 0)\" class=\"has-inline-color has-black-color\"><em><u>resolvi\u00f3<\/u><\/em> que era<\/mark><mark style=\"background-color:rgba(0, 0, 0, 0);color:#7a0354\" class=\"has-inline-color\"> <strong>procedente otorgar y pagar<\/strong> <\/mark><mark style=\"background-color:rgba(0, 0, 0, 0)\" class=\"has-inline-color has-black-color\">dicha prestaci\u00f3n, aun cuando la suma de las pensiones <\/mark><mark style=\"background-color:rgba(0, 0, 0, 0);color:#7a0354\" class=\"has-inline-color\"><strong>superara el 100\u202f% del salario<\/strong> <\/mark><mark style=\"background-color:rgba(0, 0, 0, 0)\" class=\"has-inline-color has-black-color\">que percib\u00edan en activo. En <em><u>desacuerdo<\/u><\/em>, el <\/mark><mark style=\"background-color:rgba(0, 0, 0, 0);color:#7a0354\" class=\"has-inline-color\"><strong>IMSS promovi\u00f3 amparo directo<\/strong>.<\/mark><\/p>\n\n\n\n<p>.<\/p>\n\n\n\n<p>La <strong><mark style=\"background-color:rgba(0, 0, 0, 0);color:#0f0578\" class=\"has-inline-color\">Suprema Corte de Justicia<\/mark> <\/strong>a lo anterior<mark style=\"background-color:rgba(0, 0, 0, 0);color:#760303\" class=\"has-inline-color\"> <strong>DETERMIN\u00d3 <\/strong><\/mark>que, cuando una <mark style=\"background-color:#a8f171\" class=\"has-inline-color\"><strong>persona trabajadora<\/strong> RECIBE una <strong>pensi\u00f3n jubilatoria o de invalidez<\/strong> y, adem\u00e1s, tiene derecho a una <strong>pensi\u00f3n por riesgo de trabajo<\/strong>, ambas conforme al <strong>R\u00e9gimen de Jubilaciones y Pensiones del IMSS<\/strong>, la <strong>suma de las pensiones<\/strong> <strong>NO puede ni debe exceder el 100\u202f% del \u00faltimo salario<\/strong> percibido en <strong>activo<\/strong>.<\/mark><\/p>\n\n\n\n<p>.<\/p>\n\n\n\n<p>La <mark style=\"background-color:rgba(0, 0, 0, 0);color:#833b08\" class=\"has-inline-color\"><strong>justificaci\u00f3n<\/strong><\/mark><mark style=\"background-color:rgba(0, 0, 0, 0)\" class=\"has-inline-color has-black-color\"><strong> <\/strong>de la <\/mark><strong><mark style=\"background-color:rgba(0, 0, 0, 0);color:#170282\" class=\"has-inline-color\">SCJN<\/mark><\/strong><mark style=\"background-color:rgba(0, 0, 0, 0)\" class=\"has-inline-color has-black-color\"> es que, ante lo anterior, el<\/mark><mark style=\"background-color:rgba(0, 0, 0, 0);color:#833b08\" class=\"has-inline-color\"> <strong>Pleno Regional en Materias <\/strong><\/mark><mark style=\"background-color:rgba(0, 0, 0, 0)\" class=\"has-inline-color has-black-color\">Penal y<strong> <\/strong><\/mark><mark style=\"background-color:rgba(0, 0, 0, 0);color:#833b08\" class=\"has-inline-color\"><strong>de Trabajo<\/strong> <\/mark><mark style=\"background-color:rgba(0, 0, 0, 0)\" class=\"has-inline-color has-black-color\">ESTABLECI\u00d3 en la <\/mark><mark style=\"background-color:rgba(0, 0, 0, 0);color:#833b08\" class=\"has-inline-color\"><strong>jurisprudencia PR.P.T.CS. J\/64 (11a.)<\/strong> <\/mark><mark style=\"background-color:rgba(0, 0, 0, 0)\" class=\"has-inline-color has-black-color\">que el<\/mark><mark style=\"background-color:rgba(0, 0, 0, 0);color:#833b08\" class=\"has-inline-color\"> <strong>pago de dos o m\u00e1s pensiones del IMSS<\/strong> <strong>NO puede rebasar el 100\u202f% del salario<\/strong> <\/mark><mark style=\"background-color:rgba(0, 0, 0, 0)\" class=\"has-inline-color has-black-color\"><em><u>percibido<\/u><\/em> en<\/mark><mark style=\"background-color:rgba(0, 0, 0, 0);color:#833b08\" class=\"has-inline-color\"> <strong>activo<\/strong>, <\/mark><mark style=\"background-color:rgba(0, 0, 0, 0)\" class=\"has-inline-color has-black-color\">conforme a los<\/mark><mark style=\"background-color:rgba(0, 0, 0, 0);color:#833b08\" class=\"has-inline-color\"> <strong>art\u00edculos 4 y 5 del R\u00e9gimen de Jubilaciones y Pensiones<\/strong>. <\/mark><mark style=\"background-color:rgba(0, 0, 0, 0)\" class=\"has-inline-color has-black-color\"><em><u>Y determin\u00f3 que permitir<\/u><\/em> una<\/mark><mark style=\"background-color:rgba(0, 0, 0, 0);color:#833b08\" class=\"has-inline-color\"> <strong>pensi\u00f3n superior al salario previo<\/strong> <\/mark><mark style=\"background-color:rgba(0, 0, 0, 0)\" class=\"has-inline-color has-black-color\">contraviene los <\/mark><mark style=\"background-color:rgba(0, 0, 0, 0);color:#833b08\" class=\"has-inline-color\"><strong>principios de la seguridad social<\/strong> <\/mark><mark style=\"background-color:rgba(0, 0, 0, 0)\" class=\"has-inline-color has-black-color\">y pone en riesgo la <\/mark><mark style=\"background-color:rgba(0, 0, 0, 0);color:#833b08\" class=\"has-inline-color\"><strong>sostenibilidad del sistema pensionario<\/strong>, <\/mark><mark style=\"background-color:rgba(0, 0, 0, 0)\" class=\"has-inline-color has-black-color\">aun cuando<\/mark><mark style=\"background-color:rgba(0, 0, 0, 0);color:#833b08\" class=\"has-inline-color\"> <strong>no exista una disposici\u00f3n expresa<\/strong><\/mark> que lo proh\u00edba.<\/p>\n\n\n\n<p>Estas <strong><mark style=\"background-color:#9df3f3\" class=\"has-inline-color\">RESOLUCI\u00d3N<\/mark> <\/strong>es de <strong>aplicaci\u00f3n <mark style=\"background-color:rgba(0, 0, 0, 0);color:#7e0202\" class=\"has-inline-color\">OBLIGATORIA<\/mark><mark style=\"background-color:rgba(0, 0, 0, 0);color:#90030d\" class=\"has-inline-color\"> <\/mark><\/strong>en todo el pa\u00eds a partir de esta semana.<\/p>\n\n\n\n<p><strong><mark style=\"background-color:rgba(0, 0, 0, 0);color:#035382\" class=\"has-inline-color\">Jurisprudencia LABORAL-CONSTITUCIONAL<\/mark><\/strong><\/p>\n\n\n\n<p class=\"has-small-font-size\"><strong>Registro digital<\/strong>: &nbsp;2031970<\/p>\n","protected":false},"excerpt":{"rendered":"<p>Views: 6 , Este ANTEDECENTE Surge despu\u00e9s de que, Personas pensionadas del IMSS DEMANDARON el reconocimiento de una pensi\u00f3n ADICIONAL por riesgo de trabajo conforme al R\u00e9gimen de Jubilaciones y Pensiones. La Junta resolvi\u00f3 que era procedente otorgar y pagar dicha prestaci\u00f3n, aun cuando la suma de las pensiones superara el 100\u202f% del salario que [&hellip;]<\/p>\n","protected":false},"author":3,"featured_media":34217,"comment_status":"closed","ping_status":"open","sticky":false,"template":"","format":"standard","meta":{"_jetpack_memberships_contains_paid_content":false,"footnotes":""},"categories":[4],"tags":[],"jetpack_sharing_enabled":true,"jetpack_featured_media_url":"http:\/\/www.salgadonoticias.com\/wp-content\/uploads\/2026\/04\/prestamos-pensionados-imss-asi-puedes-solicitarlo.jpg","_links":{"self":[{"href":"http:\/\/www.salgadonoticias.com\/index.php?rest_route=\/wp\/v2\/posts\/34213"}],"collection":[{"href":"http:\/\/www.salgadonoticias.com\/index.php?rest_route=\/wp\/v2\/posts"}],"about":[{"href":"http:\/\/www.salgadonoticias.com\/index.php?rest_route=\/wp\/v2\/types\/post"}],"author":[{"embeddable":true,"href":"http:\/\/www.salgadonoticias.com\/index.php?rest_route=\/wp\/v2\/users\/3"}],"replies":[{"embeddable":true,"href":"http:\/\/www.salgadonoticias.com\/index.php?rest_route=%2Fwp%2Fv2%2Fcomments&post=34213"}],"version-history":[{"count":2,"href":"http:\/\/www.salgadonoticias.com\/index.php?rest_route=\/wp\/v2\/posts\/34213\/revisions"}],"predecessor-version":[{"id":34216,"href":"http:\/\/www.salgadonoticias.com\/index.php?rest_route=\/wp\/v2\/posts\/34213\/revisions\/34216"}],"wp:featuredmedia":[{"embeddable":true,"href":"http:\/\/www.salgadonoticias.com\/index.php?rest_route=\/wp\/v2\/media\/34217"}],"wp:attachment":[{"href":"http:\/\/www.salgadonoticias.com\/index.php?rest_route=%2Fwp%2Fv2%2Fmedia&parent=34213"}],"wp:term":[{"taxonomy":"category","embeddable":true,"href":"http:\/\/www.salgadonoticias.com\/index.php?rest_route=%2Fwp%2Fv2%2Fcategories&post=34213"},{"taxonomy":"post_tag","embeddable":true,"href":"http:\/\/www.salgadonoticias.com\/index.php?rest_route=%2Fwp%2Fv2%2Ftags&post=34213"}],"curies":[{"name":"wp","href":"https:\/\/api.w.org\/{rel}","templated":true}]}}