{"id":34219,"date":"2026-04-08T00:05:00","date_gmt":"2026-04-08T06:05:00","guid":{"rendered":"https:\/\/www.salgadonoticias.com\/?p=34219"},"modified":"2026-04-06T17:22:25","modified_gmt":"2026-04-06T23:22:25","slug":"incapacidad-temporal-por-adiccionesdebe-privilegiarse-la-rehabilitacion-y-suspenderse-la-relacion-laboral-no-rescindirse","status":"publish","type":"post","link":"http:\/\/www.salgadonoticias.com\/?p=34219","title":{"rendered":"Incapacidad temporal por Adicciones\u2026Debe privilegiarse la rehabilitaci\u00f3n y Suspenderse la relaci\u00f3n Laboral, NO Rescindirse&#8230;\u2026!!!"},"content":{"rendered":"<p>Views: 5<\/p>\n<p>.<\/p>\n\n\n\n<p>Este <strong>ANTEDECENTE<\/strong><\/p>\n\n\n\n<p><mark style=\"background-color:rgba(0, 0, 0, 0);color:#8b6703\" class=\"has-inline-color\"><strong>Surge<\/strong><\/mark><mark style=\"background-color:rgba(0, 0, 0, 0)\" class=\"has-inline-color has-black-color\"><strong> <\/strong>luego de que<strong>,<\/strong> en un <\/mark><mark style=\"background-color:rgba(0, 0, 0, 0);color:#8b6703\" class=\"has-inline-color\"><strong>juicio laboral<\/strong>, la <strong>parte trabajadora<\/strong> <\/mark><mark style=\"background-color:rgba(0, 0, 0, 0)\" class=\"has-inline-color has-black-color\">DEMAND\u00d3 al <\/mark><mark style=\"background-color:rgba(0, 0, 0, 0);color:#8b6703\" class=\"has-inline-color\"><strong>IMSS<\/strong> <\/mark><mark style=\"background-color:rgba(0, 0, 0, 0)\" class=\"has-inline-color has-black-color\">su<\/mark><mark style=\"background-color:rgba(0, 0, 0, 0);color:#8b6703\" class=\"has-inline-color\"> <strong>reinstalaci\u00f3n<\/strong>, alegando <strong>despido injustificado<\/strong><\/mark><mark style=\"background-color:rgba(0, 0, 0, 0)\" class=\"has-inline-color has-black-color\"> y diversas<\/mark><mark style=\"background-color:rgba(0, 0, 0, 0);color:#8b6703\" class=\"has-inline-color\"> <strong>prestaciones laborales<\/strong>. <\/mark><mark style=\"background-color:rgba(0, 0, 0, 0)\" class=\"has-inline-color has-black-color\">El <\/mark><mark style=\"background-color:rgba(0, 0, 0, 0);color:#8b6703\" class=\"has-inline-color\"><strong>IMSS<\/strong> <\/mark><mark style=\"background-color:rgba(0, 0, 0, 0)\" class=\"has-inline-color has-black-color\">NEG\u00d3 el despido y se\u00f1al\u00f3 que la<\/mark><mark style=\"background-color:rgba(0, 0, 0, 0);color:#8b6703\" class=\"has-inline-color\"> <strong>relaci\u00f3n laboral fue rescindida<\/strong> <\/mark><mark style=\"background-color:rgba(0, 0, 0, 0)\" class=\"has-inline-color has-black-color\">por incurrir la trabajadora en<\/mark><mark style=\"background-color:rgba(0, 0, 0, 0);color:#8b6703\" class=\"has-inline-color\"> <strong>m\u00e1s de tres faltas de asistencia en un mes<\/strong>, siguiendo el <strong>procedimiento de investigaci\u00f3n<\/strong> <\/mark><mark style=\"background-color:rgba(0, 0, 0, 0)\" class=\"has-inline-color has-black-color\">previsto en las<\/mark><mark style=\"background-color:rgba(0, 0, 0, 0);color:#8b6703\" class=\"has-inline-color\"> <strong>cl\u00e1usulas 55 y 55 Bis del contrato colectivo de trabajo<\/strong>, <\/mark><mark style=\"background-color:rgba(0, 0, 0, 0)\" class=\"has-inline-color has-black-color\">sin que se justificaran las inasistencias. El<\/mark><mark style=\"background-color:rgba(0, 0, 0, 0);color:#8b6703\" class=\"has-inline-color\"> <strong>Tribunal Laboral<\/strong><\/mark><mark style=\"background-color:rgba(0, 0, 0, 0)\" class=\"has-inline-color has-black-color\"> <em><u>resolvi\u00f3<\/u><\/em> <\/mark><mark style=\"background-color:rgba(0, 0, 0, 0);color:#8b6703\" class=\"has-inline-color\"><strong>absolver la reinstalaci\u00f3n<\/strong>,<\/mark><mark style=\"background-color:rgba(0, 0, 0, 0)\" class=\"has-inline-color has-black-color\"> al acreditarse el <\/mark><mark style=\"background-color:rgba(0, 0, 0, 0);color:#8b6703\" class=\"has-inline-color\"><strong>procedimiento<\/strong>, las <strong>inasistencias<\/strong><\/mark><mark style=\"background-color:rgba(0, 0, 0, 0)\" class=\"has-inline-color has-black-color\"> y la<\/mark><mark style=\"background-color:rgba(0, 0, 0, 0);color:#8b6703\" class=\"has-inline-color\"> <strong>falta de justificaci\u00f3n oportuna<\/strong><\/mark> por parte de la trabajadora.<\/p>\n\n\n\n<p>.<\/p>\n\n\n\n<p>La&nbsp;<strong><mark style=\"background-color:rgba(0, 0, 0, 0);color:#060876\" class=\"has-inline-color\">Suprema Corte de Justicia<\/mark><\/strong> a trav\u00e9s de su Tribunal Colegiado de Circuito <strong><mark style=\"background-color:rgba(0, 0, 0, 0);color:#820101\" class=\"has-inline-color\">DETERMIN\u00d3<\/mark> <\/strong>que, <mark style=\"background-color:#afe1cd\" class=\"has-inline-color\">cuando una <strong>persona Trabajadora<\/strong> se encuentra <strong>incapacitada temporalmente<\/strong> por su <strong>adicci\u00f3n a las drogas<\/strong>, el <strong>patr\u00f3n<\/strong> debe <strong>privilegiar su rehabilitaci\u00f3n<\/strong> antes de imponer <strong>sanciones laborales<\/strong>, por lo que <strong>NO debe rescindir la relaci\u00f3n de trabajo<\/strong>, <em><u>sino \u00fanicamente<\/u><\/em> <strong>suspenderla<\/strong>, en su caso.<\/mark><\/p>\n\n\n\n<p><strong>.<\/strong><\/p>\n\n\n\n<p>La<mark style=\"background-color:rgba(0, 0, 0, 0);color:#058c35\" class=\"has-inline-color\"> <strong>justificaci\u00f3<\/strong><\/mark><mark style=\"background-color:rgba(0, 0, 0, 0);color:#a5053b\" class=\"has-inline-color\"><strong>n<\/strong><\/mark><mark style=\"background-color:rgba(0, 0, 0, 0)\" class=\"has-inline-color has-black-color\"><strong> <\/strong>de la<\/mark><mark style=\"background-color:rgba(0, 0, 0, 0);color:#0709ac\" class=\"has-inline-color\"> <strong>SCJN<\/strong><\/mark><mark style=\"background-color:rgba(0, 0, 0, 0)\" class=\"has-inline-color has-black-color\"> es que, la<\/mark><mark style=\"background-color:rgba(0, 0, 0, 0);color:#048209\" class=\"has-inline-color\"> <strong>farmacodependencia es una enfermedad curable<\/strong><\/mark><mark style=\"background-color:rgba(0, 0, 0, 0);color:#a5053b\" class=\"has-inline-color\">, <\/mark><mark style=\"background-color:rgba(0, 0, 0, 0)\" class=\"has-inline-color has-black-color\">cuya <\/mark><mark style=\"background-color:rgba(0, 0, 0, 0);color:#038504\" class=\"has-inline-color\"><strong>incapacidad es temporal<\/strong> y <strong>no constituye riesgo de trabajo<\/strong>.<\/mark><mark style=\"background-color:rgba(0, 0, 0, 0)\" class=\"has-inline-color has-black-color\"> Y conforme al<\/mark><mark style=\"background-color:rgba(0, 0, 0, 0);color:#038504\" class=\"has-inline-color\"> <strong>art. 42, fracc. II, <\/strong><\/mark><mark style=\"background-color:rgba(0, 0, 0, 0)\" class=\"has-inline-color has-black-color\">de la<\/mark><mark style=\"background-color:rgba(0, 0, 0, 0);color:#038504\" class=\"has-inline-color\"><strong> Ley Federal del Trabajo<\/strong>, <\/mark><em><u><mark style=\"background-color:rgba(0, 0, 0, 0)\" class=\"has-inline-color has-black-color\">esta situaci\u00f3n da lugar a la<\/mark><\/u><\/em><mark style=\"background-color:rgba(0, 0, 0, 0);color:#038504\" class=\"has-inline-color\"> <strong>suspensi\u00f3n temporal de la relaci\u00f3n laboral<\/strong>, <strong>SIN RESPONSABILIDAD<\/strong> <\/mark><mark style=\"background-color:rgba(0, 0, 0, 0)\" class=\"has-inline-color has-black-color\">para el <\/mark><mark style=\"background-color:rgba(0, 0, 0, 0);color:#038504\" class=\"has-inline-color\"><strong>trabajador<\/strong> <\/mark><mark style=\"background-color:rgba(0, 0, 0, 0)\" class=\"has-inline-color has-black-color\">ni el<\/mark><mark style=\"background-color:rgba(0, 0, 0, 0);color:#038504\" class=\"has-inline-color\"> <strong>patr\u00f3n<\/strong>, <\/mark><mark style=\"background-color:rgba(0, 0, 0, 0)\" class=\"has-inline-color has-black-color\">por lo que<\/mark><mark style=\"background-color:rgba(0, 0, 0, 0);color:#038504\" class=\"has-inline-color\"> <strong>no procede la rescisi\u00f3n<\/strong>, <\/mark><mark style=\"background-color:rgba(0, 0, 0, 0)\" class=\"has-inline-color has-black-color\">solo la <\/mark><mark style=\"background-color:rgba(0, 0, 0, 0);color:#038504\" class=\"has-inline-color\"><strong>suspensi\u00f3n de obligaciones y salario<\/strong><\/mark> mientras dura la incapacidad.<\/p>\n\n\n\n<p>.<\/p>\n\n\n\n<p>Estas <strong><mark style=\"background-color:#edb791\" class=\"has-inline-color\">RESOLUCI\u00d3N<\/mark> <\/strong>est\u00e1 disponible para quien la <strong><mark style=\"background-color:rgba(0, 0, 0, 0);color:#920505\" class=\"has-inline-color\">CONOZCA y la HAGA VALER<\/mark> <\/strong>en todo el pa\u00eds a partir de esta semana.<\/p>\n\n\n\n<p><strong><mark style=\"background-color:rgba(0, 0, 0, 0)\" class=\"has-inline-color has-luminous-vivid-orange-color\">Tesis LABORAL<\/mark><\/strong><\/p>\n\n\n\n<p class=\"has-small-font-size\"><strong>Registro digital<\/strong>: &nbsp;2031965<\/p>\n\n\n\n<p>.<\/p>\n\n\n\n<p>Si estas en el <strong><mark style=\"background-color:rgba(0, 0, 0, 0)\" class=\"has-inline-color has-vivid-red-color\">Extranjero <\/mark><\/strong>nosotros somos tu <strong><mark style=\"background-color:rgba(0, 0, 0, 0)\" class=\"has-inline-color has-vivid-green-cyan-color\">mejor<\/mark><\/strong> alternativa para <strong><mark style=\"background-color:rgba(0, 0, 0, 0)\" class=\"has-inline-color has-luminous-vivid-orange-color\">velar<\/mark><\/strong> por tus <strong><mark style=\"background-color:rgba(0, 0, 0, 0)\" class=\"has-inline-color has-vivid-cyan-blue-color\">intereses<\/mark><\/strong>, escr\u00edbenos o ll\u00e1manos al Tel <strong>55581-11311<\/strong>.<\/p>\n\n\n\n<p>.<\/p>\n\n\n\n<p>Cuando<strong> necesites<\/strong> ayuda, <strong>asistencia<\/strong> o <strong>planeaci\u00f3n<\/strong> legal, <strong>solicita<\/strong> <strong>Cita Privada<\/strong> <a rel=\"noreferrer noopener\" href=\"mailto:bi@sm99.mx\" target=\"_blank\"><strong>Aqu\u00ed<\/strong><\/a><\/p>\n\n\n\n<p>La informaci\u00f3n que AQU\u00cd te presentamos <strong>deriva<\/strong> de los <strong>Peri\u00f3dicos Oficiales <\/strong>de la<strong> CdMx<\/strong>, <strong>Estado<\/strong> de Mex., Diario <strong>Oficial<\/strong> de la Federaci\u00f3n, Suprema Corte de<strong> Justicia<\/strong> de la Naci\u00f3n, por lo tanto es de <strong>aplicaci\u00f3n <\/strong><mark style=\"background-color:rgba(0, 0, 0, 0)\" class=\"has-inline-color has-vivid-red-color\"><strong>Obligatoria<\/strong>.<\/mark><\/p>\n\n\n\n<p id=\"block-d670f748-d45d-4f67-97f3-7b291563797e\">La <strong>informaci\u00f3n<\/strong> de hoy procede de la Suprema Corte de Justicia<\/p>\n\n\n\n<p id=\"block-6ff5b2c7-4ab6-440f-bcd1-435cf5a8fe8b\"><strong><mark style=\"background-color:rgba(0, 0, 0, 0)\" class=\"has-inline-color has-luminous-vivid-orange-color\">Ay\u00fadanos<\/mark><\/strong> para que m\u00e1s personas conozcan esta informaci\u00f3n,<strong> Comparte<\/strong> en tus redes sociales.<\/p>\n","protected":false},"excerpt":{"rendered":"<p>Views: 5 . Este ANTEDECENTE Surge luego de que, en un juicio laboral, la parte trabajadora DEMAND\u00d3 al IMSS su reinstalaci\u00f3n, alegando despido injustificado y diversas prestaciones laborales. El IMSS NEG\u00d3 el despido y se\u00f1al\u00f3 que la relaci\u00f3n laboral fue rescindida por incurrir la trabajadora en m\u00e1s de tres faltas de asistencia en un mes, [&hellip;]<\/p>\n","protected":false},"author":3,"featured_media":34225,"comment_status":"closed","ping_status":"open","sticky":false,"template":"","format":"standard","meta":{"_jetpack_memberships_contains_paid_content":false,"footnotes":""},"categories":[4],"tags":[],"jetpack_sharing_enabled":true,"jetpack_featured_media_url":"http:\/\/www.salgadonoticias.com\/wp-content\/uploads\/2026\/04\/5-min.jpg","_links":{"self":[{"href":"http:\/\/www.salgadonoticias.com\/index.php?rest_route=\/wp\/v2\/posts\/34219"}],"collection":[{"href":"http:\/\/www.salgadonoticias.com\/index.php?rest_route=\/wp\/v2\/posts"}],"about":[{"href":"http:\/\/www.salgadonoticias.com\/index.php?rest_route=\/wp\/v2\/types\/post"}],"author":[{"embeddable":true,"href":"http:\/\/www.salgadonoticias.com\/index.php?rest_route=\/wp\/v2\/users\/3"}],"replies":[{"embeddable":true,"href":"http:\/\/www.salgadonoticias.com\/index.php?rest_route=%2Fwp%2Fv2%2Fcomments&post=34219"}],"version-history":[{"count":3,"href":"http:\/\/www.salgadonoticias.com\/index.php?rest_route=\/wp\/v2\/posts\/34219\/revisions"}],"predecessor-version":[{"id":34224,"href":"http:\/\/www.salgadonoticias.com\/index.php?rest_route=\/wp\/v2\/posts\/34219\/revisions\/34224"}],"wp:featuredmedia":[{"embeddable":true,"href":"http:\/\/www.salgadonoticias.com\/index.php?rest_route=\/wp\/v2\/media\/34225"}],"wp:attachment":[{"href":"http:\/\/www.salgadonoticias.com\/index.php?rest_route=%2Fwp%2Fv2%2Fmedia&parent=34219"}],"wp:term":[{"taxonomy":"category","embeddable":true,"href":"http:\/\/www.salgadonoticias.com\/index.php?rest_route=%2Fwp%2Fv2%2Fcategories&post=34219"},{"taxonomy":"post_tag","embeddable":true,"href":"http:\/\/www.salgadonoticias.com\/index.php?rest_route=%2Fwp%2Fv2%2Ftags&post=34219"}],"curies":[{"name":"wp","href":"https:\/\/api.w.org\/{rel}","templated":true}]}}