{"id":34337,"date":"2026-04-29T00:35:00","date_gmt":"2026-04-29T06:35:00","guid":{"rendered":"https:\/\/www.salgadonoticias.com\/?p=34337"},"modified":"2026-04-28T21:19:56","modified_gmt":"2026-04-29T03:19:56","slug":"34337","status":"publish","type":"post","link":"http:\/\/www.salgadonoticias.com\/?p=34337","title":{"rendered":"Emplazamiento a juicio civil: Notificaci\u00f3n debe ser a persona que viva en el domicilio&#8230;!!!"},"content":{"rendered":"<p>Views: 0<\/p>\n<p>.<\/p>\n\n\n\n<p>Este <strong>ANTECEDENTE:<\/strong><\/p>\n\n\n\n<p>Surge luego de que, la parte<strong> <\/strong><mark style=\"background-color:rgba(0, 0, 0, 0);color:#036742\" class=\"has-inline-color\"><strong>demandada<\/strong> en un <strong>juicio extraordinario civil hipotecario<\/strong> <\/mark><mark style=\"background-color:rgba(0, 0, 0, 0)\" class=\"has-inline-color has-black-color\">PROMOVIO<\/mark><mark style=\"background-color:rgba(0, 0, 0, 0);color:#036742\" class=\"has-inline-color\"> <strong>amparo indirecto<\/strong> <\/mark><mark style=\"background-color:rgba(0, 0, 0, 0)\" class=\"has-inline-color has-black-color\">contra el<\/mark><mark style=\"background-color:rgba(0, 0, 0, 0);color:#036742\" class=\"has-inline-color\"> <strong>emplazamiento<\/strong><\/mark><mark style=\"background-color:rgba(0, 0, 0, 0)\" class=\"has-inline-color has-black-color\"> y las<\/mark><mark style=\"background-color:rgba(0, 0, 0, 0);color:#036742\" class=\"has-inline-color\"> <strong>actuaciones posteriores<\/strong>, <\/mark><mark style=\"background-color:rgba(0, 0, 0, 0)\" class=\"has-inline-color has-black-color\">al considerar que<\/mark><mark style=\"background-color:rgba(0, 0, 0, 0);color:#036742\" class=\"has-inline-color\"> <strong>NO se realizaron conforme a derecho<\/strong>. <\/mark><mark style=\"background-color:rgba(0, 0, 0, 0)\" class=\"has-inline-color has-black-color\">El <em>Juzgado de Distrito<\/em> NEG\u00d3 la <\/mark><mark style=\"background-color:rgba(0, 0, 0, 0);color:#036742\" class=\"has-inline-color\"><strong>protecci\u00f3n federal<\/strong> <\/mark><mark style=\"background-color:rgba(0, 0, 0, 0)\" class=\"has-inline-color has-black-color\">al estimar que la <\/mark><mark style=\"background-color:rgba(0, 0, 0, 0);color:#036742\" class=\"has-inline-color\"><strong>notificaci\u00f3n<\/strong> <\/mark><mark style=\"background-color:rgba(0, 0, 0, 0)\" class=\"has-inline-color has-black-color\"><em>fue legal,<\/em> por lo que el<\/mark><mark style=\"background-color:rgba(0, 0, 0, 0);color:#036742\" class=\"has-inline-color\"> <strong>quejoso<\/strong> <\/mark><mark style=\"background-color:rgba(0, 0, 0, 0)\" class=\"has-inline-color has-black-color\">interpuso<\/mark><mark style=\"background-color:rgba(0, 0, 0, 0);color:#036742\" class=\"has-inline-color\"> <strong>recurso de revisi\u00f3n<\/strong><\/mark>.<\/p>\n\n\n\n<p>.<\/p>\n\n\n\n<p>La <strong><mark style=\"background-color:rgba(0, 0, 0, 0);color:#19038e\" class=\"has-inline-color\">Suprema Corte de Justicia<\/mark> <\/strong>ante lo anterior<mark style=\"background-color:rgba(0, 0, 0, 0);color:#830101\" class=\"has-inline-color\"> <strong>DETERMINO<\/strong><\/mark><strong> <\/strong>que, cuando el <mark style=\"background-color:#f6cfb3\" class=\"has-inline-color\"><strong>emplazamiento<\/strong> <em>NO SE REALIZA<\/em> con un <strong>pariente o dom\u00e9stico<\/strong> del interesado, el <strong>actuario<\/strong> debe <strong>verificar<\/strong> que la persona que recibe la <strong>c\u00e9dula de notificaci\u00f3n HABITE y\/o viva en el domicilio<\/strong>, esto conforme al <strong>art. 112, tercer p\u00e1rrafo<\/strong>, en este caso del <strong>C\u00f3digo de Procedimientos Civiles del Edo de SLP<\/strong>.<\/mark><\/p>\n\n\n\n<p>.<\/p>\n\n\n\n<p>La justificaci\u00f3n de la <mark style=\"background-color:rgba(0, 0, 0, 0);color:#150180\" class=\"has-inline-color\"><strong>SCJN<\/strong> <\/mark>es que, la <mark style=\"background-color:rgba(0, 0, 0, 0);color:#ac4a04\" class=\"has-inline-color\"><strong>diligencia de emplazamiento<\/strong> <\/mark><mark style=\"background-color:rgba(0, 0, 0, 0)\" class=\"has-inline-color has-black-color\">es un <\/mark><mark style=\"background-color:rgba(0, 0, 0, 0);color:#ac4a04\" class=\"has-inline-color\"><strong>acto procesal<\/strong> <\/mark><mark style=\"background-color:rgba(0, 0, 0, 0)\" class=\"has-inline-color has-black-color\">que debe asegurar que el<\/mark><mark style=\"background-color:rgba(0, 0, 0, 0);color:#ac4a04\" class=\"has-inline-color\"> <strong>demandado<\/strong> <\/mark><mark style=\"background-color:rgba(0, 0, 0, 0)\" class=\"has-inline-color has-black-color\">tenga<\/mark><mark style=\"background-color:rgba(0, 0, 0, 0);color:#ac4a04\" class=\"has-inline-color\"> <strong>conocimiento pleno<\/strong> <\/mark><mark style=\"background-color:rgba(0, 0, 0, 0)\" class=\"has-inline-color has-black-color\">del juicio en su contra, con el fin de proteger su <\/mark><mark style=\"background-color:rgba(0, 0, 0, 0);color:#ac4a04\" class=\"has-inline-color\"><strong>derecho de audiencia<\/strong>, <\/mark><mark style=\"background-color:rgba(0, 0, 0, 0)\" class=\"has-inline-color has-black-color\">reconocido en el<\/mark><mark style=\"background-color:rgba(0, 0, 0, 0);color:#ac4a04\" class=\"has-inline-color\"> <strong>art. 14 de la Constituci\u00f3n<\/strong>. <\/mark><mark style=\"background-color:rgba(0, 0, 0, 0)\" class=\"has-inline-color has-black-color\">Cuando el<\/mark><mark style=\"background-color:rgba(0, 0, 0, 0);color:#ac4a04\" class=\"has-inline-color\"> <strong>actuario<\/strong> <\/mark><mark style=\"background-color:rgba(0, 0, 0, 0)\" class=\"has-inline-color has-black-color\">no localiza al interesado<\/mark><mark style=\"background-color:rgba(0, 0, 0, 0);color:#ac4a04\" class=\"has-inline-color\">, <\/mark><mark style=\"background-color:rgba(0, 0, 0, 0)\" class=\"has-inline-color has-black-color\">puede dejar el<\/mark><mark style=\"background-color:rgba(0, 0, 0, 0);color:#ac4a04\" class=\"has-inline-color\"> <strong>citatorio<\/strong> o la <strong>c\u00e9dula de notificaci\u00f3n<\/strong><\/mark><mark style=\"background-color:rgba(0, 0, 0, 0)\" class=\"has-inline-color has-black-color\"> con un <\/mark><mark style=\"background-color:rgba(0, 0, 0, 0);color:#ac4a04\" class=\"has-inline-color\"><strong>pariente<\/strong>, <strong>dom\u00e9stico<\/strong><\/mark><mark style=\"background-color:rgba(0, 0, 0, 0)\" class=\"has-inline-color has-black-color\"> o con<\/mark><mark style=\"background-color:rgba(0, 0, 0, 0);color:#ac4a04\" class=\"has-inline-color\"> <strong>cualquier otra persona que viva en la casa<\/strong>; <\/mark><mark style=\"background-color:rgba(0, 0, 0, 0)\" class=\"has-inline-color has-black-color\">sin embargo, en este \u00faltimo caso, debe<\/mark><mark style=\"background-color:rgba(0, 0, 0, 0);color:#ac4a04\" class=\"has-inline-color\"> <strong>verificar que efectivamente habite en el domicilio<\/strong>. <\/mark><mark style=\"background-color:rgba(0, 0, 0, 0)\" class=\"has-inline-color has-black-color\">Este requisito es una<\/mark><mark style=\"background-color:rgba(0, 0, 0, 0);color:#ac4a04\" class=\"has-inline-color\"> <strong>medida de protecci\u00f3n<\/strong>, <\/mark><mark style=\"background-color:rgba(0, 0, 0, 0)\" class=\"has-inline-color has-black-color\">ya que garantiza que la notificaci\u00f3n llegue oportunamente al demandado y evita colocarlo en<\/mark><mark style=\"background-color:rgba(0, 0, 0, 0);color:#ac4a04\" class=\"has-inline-color\"> <strong>estado de indefensi\u00f3n<\/strong><\/mark>.<\/p>\n\n\n\n<p>.<\/p>\n\n\n\n<p>Esta <strong><mark style=\"background-color:#88f0d7\" class=\"has-inline-color\">RESOLUCI\u00d3N<\/mark><\/strong> est\u00e1 disponible para quien la <strong><mark style=\"background-color:rgba(0, 0, 0, 0);color:#900303\" class=\"has-inline-color\">CONOZCA y la HAGA VALER<\/mark><\/strong> a partir de esta semana en todo el pa\u00eds.<\/p>\n\n\n\n<p><strong><mark style=\"background-color:rgba(0, 0, 0, 0);color:#0897ea\" class=\"has-inline-color\">Tesis CIVIL<\/mark><\/strong><\/p>\n\n\n\n<p class=\"has-small-font-size\">Registro digital:\u00a02032053<\/p>\n\n\n\n<p>.<\/p>\n\n\n\n<p>Si estas en el <strong><mark style=\"background-color:rgba(0, 0, 0, 0)\" class=\"has-inline-color has-vivid-red-color\">Extranjero <\/mark><\/strong>nosotros somos tu <strong><mark style=\"background-color:rgba(0, 0, 0, 0)\" class=\"has-inline-color has-vivid-green-cyan-color\">mejor<\/mark><\/strong> alternativa para <strong><mark style=\"background-color:rgba(0, 0, 0, 0)\" class=\"has-inline-color has-luminous-vivid-orange-color\">velar<\/mark><\/strong> por tus <strong><mark style=\"background-color:rgba(0, 0, 0, 0)\" class=\"has-inline-color has-vivid-cyan-blue-color\">intereses<\/mark><\/strong>, escr\u00edbenos o ll\u00e1manos al Tel <strong>55581-11311<\/strong>.<\/p>\n\n\n\n<p>.<\/p>\n\n\n\n<p>Cuando<strong> necesites<\/strong> ayuda, <strong>asistencia<\/strong> o <strong>planeaci\u00f3n<\/strong> legal, <strong>solicita<\/strong> <strong>Cita Privada<\/strong> <a rel=\"noreferrer noopener\" href=\"mailto:bi@sm99.mx\" target=\"_blank\"><strong>Aqu\u00ed<\/strong><\/a><\/p>\n\n\n\n<p>La informaci\u00f3n que AQU\u00cd te presentamos <strong>deriva<\/strong> de los <strong>Peri\u00f3dicos Oficiales <\/strong>de la<strong> CdMx<\/strong>, <strong>Estado<\/strong> de Mex., Diario <strong>Oficial<\/strong> de la Federaci\u00f3n, Suprema Corte de<strong> Justicia<\/strong> de la Naci\u00f3n, por lo tanto es de <strong>aplicaci\u00f3n <\/strong><mark style=\"background-color:rgba(0, 0, 0, 0)\" class=\"has-inline-color has-vivid-red-color\"><strong>Obligatoria<\/strong>.<\/mark><\/p>\n\n\n\n<p id=\"block-d670f748-d45d-4f67-97f3-7b291563797e\">La <strong>informaci\u00f3n<\/strong> de hoy procede de la Suprema Corte de Justicia<\/p>\n\n\n\n<p id=\"block-6ff5b2c7-4ab6-440f-bcd1-435cf5a8fe8b\"><strong><mark style=\"background-color:rgba(0, 0, 0, 0)\" class=\"has-inline-color has-luminous-vivid-orange-color\">Ay\u00fadanos<\/mark><\/strong> para que m\u00e1s personas conozcan esta informaci\u00f3n,<strong> Comparte<\/strong> en tus redes sociales.<\/p>\n","protected":false},"excerpt":{"rendered":"<p>Views: 0 . Este ANTECEDENTE: Surge luego de que, la parte demandada en un juicio extraordinario civil hipotecario PROMOVIO amparo indirecto contra el emplazamiento y las actuaciones posteriores, al considerar que NO se realizaron conforme a derecho. El Juzgado de Distrito NEG\u00d3 la protecci\u00f3n federal al estimar que la notificaci\u00f3n fue legal, por lo que [&hellip;]<\/p>\n","protected":false},"author":3,"featured_media":34344,"comment_status":"closed","ping_status":"open","sticky":false,"template":"","format":"standard","meta":{"_jetpack_memberships_contains_paid_content":false,"footnotes":""},"categories":[4],"tags":[],"jetpack_sharing_enabled":true,"jetpack_featured_media_url":"http:\/\/www.salgadonoticias.com\/wp-content\/uploads\/2026\/04\/ntrzacatecas-borrador-automatico-TRIBUNAL-1-2.jpeg","_links":{"self":[{"href":"http:\/\/www.salgadonoticias.com\/index.php?rest_route=\/wp\/v2\/posts\/34337"}],"collection":[{"href":"http:\/\/www.salgadonoticias.com\/index.php?rest_route=\/wp\/v2\/posts"}],"about":[{"href":"http:\/\/www.salgadonoticias.com\/index.php?rest_route=\/wp\/v2\/types\/post"}],"author":[{"embeddable":true,"href":"http:\/\/www.salgadonoticias.com\/index.php?rest_route=\/wp\/v2\/users\/3"}],"replies":[{"embeddable":true,"href":"http:\/\/www.salgadonoticias.com\/index.php?rest_route=%2Fwp%2Fv2%2Fcomments&post=34337"}],"version-history":[{"count":3,"href":"http:\/\/www.salgadonoticias.com\/index.php?rest_route=\/wp\/v2\/posts\/34337\/revisions"}],"predecessor-version":[{"id":34345,"href":"http:\/\/www.salgadonoticias.com\/index.php?rest_route=\/wp\/v2\/posts\/34337\/revisions\/34345"}],"wp:featuredmedia":[{"embeddable":true,"href":"http:\/\/www.salgadonoticias.com\/index.php?rest_route=\/wp\/v2\/media\/34344"}],"wp:attachment":[{"href":"http:\/\/www.salgadonoticias.com\/index.php?rest_route=%2Fwp%2Fv2%2Fmedia&parent=34337"}],"wp:term":[{"taxonomy":"category","embeddable":true,"href":"http:\/\/www.salgadonoticias.com\/index.php?rest_route=%2Fwp%2Fv2%2Fcategories&post=34337"},{"taxonomy":"post_tag","embeddable":true,"href":"http:\/\/www.salgadonoticias.com\/index.php?rest_route=%2Fwp%2Fv2%2Ftags&post=34337"}],"curies":[{"name":"wp","href":"https:\/\/api.w.org\/{rel}","templated":true}]}}