{"id":34346,"date":"2026-04-30T00:25:00","date_gmt":"2026-04-30T06:25:00","guid":{"rendered":"https:\/\/www.salgadonoticias.com\/?p=34346"},"modified":"2026-04-30T06:55:17","modified_gmt":"2026-04-30T12:55:17","slug":"competencia-en-el-amparo-indirecto-por-devolucion-de-vehiculo-y-cobro-de-grua-conocimiento-inicial-del-juzgado-penal-y-eventual-remision-al-administrativo","status":"publish","type":"post","link":"http:\/\/www.salgadonoticias.com\/?p=34346","title":{"rendered":"Competencia en el Amparo Indirecto por devoluci\u00f3n de veh\u00edculo y cobro de gr\u00faa: conocimiento inicial del Juzgado Penal y eventual remisi\u00f3n al Administrativo&#8230;!!!"},"content":{"rendered":"<p>Views: 0<\/p>\n<p>Este <mark style=\"background-color:rgba(0, 0, 0, 0);color:#883b04\" class=\"has-inline-color\"><strong>ANTECEDENTE:<\/strong> <\/mark><\/p>\n\n\n\n<p><mark style=\"background-color:rgba(0, 0, 0, 0)\" class=\"has-inline-color has-black-color\">Surge luego de que, una persona PROMOVI\u00d3 <\/mark><mark style=\"background-color:rgba(0, 0, 0, 0);color:#883b04\" class=\"has-inline-color\"><strong>amparo indirecto<\/strong> <\/mark><mark style=\"background-color:rgba(0, 0, 0, 0)\" class=\"has-inline-color has-black-color\">contra<\/mark><mark style=\"background-color:rgba(0, 0, 0, 0);color:#883b04\" class=\"has-inline-color\"> <strong>dos actos<\/strong>: <strong>(1<\/strong>) la <strong>forma en que el MP. orden\u00f3 la devoluci\u00f3n de su veh\u00edculo<\/strong>, <\/mark><mark style=\"background-color:rgba(0, 0, 0, 0)\" class=\"has-inline-color has-black-color\">recuperado tras un<\/mark><mark style=\"background-color:rgba(0, 0, 0, 0);color:#883b04\" class=\"has-inline-color\"> <strong>delito de robo<\/strong>, y <strong>(2) <\/strong>el <strong>cobro realizado por la concesionaria de gr\u00faas<\/strong> <\/mark><mark style=\"background-color:rgba(0, 0, 0, 0)\" class=\"has-inline-color has-black-color\">por servicios de<\/mark><mark style=\"background-color:rgba(0, 0, 0, 0);color:#883b04\" class=\"has-inline-color\"> <strong>abanderamiento, arrastre y corral\u00f3n<\/strong>,<\/mark><mark style=\"background-color:rgba(0, 0, 0, 0)\" class=\"has-inline-color has-black-color\"> entre otros. El asunto fue turnado a un<\/mark><mark style=\"background-color:rgba(0, 0, 0, 0);color:#883b04\" class=\"has-inline-color\"> <strong>Juzgado de Distrito semiespecializado en Materia Administrativa<\/strong>, <\/mark><mark style=\"background-color:rgba(0, 0, 0, 0)\" class=\"has-inline-color has-black-color\">el cual<\/mark><mark style=\"background-color:rgba(0, 0, 0, 0);color:#883b04\" class=\"has-inline-color\"> <strong>declin\u00f3 competencia<\/strong><\/mark><mark style=\"background-color:rgba(0, 0, 0, 0)\" class=\"has-inline-color has-black-color\"> al considerar que los actos derivan de una <\/mark><mark style=\"background-color:rgba(0, 0, 0, 0);color:#883b04\" class=\"has-inline-color\"><strong>carpeta de investigaci\u00f3n<\/strong>,<\/mark><mark style=\"background-color:rgba(0, 0, 0, 0)\" class=\"has-inline-color has-black-color\"> por lo que son de<\/mark><mark style=\"background-color:rgba(0, 0, 0, 0);color:#883b04\" class=\"has-inline-color\"> <strong>naturaleza penal<\/strong>. <\/mark><mark style=\"background-color:rgba(0, 0, 0, 0)\" class=\"has-inline-color has-black-color\">Posteriormente, el<\/mark><mark style=\"background-color:rgba(0, 0, 0, 0);color:#883b04\" class=\"has-inline-color\"> <strong>Juzgado de Distrito en Materia Penal NO acept\u00f3 la competencia<\/strong>, <\/mark><mark style=\"background-color:rgba(0, 0, 0, 0)\" class=\"has-inline-color has-black-color\">al estimar que <\/mark><mark style=\"background-color:rgba(0, 0, 0, 0);color:#883b04\" class=\"has-inline-color\"><strong>\u00fanicamente se reclam\u00f3 el cobro del servicio de gr\u00faa<\/strong>, <\/mark><mark style=\"background-color:rgba(0, 0, 0, 0)\" class=\"has-inline-color has-black-color\">lo que incide en la <\/mark><mark style=\"background-color:rgba(0, 0, 0, 0);color:#883b04\" class=\"has-inline-color\"><strong>materia administrativa<\/strong>.<\/mark><\/p>\n\n\n\n<p>.<\/p>\n\n\n\n<p>La <strong><mark style=\"background-color:rgba(0, 0, 0, 0);color:#19038e\" class=\"has-inline-color\">Suprema Corte de Justicia<\/mark> <\/strong>ante lo anterior<mark style=\"background-color:rgba(0, 0, 0, 0);color:#830101\" class=\"has-inline-color\"> <strong>DETERMINO<\/strong><\/mark><strong> <\/strong>que, cuando en un <mark style=\"background-color:#f2f66e\" class=\"has-inline-color has-black-color\"><strong>amparo indirecto <\/strong>se RECLAMAN <strong>actos de distinta naturaleza<\/strong> pero <strong>vinculados<\/strong> \u2014la <strong>orden del MP de devolver un veh\u00edculo<\/strong> dentro de una <strong>carpeta de investigaci\u00f3n<\/strong> (<strong>materia penal<\/strong>) y el <strong>cobro por servicios de gr\u00faas<\/strong> de una <strong> concesionaria<\/strong> (<strong>materia administrativa<\/strong>)\u2014, corresponde <strong>inicialmente<\/strong> al <strong>Juzgado de Distrito en Materia Penal<\/strong> conocer del asunto. si se resuelve de forma <strong>desfavorable a la persona quejosa<\/strong>, debe <strong>separar la demanda<\/strong> y <strong>remitirla<\/strong> al <strong>Juzgado de Distrito en Materia Administrativa o semiespecializado<\/strong> para que conozca del <strong>cobro de los servicios de gr\u00faa<\/strong>.<\/mark><\/p>\n\n\n\n<p>.<\/p>\n\n\n\n<p>La <mark style=\"background-color:rgba(0, 0, 0, 0);color:#850647\" class=\"has-inline-color\">justificaci\u00f3n<\/mark> de la <mark style=\"background-color:rgba(0, 0, 0, 0);color:#150180\" class=\"has-inline-color\"><strong>SCJN<\/strong> <\/mark>es que, el <mark style=\"background-color:rgba(0, 0, 0, 0);color:#770236\" class=\"has-inline-color\"><strong>acto del Ministerio P\u00fablico<\/strong>, <\/mark><mark style=\"background-color:rgba(0, 0, 0, 0)\" class=\"has-inline-color has-black-color\">dictado dentro de una<\/mark><mark style=\"background-color:rgba(0, 0, 0, 0);color:#770236\" class=\"has-inline-color\"> <strong>carpeta de investigaci\u00f3n<\/strong> <\/mark><mark style=\"background-color:rgba(0, 0, 0, 0)\" class=\"has-inline-color has-black-color\">conforme a los<\/mark><mark style=\"background-color:rgba(0, 0, 0, 0);color:#770236\" class=\"has-inline-color\"> <strong>art\u00edculos 21 y 102 constitucionales<\/strong><\/mark><mark style=\"background-color:rgba(0, 0, 0, 0)\" class=\"has-inline-color has-black-color\"> y el<\/mark><mark style=\"background-color:rgba(0, 0, 0, 0);color:#770236\" class=\"has-inline-color\"> <strong>art\u00edculo 246 del CNPP<\/strong>,<\/mark><mark style=\"background-color:rgba(0, 0, 0, 0)\" class=\"has-inline-color has-black-color\"> es de <\/mark><mark style=\"background-color:rgba(0, 0, 0, 0);color:#770236\" class=\"has-inline-color\"><strong>naturaleza penal<\/strong>, <\/mark><mark style=\"background-color:rgba(0, 0, 0, 0)\" class=\"has-inline-color has-black-color\">mientras que el<\/mark><mark style=\"background-color:rgba(0, 0, 0, 0);color:#770236\" class=\"has-inline-color\"> <strong>cobro por servicios de gr\u00faas<\/strong><\/mark><mark style=\"background-color:rgba(0, 0, 0, 0)\" class=\"has-inline-color has-black-color\"> es de <\/mark><mark style=\"background-color:rgba(0, 0, 0, 0);color:#770236\" class=\"has-inline-color\"><strong>naturaleza administrativa<\/strong>. <\/mark><mark style=\"background-color:rgba(0, 0, 0, 0)\" class=\"has-inline-color has-black-color\">Aunque ambos actos se impugnan por<\/mark><mark style=\"background-color:rgba(0, 0, 0, 0);color:#770236\" class=\"has-inline-color\"> <strong>vicios propios<\/strong>, <strong>no deben separarse desde la presentaci\u00f3n de la demanda<\/strong> para <strong>evitar sentencias contradictorias<\/strong>.<\/mark><mark style=\"background-color:rgba(0, 0, 0, 0)\" class=\"has-inline-color has-black-color\"> Por ello, debe conocerse<\/mark><mark style=\"background-color:rgba(0, 0, 0, 0);color:#770236\" class=\"has-inline-color\"> <strong>inicialmente<\/strong><\/mark><mark style=\"background-color:rgba(0, 0, 0, 0)\" class=\"has-inline-color has-black-color\"> por el <\/mark><mark style=\"background-color:rgba(0, 0, 0, 0);color:#770236\" class=\"has-inline-color\"><strong>Juzgado de Distrito en Materia Penal<\/strong>, <\/mark><mark style=\"background-color:rgba(0, 0, 0, 0)\" class=\"has-inline-color has-black-color\">ya que una eventual<\/mark><mark style=\"background-color:rgba(0, 0, 0, 0);color:#770236\" class=\"has-inline-color\"> <strong>concesi\u00f3n del amparo<\/strong><\/mark><mark style=\"background-color:rgba(0, 0, 0, 0)\" class=\"has-inline-color has-black-color\"> podr\u00eda<\/mark><mark style=\"background-color:rgba(0, 0, 0, 0);color:#770236\" class=\"has-inline-color\"> <strong>dejar sin efectos el cobro<\/strong>. <\/mark><mark style=\"background-color:rgba(0, 0, 0, 0)\" class=\"has-inline-color has-black-color\">Si el amparo <\/mark><mark style=\"background-color:rgba(0, 0, 0, 0);color:#770236\" class=\"has-inline-color\"><strong>se niega<\/strong> <\/mark><mark style=\"background-color:rgba(0, 0, 0, 0)\" class=\"has-inline-color has-black-color\">respecto del acto penal, procede <\/mark><mark style=\"background-color:rgba(0, 0, 0, 0);color:#770236\" class=\"has-inline-color\"><strong>separar la demanda<\/strong> <\/mark><mark style=\"background-color:rgba(0, 0, 0, 0)\" class=\"has-inline-color has-black-color\">y<\/mark><mark style=\"background-color:rgba(0, 0, 0, 0);color:#770236\" class=\"has-inline-color\"> <strong>remitirla<\/strong> <\/mark><mark style=\"background-color:rgba(0, 0, 0, 0)\" class=\"has-inline-color has-black-color\">al <\/mark><mark style=\"background-color:rgba(0, 0, 0, 0);color:#770236\" class=\"has-inline-color\"><strong>Juzgado de Distrito en Materia Administrativa o semiespecializado<\/strong>.<\/mark><\/p>\n\n\n\n<p>.<\/p>\n\n\n\n<p>Esta <strong><mark style=\"background-color:#dbbbf9\" class=\"has-inline-color\">RESOLUCI\u00d3N<\/mark><\/strong> est\u00e1 disponible para quien la <strong><mark style=\"background-color:rgba(0, 0, 0, 0);color:#900303\" class=\"has-inline-color\">CONOZCA y la HAGA VALER<\/mark><\/strong> a partir de esta semana en todo el pa\u00eds.<\/p>\n\n\n\n<p><strong><mark style=\"background-color:rgba(0, 0, 0, 0);color:#6a04ca\" class=\"has-inline-color\">Tesis COM\u00daN-ADMINISTRATIVA<\/mark><\/strong><\/p>\n\n\n\n<p class=\"has-small-font-size\">Registro digital:\u00a02032050<\/p>\n\n\n\n<p>.<\/p>\n\n\n\n<p>Si estas en el <strong><mark style=\"background-color:rgba(0, 0, 0, 0)\" class=\"has-inline-color has-vivid-red-color\">Extranjero <\/mark><\/strong>nosotros somos tu <strong><mark style=\"background-color:rgba(0, 0, 0, 0)\" class=\"has-inline-color has-vivid-green-cyan-color\">mejor<\/mark><\/strong> alternativa para <strong><mark style=\"background-color:rgba(0, 0, 0, 0)\" class=\"has-inline-color has-luminous-vivid-orange-color\">velar<\/mark><\/strong> por tus <strong><mark style=\"background-color:rgba(0, 0, 0, 0)\" class=\"has-inline-color has-vivid-cyan-blue-color\">intereses<\/mark><\/strong>, escr\u00edbenos o ll\u00e1manos al Tel <strong>55581-11311<\/strong>.<\/p>\n\n\n\n<p>.<\/p>\n\n\n\n<p>Cuando<strong> necesites<\/strong> ayuda, <strong>asistencia<\/strong> o <strong>planeaci\u00f3n<\/strong> legal, <strong>solicita<\/strong> <strong>Cita Privada<\/strong> <a rel=\"noreferrer noopener\" href=\"mailto:bi@sm99.mx\" target=\"_blank\"><strong>Aqu\u00ed<\/strong><\/a><\/p>\n\n\n\n<p>La informaci\u00f3n que AQU\u00cd te presentamos <strong>deriva<\/strong> de los <strong>Peri\u00f3dicos Oficiales <\/strong>de la<strong> CdMx<\/strong>, <strong>Estado<\/strong> de Mex., Diario <strong>Oficial<\/strong> de la Federaci\u00f3n, Suprema Corte de<strong> Justicia<\/strong> de la Naci\u00f3n, por lo tanto es de <strong>aplicaci\u00f3n <\/strong><mark style=\"background-color:rgba(0, 0, 0, 0)\" class=\"has-inline-color has-vivid-red-color\"><strong>Obligatoria<\/strong>.<\/mark><\/p>\n\n\n\n<p id=\"block-d670f748-d45d-4f67-97f3-7b291563797e\">La <strong>informaci\u00f3n<\/strong> de hoy procede de la Suprema Corte de Justicia<\/p>\n\n\n\n<p id=\"block-6ff5b2c7-4ab6-440f-bcd1-435cf5a8fe8b\"><strong><mark style=\"background-color:rgba(0, 0, 0, 0)\" class=\"has-inline-color has-luminous-vivid-orange-color\">Ay\u00fadanos<\/mark><\/strong> para que m\u00e1s personas conozcan esta informaci\u00f3n,<strong> Comparte<\/strong> en tus redes sociales.<\/p>\n","protected":false},"excerpt":{"rendered":"<p>Views: 0 Este ANTECEDENTE: Surge luego de que, una persona PROMOVI\u00d3 amparo indirecto contra dos actos: (1) la forma en que el MP. orden\u00f3 la devoluci\u00f3n de su veh\u00edculo, recuperado tras un delito de robo, y (2) el cobro realizado por la concesionaria de gr\u00faas por servicios de abanderamiento, arrastre y corral\u00f3n, entre otros. El [&hellip;]<\/p>\n","protected":false},"author":3,"featured_media":34348,"comment_status":"closed","ping_status":"open","sticky":false,"template":"","format":"standard","meta":{"_jetpack_memberships_contains_paid_content":false,"footnotes":""},"categories":[4],"tags":[],"jetpack_sharing_enabled":true,"jetpack_featured_media_url":"http:\/\/www.salgadonoticias.com\/wp-content\/uploads\/2026\/04\/Dia-del-Estatuto-Juridico.jpg","_links":{"self":[{"href":"http:\/\/www.salgadonoticias.com\/index.php?rest_route=\/wp\/v2\/posts\/34346"}],"collection":[{"href":"http:\/\/www.salgadonoticias.com\/index.php?rest_route=\/wp\/v2\/posts"}],"about":[{"href":"http:\/\/www.salgadonoticias.com\/index.php?rest_route=\/wp\/v2\/types\/post"}],"author":[{"embeddable":true,"href":"http:\/\/www.salgadonoticias.com\/index.php?rest_route=\/wp\/v2\/users\/3"}],"replies":[{"embeddable":true,"href":"http:\/\/www.salgadonoticias.com\/index.php?rest_route=%2Fwp%2Fv2%2Fcomments&post=34346"}],"version-history":[{"count":1,"href":"http:\/\/www.salgadonoticias.com\/index.php?rest_route=\/wp\/v2\/posts\/34346\/revisions"}],"predecessor-version":[{"id":34347,"href":"http:\/\/www.salgadonoticias.com\/index.php?rest_route=\/wp\/v2\/posts\/34346\/revisions\/34347"}],"wp:featuredmedia":[{"embeddable":true,"href":"http:\/\/www.salgadonoticias.com\/index.php?rest_route=\/wp\/v2\/media\/34348"}],"wp:attachment":[{"href":"http:\/\/www.salgadonoticias.com\/index.php?rest_route=%2Fwp%2Fv2%2Fmedia&parent=34346"}],"wp:term":[{"taxonomy":"category","embeddable":true,"href":"http:\/\/www.salgadonoticias.com\/index.php?rest_route=%2Fwp%2Fv2%2Fcategories&post=34346"},{"taxonomy":"post_tag","embeddable":true,"href":"http:\/\/www.salgadonoticias.com\/index.php?rest_route=%2Fwp%2Fv2%2Ftags&post=34346"}],"curies":[{"name":"wp","href":"https:\/\/api.w.org\/{rel}","templated":true}]}}