{"id":34349,"date":"2026-05-01T00:23:00","date_gmt":"2026-05-01T06:23:00","guid":{"rendered":"https:\/\/www.salgadonoticias.com\/?p=34349"},"modified":"2026-04-30T23:20:08","modified_gmt":"2026-05-01T05:20:08","slug":"34349","status":"publish","type":"post","link":"http:\/\/www.salgadonoticias.com\/?p=34349","title":{"rendered":"Obligaci\u00f3n patronal Pagar cuotas de seguridad social hasta la reinstalaci\u00f3n&#8230;!!!"},"content":{"rendered":"<p>Views: 0<\/p>\n<p>.<\/p>\n\n\n\n<p>Este <mark style=\"background-color:rgba(0, 0, 0, 0);color:#883b04\" class=\"has-inline-color\"><strong>ANTECEDENTE:<\/strong> <\/mark><\/p>\n\n\n\n<p><mark style=\"background-color:rgba(0, 0, 0, 0)\" class=\"has-inline-color has-black-color\">Surge luego de que, <\/mark>una persona <mark style=\"background-color:rgba(0, 0, 0, 0);color:#40037a\" class=\"has-inline-color\"><strong>demand\u00f3<\/strong> a un <strong>organismo p\u00fablico<\/strong><\/mark><mark style=\"background-color:rgba(0, 0, 0, 0)\" class=\"has-inline-color has-black-color\"> de Aguascalientes su<\/mark><mark style=\"background-color:rgba(0, 0, 0, 0);color:#40037a\" class=\"has-inline-color\"> <strong>reinstalaci\u00f3n<\/strong> <\/mark><mark style=\"background-color:rgba(0, 0, 0, 0)\" class=\"has-inline-color has-black-color\">por<\/mark><mark style=\"background-color:rgba(0, 0, 0, 0);color:#40037a\" class=\"has-inline-color\"> <strong>despido injustificado<\/strong>, <\/mark><mark style=\"background-color:rgba(0, 0, 0, 0)\" class=\"has-inline-color has-black-color\">as\u00ed como el <\/mark><mark style=\"background-color:rgba(0, 0, 0, 0);color:#40037a\" class=\"has-inline-color\"><strong>pago de cuotas de seguridad social<\/strong> <\/mark><mark style=\"background-color:rgba(0, 0, 0, 0)\" class=\"has-inline-color has-black-color\">desde el despido hasta la reinstalaci\u00f3n.<\/mark><mark style=\"background-color:rgba(0, 0, 0, 0);color:#40037a\" class=\"has-inline-color\"><br>El <strong>Tribunal Laboral Burocr\u00e1tico<\/strong><\/mark><mark style=\"background-color:rgba(0, 0, 0, 0)\" class=\"has-inline-color has-black-color\"> declar\u00f3<\/mark><mark style=\"background-color:rgba(0, 0, 0, 0);color:#40037a\" class=\"has-inline-color\"> <strong>procedente la acci\u00f3n<\/strong><\/mark><mark style=\"background-color:rgba(0, 0, 0, 0)\" class=\"has-inline-color has-black-color\"> y conden\u00f3 a la autoridad demandada<\/mark><mark style=\"background-color:rgba(0, 0, 0, 0);color:#40037a\" class=\"has-inline-color\">.<br><\/mark><mark style=\"background-color:rgba(0, 0, 0, 0)\" class=\"has-inline-color has-black-color\">Pero la <\/mark><mark style=\"background-color:rgba(0, 0, 0, 0);color:#40037a\" class=\"has-inline-color\"><strong>entidad p\u00fablica<\/strong><\/mark><mark style=\"background-color:rgba(0, 0, 0, 0)\" class=\"has-inline-color has-black-color\"> promovi\u00f3 <\/mark><mark style=\"background-color:rgba(0, 0, 0, 0);color:#40037a\" class=\"has-inline-color\"><strong>amparo directo<\/strong>,<\/mark><mark style=\"background-color:rgba(0, 0, 0, 0)\" class=\"has-inline-color has-black-color\"> argumentando que las<\/mark><mark style=\"background-color:rgba(0, 0, 0, 0);color:#40037a\" class=\"has-inline-color\"> <strong>aportaciones de seguridad social<\/strong><\/mark><mark style=\"background-color:rgba(0, 0, 0, 0)\" class=\"has-inline-color has-black-color\"> deben<\/mark><mark style=\"background-color:rgba(0, 0, 0, 0);color:#40037a\" class=\"has-inline-color\"> <strong>limitarse a seis meses<\/strong>, <\/mark>igual que los<mark style=\"background-color:rgba(0, 0, 0, 0);color:#40037a\" class=\"has-inline-color\"> <strong>salarios ca\u00eddos<\/strong>, <\/mark><mark style=\"background-color:rgba(0, 0, 0, 0)\" class=\"has-inline-color has-black-color\">conforme a<\/mark><mark style=\"background-color:rgba(0, 0, 0, 0);color:#40037a\" class=\"has-inline-color\">l <strong>art\u00edculo 28 Bis del Estatuto Jur\u00eddico<\/strong> aplicable.<\/mark><\/p>\n\n\n\n<p>.<\/p>\n\n\n\n<p>La <strong><mark style=\"background-color:rgba(0, 0, 0, 0);color:#19038e\" class=\"has-inline-color\">Suprema Corte de Justicia<\/mark> <\/strong>ante lo anterior<mark style=\"background-color:rgba(0, 0, 0, 0);color:#830101\" class=\"has-inline-color\"> <strong>DETERMINO<\/strong><\/mark><strong> <\/strong>que,<mark style=\"background-color:#6aeb8a\" class=\"has-inline-color\"> las <strong>cuotas de seguridad social<\/strong> deben pagarse <strong>desde el despido hasta la reinstalaci\u00f3n<\/strong>, sin aplicar la <strong>limitaci\u00f3n temporal<\/strong> prevista para los <strong>salarios ca\u00eddos<\/strong>.<\/mark><\/p>\n\n\n\n<p>.<\/p>\n\n\n\n<p>La <mark style=\"background-color:rgba(0, 0, 0, 0);color:#850647\" class=\"has-inline-color\">justificaci\u00f3n<\/mark> de la <mark style=\"background-color:rgba(0, 0, 0, 0);color:#150180\" class=\"has-inline-color\"><strong>SCJN<\/strong> <\/mark>es que, el <mark style=\"background-color:rgba(0, 0, 0, 0);color:#013c02\" class=\"has-inline-color\"><strong>derecho a la salud<\/strong> y a la <strong>seguridad social<\/strong>,<\/mark><mark style=\"background-color:rgba(0, 0, 0, 0)\" class=\"has-inline-color has-black-color\"> reconocido en el<\/mark><mark style=\"background-color:rgba(0, 0, 0, 0);color:#013c02\" class=\"has-inline-color\"> <strong>art\u00edculo 4\u00ba constitucional<\/strong>, <\/mark><mark style=\"background-color:rgba(0, 0, 0, 0)\" class=\"has-inline-color has-black-color\">implica que, si se acredita un<\/mark><mark style=\"background-color:rgba(0, 0, 0, 0);color:#013c02\" class=\"has-inline-color\"> <strong>despido injustificado<\/strong> <\/mark><mark style=\"background-color:rgba(0, 0, 0, 0)\" class=\"has-inline-color has-black-color\">y se ordena la<\/mark><mark style=\"background-color:rgba(0, 0, 0, 0);color:#013c02\" class=\"has-inline-color\"> <strong>reinstalaci\u00f3n<\/strong>, <\/mark><mark style=\"background-color:rgba(0, 0, 0, 0)\" class=\"has-inline-color has-black-color\">la persona trabajadora debe ser<\/mark><mark style=\"background-color:rgba(0, 0, 0, 0);color:#013c02\" class=\"has-inline-color\"> <strong>restituida en todos sus derechos<\/strong><\/mark><mark style=\"background-color:rgba(0, 0, 0, 0)\" class=\"has-inline-color has-black-color\"> como si la relaci\u00f3n laboral no se hubiera interrumpido. <\/mark><\/p>\n\n\n\n<p><mark style=\"background-color:rgba(0, 0, 0, 0)\" class=\"has-inline-color has-black-color\">Por ello, procede el <\/mark><mark style=\"background-color:rgba(0, 0, 0, 0);color:#013c02\" class=\"has-inline-color\"><strong>pago de aportaciones y cuotas de seguridad social desde el despido hasta la reinstalaci\u00f3n<\/strong>,<\/mark><mark style=\"background-color:rgba(0, 0, 0, 0)\" class=\"has-inline-color has-black-color\"> sin aplicar la<\/mark><mark style=\"background-color:rgba(0, 0, 0, 0);color:#013c02\" class=\"has-inline-color\"> <strong>limitaci\u00f3n de seis meses<\/strong> <\/mark><mark style=\"background-color:rgba(0, 0, 0, 0)\" class=\"has-inline-color has-black-color\">prevista para los<\/mark><mark style=\"background-color:rgba(0, 0, 0, 0);color:#013c02\" class=\"has-inline-color\"> <strong>salarios ca\u00eddos<\/strong>,<\/mark><mark style=\"background-color:rgba(0, 0, 0, 0)\" class=\"has-inline-color has-black-color\"> ya que las<\/mark><mark style=\"background-color:rgba(0, 0, 0, 0);color:#013c02\" class=\"has-inline-color\"> <strong>cuotas de seguridad social no integran salario<\/strong><\/mark><mark style=\"background-color:rgba(0, 0, 0, 0)\" class=\"has-inline-color has-black-color\"> y su omisi\u00f3n es imputable a la<\/mark><mark style=\"background-color:rgba(0, 0, 0, 0);color:#013c02\" class=\"has-inline-color\"> <strong>entidad patronal<\/strong>.<\/mark><\/p>\n\n\n\n<p>.<\/p>\n\n\n\n<p>Esta <strong><mark style=\"background-color:#dbbbf9\" class=\"has-inline-color\">RESOLUCI\u00d3N<\/mark><\/strong> est\u00e1 disponible para quien la <strong><mark style=\"background-color:rgba(0, 0, 0, 0);color:#900303\" class=\"has-inline-color\">CONOZCA y la HAGA VALER<\/mark><\/strong> a partir de esta semana en todo el pa\u00eds.<\/p>\n\n\n\n<p><strong><mark style=\"background-color:rgba(0, 0, 0, 0);color:#6a04ca\" class=\"has-inline-color\">Tesis LABORAL<\/mark><\/strong><\/p>\n\n\n\n<p class=\"has-small-font-size\">Registro digital:&nbsp;2032052<\/p>\n\n\n\n<p>.<\/p>\n\n\n\n<p>Si estas en el <strong><mark style=\"background-color:rgba(0, 0, 0, 0)\" class=\"has-inline-color has-vivid-red-color\">Extranjero <\/mark><\/strong>nosotros somos tu <strong><mark style=\"background-color:rgba(0, 0, 0, 0)\" class=\"has-inline-color has-vivid-green-cyan-color\">mejor<\/mark><\/strong> alternativa para <strong><mark style=\"background-color:rgba(0, 0, 0, 0)\" class=\"has-inline-color has-luminous-vivid-orange-color\">velar<\/mark><\/strong> por tus <strong><mark style=\"background-color:rgba(0, 0, 0, 0)\" class=\"has-inline-color has-vivid-cyan-blue-color\">intereses<\/mark><\/strong>, escr\u00edbenos o ll\u00e1manos al Tel <strong>55581-11311<\/strong>.<\/p>\n\n\n\n<p>.<\/p>\n\n\n\n<p>Cuando<strong> necesites<\/strong> ayuda, <strong>asistencia<\/strong> o <strong>planeaci\u00f3n<\/strong> legal, <strong>solicita<\/strong> <strong>Cita Privada<\/strong> <a rel=\"noreferrer noopener\" href=\"mailto:bi@sm99.mx\" target=\"_blank\"><strong>Aqu\u00ed<\/strong><\/a><\/p>\n\n\n\n<p>La informaci\u00f3n que AQU\u00cd te presentamos <strong>deriva<\/strong> de los <strong>Peri\u00f3dicos Oficiales <\/strong>de la<strong> CdMx<\/strong>, <strong>Estado<\/strong> de Mex., Diario <strong>Oficial<\/strong> de la Federaci\u00f3n, Suprema Corte de<strong> Justicia<\/strong> de la Naci\u00f3n, por lo tanto es de <strong>aplicaci\u00f3n <\/strong><mark style=\"background-color:rgba(0, 0, 0, 0)\" class=\"has-inline-color has-vivid-red-color\"><strong>Obligatoria<\/strong>.<\/mark><\/p>\n\n\n\n<p id=\"block-d670f748-d45d-4f67-97f3-7b291563797e\">La <strong>informaci\u00f3n<\/strong> de hoy procede de la Suprema Corte de Justicia<\/p>\n\n\n\n<p id=\"block-6ff5b2c7-4ab6-440f-bcd1-435cf5a8fe8b\"><strong><mark style=\"background-color:rgba(0, 0, 0, 0)\" class=\"has-inline-color has-luminous-vivid-orange-color\">Ay\u00fadanos<\/mark><\/strong> para que m\u00e1s personas conozcan esta informaci\u00f3n,<strong> Comparte<\/strong> en tus redes sociales.<\/p>\n","protected":false},"excerpt":{"rendered":"<p>Views: 0 . Este ANTECEDENTE: Surge luego de que, una persona demand\u00f3 a un organismo p\u00fablico de Aguascalientes su reinstalaci\u00f3n por despido injustificado, as\u00ed como el pago de cuotas de seguridad social desde el despido hasta la reinstalaci\u00f3n.El Tribunal Laboral Burocr\u00e1tico declar\u00f3 procedente la acci\u00f3n y conden\u00f3 a la autoridad demandada.Pero la entidad p\u00fablica promovi\u00f3 [&hellip;]<\/p>\n","protected":false},"author":3,"featured_media":34357,"comment_status":"closed","ping_status":"open","sticky":false,"template":"","format":"standard","meta":{"_jetpack_memberships_contains_paid_content":false,"footnotes":""},"categories":[4],"tags":[],"jetpack_sharing_enabled":true,"jetpack_featured_media_url":"http:\/\/www.salgadonoticias.com\/wp-content\/uploads\/2026\/05\/f850x638-1041574_1119063_5050.webp","_links":{"self":[{"href":"http:\/\/www.salgadonoticias.com\/index.php?rest_route=\/wp\/v2\/posts\/34349"}],"collection":[{"href":"http:\/\/www.salgadonoticias.com\/index.php?rest_route=\/wp\/v2\/posts"}],"about":[{"href":"http:\/\/www.salgadonoticias.com\/index.php?rest_route=\/wp\/v2\/types\/post"}],"author":[{"embeddable":true,"href":"http:\/\/www.salgadonoticias.com\/index.php?rest_route=\/wp\/v2\/users\/3"}],"replies":[{"embeddable":true,"href":"http:\/\/www.salgadonoticias.com\/index.php?rest_route=%2Fwp%2Fv2%2Fcomments&post=34349"}],"version-history":[{"count":5,"href":"http:\/\/www.salgadonoticias.com\/index.php?rest_route=\/wp\/v2\/posts\/34349\/revisions"}],"predecessor-version":[{"id":34358,"href":"http:\/\/www.salgadonoticias.com\/index.php?rest_route=\/wp\/v2\/posts\/34349\/revisions\/34358"}],"wp:featuredmedia":[{"embeddable":true,"href":"http:\/\/www.salgadonoticias.com\/index.php?rest_route=\/wp\/v2\/media\/34357"}],"wp:attachment":[{"href":"http:\/\/www.salgadonoticias.com\/index.php?rest_route=%2Fwp%2Fv2%2Fmedia&parent=34349"}],"wp:term":[{"taxonomy":"category","embeddable":true,"href":"http:\/\/www.salgadonoticias.com\/index.php?rest_route=%2Fwp%2Fv2%2Fcategories&post=34349"},{"taxonomy":"post_tag","embeddable":true,"href":"http:\/\/www.salgadonoticias.com\/index.php?rest_route=%2Fwp%2Fv2%2Ftags&post=34349"}],"curies":[{"name":"wp","href":"https:\/\/api.w.org\/{rel}","templated":true}]}}