{"id":595,"date":"2012-06-12T07:50:51","date_gmt":"2012-06-12T13:50:51","guid":{"rendered":"http:\/\/www.lasintesis.com\/?p=595"},"modified":"2012-06-12T07:53:01","modified_gmt":"2012-06-12T13:53:01","slug":"lo-posible-e-imposible-por-ley-de-lo-dicho-por-los-candidatos-en-el-2o-debate","status":"publish","type":"post","link":"http:\/\/www.salgadonoticias.com\/?p=595","title":{"rendered":"Lo POSIBLE e IMPOSIBLE por Ley, de lo dicho por los Candidatos en el 2o Debate &#8230;&#8230;&#8230;&#8230;&#8230;&#8230;."},"content":{"rendered":"<p>Views: 52<\/p><p><a href=\"http:\/\/www.lasintesis.com\/wp-content\/uploads\/2012\/06\/2o-debate.jpg\"><img loading=\"lazy\" decoding=\"async\" src=\"http:\/\/www.lasintesis.com\/wp-content\/uploads\/2012\/06\/2o-debate.jpg\" alt=\"\" title=\"2o debate\" width=\"216\" height=\"233\" class=\"alignleft size-full wp-image-596\" \/><\/a><\/p>\n<p>Causa mucho atractivo escuchar lo que NOS DICEN nos van a dar; pero de lo dicho por los Candidatos en el segundo Debate, QUE ES posible y que NO ES posible conforme a la Ley:<\/p>\n<blockquote><p><strong>Josefina y Pe\u00f1a <\/strong>Nieto dijeron: &#8220;Quitaremos legisladores al Congreso&#8221; que se queden solo por los que votan las personas, o a los Plurinominales; SIN EMBARGO esto solo se decide de acuerdo con modificaciones en la Constituci\u00f3n, lo que hace que esto lo decidan los propios Legisladores federales con las aprobaciones de los congresos locales, POR LO QUE LO QUE NOS PROMETIERON no depende de ellos, ellos solo pueden Pro-po-ner &#8230;&#8230;..<\/p><\/blockquote>\n<p>AMLO.- Hablo de una cede MOVIL para el Gobierno cuando esto tambi\u00e9n se encuentra establecido en la Constituci\u00f3n, &#8221; La sede del gobierno se encontrar\u00e1 en la Capital del Pa\u00eds&#8221; e el DF y para modificar esto se requeriria la aprobacion del Conreso y los congresos locales, por lo que en este caso SOLO ES UNA Propuesta que no est\u00e1 en sus facultades decidir&#8230;&#8230;&#8230;<\/p>\n<blockquote><p><strong>PE\u00d1A NIETO.- <\/strong>Hablo de crear: Una cOMISI\u00d3N nACIONAL aNTICORRUPCI\u00d3N y un sISTEMA nACIONAL de fISCALIZACI\u00d3N, lo que solo puede aplicarse a las autoridades ppertenecientes a instituciones federales, Y Estas <strong>NO podr\u00edan sancionar <\/strong>a los Gobiernos de los Estados y Municipios.<\/p><\/blockquote>\n<p><strong>Josefina.- <\/strong>Dijo: &#8220;Los migrantes tendr\u00e1n a los MEJORES ABOGADOS&#8221; que puedan tener, Lo que no dijo es que deben ser extranjeros por lo que mexicanos no pueden litigar en el extranjero y si son los m\u00e1s prestigiados seguramente sus honorarios ser\u00e1n caris\u00edmos, y en M\u00e9xico hay acusados que nisiquiera tienen a un Buen Defensor de Oficio, esto ser\u00eda una Total inequidad que pudiera ser Amparable ante nuestras propias autoridades.<\/p>\n<blockquote><p>Dentro de lo Posible, que SI ES COMPETENCIA DE ELLOS Los Tres principales candidatos Hablaron de la Pensi\u00f3n para Adultos mayores, Que bueno que AHORA YA TENEMOS EL PARAMETRO DE A PARTIR DE QUE EDAD NOS VOLVEMOS ADULTOS PARA CADA UNO DE ELLOS:<\/p>\n<p>PAN <strong>70 a\u00f1os<\/strong><br \/>\nPRI <strong>65 a\u00f1os<\/strong> y<br \/>\nPRD <strong>68 a\u00f1os<\/strong><\/p><\/blockquote>\n<p>Josefina.- Hablo de una IMPARTICI\u00d3N de JUSTICIA  H-o-n-e-s-t-a, Con mejores jUECES, pOLICIAS y mINISTERIOS pUBLICOS, Lo que nos nos dice es que la ciudadania sufre m\u00e1s los delitos en cada uno de sus estados y la designaci\u00f3n de estos &#8220;personajes&#8221; no coresponde al su ambito de competencia.<\/p>\n<blockquote><p>Adem\u00e1s la Propia Josefina hablo de una nueva LEY de Paternidad Responsable.- Lo que en la actualidad ya existe en todos los estados y en donde se comprueba que lo complicado no es lograr una sentencia a favor de los NI\u00d1OS, lo VERDADERAMENTE dif\u00edcil es hacer que los padres cumplan a\u00fan con sentencias en contra.<\/p><\/blockquote>\n<p><strong>AMLO.- <\/strong>hABLO DE &#8220;NO M\u00c1S SALARIOS POR ENCIMA DE $ 600,000.00 MENSUALES&#8221; Cuando estos salarios eran los que teni\u00e1n los ministros en el PODER Judicial, que tampoco es competenete a un presidente determinar.<\/p>\n<p>Lo que SI ES POSIBLE: Es primero propiciar el desarrollo de nuestros Exportadores que a\u00fa siendo el Pa\u00eds con m\u00e1s Tratados Internacionales estos no garanticen el \u00e9xito de su trabajo.<\/p>\n","protected":false},"excerpt":{"rendered":"<p>Views: 52 Causa mucho atractivo escuchar lo que NOS DICEN nos van a dar; pero de lo dicho por los Candidatos en el segundo Debate, QUE ES posible y que NO ES posible conforme a la Ley: Josefina y Pe\u00f1a Nieto dijeron: &#8220;Quitaremos legisladores al Congreso&#8221; que se queden solo por los que votan las [&hellip;]<\/p>\n","protected":false},"author":3,"featured_media":0,"comment_status":"closed","ping_status":"open","sticky":false,"template":"","format":"standard","meta":{"_jetpack_memberships_contains_paid_content":false,"footnotes":""},"categories":[4],"tags":[],"jetpack_sharing_enabled":true,"jetpack_featured_media_url":"","_links":{"self":[{"href":"http:\/\/www.salgadonoticias.com\/index.php?rest_route=\/wp\/v2\/posts\/595"}],"collection":[{"href":"http:\/\/www.salgadonoticias.com\/index.php?rest_route=\/wp\/v2\/posts"}],"about":[{"href":"http:\/\/www.salgadonoticias.com\/index.php?rest_route=\/wp\/v2\/types\/post"}],"author":[{"embeddable":true,"href":"http:\/\/www.salgadonoticias.com\/index.php?rest_route=\/wp\/v2\/users\/3"}],"replies":[{"embeddable":true,"href":"http:\/\/www.salgadonoticias.com\/index.php?rest_route=%2Fwp%2Fv2%2Fcomments&post=595"}],"version-history":[{"count":2,"href":"http:\/\/www.salgadonoticias.com\/index.php?rest_route=\/wp\/v2\/posts\/595\/revisions"}],"predecessor-version":[{"id":598,"href":"http:\/\/www.salgadonoticias.com\/index.php?rest_route=\/wp\/v2\/posts\/595\/revisions\/598"}],"wp:attachment":[{"href":"http:\/\/www.salgadonoticias.com\/index.php?rest_route=%2Fwp%2Fv2%2Fmedia&parent=595"}],"wp:term":[{"taxonomy":"category","embeddable":true,"href":"http:\/\/www.salgadonoticias.com\/index.php?rest_route=%2Fwp%2Fv2%2Fcategories&post=595"},{"taxonomy":"post_tag","embeddable":true,"href":"http:\/\/www.salgadonoticias.com\/index.php?rest_route=%2Fwp%2Fv2%2Ftags&post=595"}],"curies":[{"name":"wp","href":"https:\/\/api.w.org\/{rel}","templated":true}]}}