{"id":13285,"date":"2021-05-05T10:56:48","date_gmt":"2021-05-05T15:56:48","guid":{"rendered":"http:\/\/www.salgadonoticias.com\/?p=13285"},"modified":"2021-05-05T10:58:23","modified_gmt":"2021-05-05T15:58:23","slug":"duelo-de-3-dias-por-heridos-y-fallecidos-en-accidente-de-la-linea-12-del-metro","status":"publish","type":"post","link":"https:\/\/www.salgadonoticias.com\/?p=13285","title":{"rendered":"DUELO de 3 d\u00edas por HERIDOS y FALLECIDOS en Accidente de la l\u00ednea 12 del Metro&#8230;!!!"},"content":{"rendered":"<p>Views: 12<\/p>\n<p>.<\/p>\n\n\n\n<p>En la CdMx se<strong> <span class=\"has-inline-color has-vivid-red-color\">ORDENA<\/span><\/strong> que del <span style=\"color:#0002a3\" class=\"has-inline-color\"><strong>4 <\/strong>al<strong> 6 de mayo<\/strong><\/span> se ize la bandera a <strong>media<\/strong> asta acorde al <strong>Duelo Nacional<\/strong> por las <strong>Personas<\/strong> que resultaron <span class=\"has-inline-color has-vivid-red-color\"><strong>HERIDAS<\/strong> <\/span>y aquellas que<span class=\"has-inline-color has-vivid-red-color\"> <strong>PERDIERON <\/strong>la<strong> VIDA<\/strong><\/span><strong> <\/strong>debido al <strong>suceso<\/strong> acontecido el d\u00eda lunes<strong> 3 <\/strong>de<strong> mayo <\/strong>del<strong> 2021<\/strong> en la <strong>l\u00ednea 12 <\/strong>del<strong> Metro<\/strong>. (L\u00ednea Dorada) <\/p>\n\n\n\n<p>.<\/p>\n\n\n\n<p>Cuando<strong> necesites<\/strong> ayuda, <strong>asistencia<\/strong> o <strong>planeaci\u00f3n<\/strong> legal, <strong>solicita<\/strong> <strong>Cita Privada<\/strong> <a rel=\"noreferrer noopener\" href=\"mailto:bi@sm99.mx\" target=\"_blank\"><strong>Aqu\u00ed<\/strong><\/a><\/p>\n\n\n\n<p>.<\/p>\n\n\n\n<p>La informaci\u00f3n que AQU\u00cd te presentamos <strong>deriva<\/strong> de los <strong>Peri\u00f3dicos Oficiales <\/strong>de la<strong> CdMx<\/strong>, <strong>Estado<\/strong> de Mex., Diario <strong>Oficial<\/strong> de la Federaci\u00f3n, Suprema Corte de<strong> Justicia<\/strong> de la Naci\u00f3n, por lo tanto es de <strong>aplicaci\u00f3n OBLIGATORIA<\/strong><\/p>\n\n\n\n<p>La <strong>informaci\u00f3n<\/strong> de hoy <strong>procede <\/strong>del <strong>Diario Oficial<\/strong> y <strong>Gaceta CdMx<\/strong>.<\/p>\n\n\n\n<p><strong><span class=\"has-inline-color has-luminous-vivid-orange-color\">AY\u00daDANOS<\/span><\/strong> para que m\u00e1s personas conozcan esta informaci\u00f3n, <strong>Comp\u00e1rtelo<\/strong> en tus redes sociales. ?<\/p>\n","protected":false},"excerpt":{"rendered":"<p>Views: 12 . En la CdMx se ORDENA que del 4 al 6 de mayo se ize la bandera a media asta acorde al Duelo Nacional por las Personas que resultaron HERIDAS y aquellas que PERDIERON la VIDA debido al suceso acontecido el d\u00eda lunes 3 de mayo del 2021 en la l\u00ednea 12 del [&hellip;]<\/p>\n","protected":false},"author":3,"featured_media":13286,"comment_status":"closed","ping_status":"open","sticky":false,"template":"","format":"standard","meta":{"_jetpack_memberships_contains_paid_content":false,"footnotes":""},"categories":[7,4],"tags":[],"jetpack_sharing_enabled":true,"jetpack_featured_media_url":"https:\/\/www.salgadonoticias.com\/wp-content\/uploads\/2021\/05\/media-asta.jpg","_links":{"self":[{"href":"https:\/\/www.salgadonoticias.com\/index.php?rest_route=\/wp\/v2\/posts\/13285"}],"collection":[{"href":"https:\/\/www.salgadonoticias.com\/index.php?rest_route=\/wp\/v2\/posts"}],"about":[{"href":"https:\/\/www.salgadonoticias.com\/index.php?rest_route=\/wp\/v2\/types\/post"}],"author":[{"embeddable":true,"href":"https:\/\/www.salgadonoticias.com\/index.php?rest_route=\/wp\/v2\/users\/3"}],"replies":[{"embeddable":true,"href":"https:\/\/www.salgadonoticias.com\/index.php?rest_route=%2Fwp%2Fv2%2Fcomments&post=13285"}],"version-history":[{"count":3,"href":"https:\/\/www.salgadonoticias.com\/index.php?rest_route=\/wp\/v2\/posts\/13285\/revisions"}],"predecessor-version":[{"id":13289,"href":"https:\/\/www.salgadonoticias.com\/index.php?rest_route=\/wp\/v2\/posts\/13285\/revisions\/13289"}],"wp:featuredmedia":[{"embeddable":true,"href":"https:\/\/www.salgadonoticias.com\/index.php?rest_route=\/wp\/v2\/media\/13286"}],"wp:attachment":[{"href":"https:\/\/www.salgadonoticias.com\/index.php?rest_route=%2Fwp%2Fv2%2Fmedia&parent=13285"}],"wp:term":[{"taxonomy":"category","embeddable":true,"href":"https:\/\/www.salgadonoticias.com\/index.php?rest_route=%2Fwp%2Fv2%2Fcategories&post=13285"},{"taxonomy":"post_tag","embeddable":true,"href":"https:\/\/www.salgadonoticias.com\/index.php?rest_route=%2Fwp%2Fv2%2Ftags&post=13285"}],"curies":[{"name":"wp","href":"https:\/\/api.w.org\/{rel}","templated":true}]}}