{"id":13368,"date":"2021-05-19T01:08:00","date_gmt":"2021-05-19T06:08:00","guid":{"rendered":"http:\/\/www.salgadonoticias.com\/?p=13368"},"modified":"2021-05-19T11:05:03","modified_gmt":"2021-05-19T16:05:03","slug":"nuevo-requisito-para-juicios-de-divorcio-en-el-edomex","status":"publish","type":"post","link":"https:\/\/www.salgadonoticias.com\/?p=13368","title":{"rendered":"NUEVO Requisito&#8230;. para DIVORCIOS en EdoMex&#8230;!!!"},"content":{"rendered":"<p>Views: 20<\/p>\n<p>.<\/p>\n\n\n\n<p>Se realizaron reformas al <strong>C\u00f3digo de Procedimientos Civiles<\/strong> del Estado de M\u00e9xico, AHORA en<strong> JUICIOS<\/strong> de<strong> DIVORCIO<\/strong>, los <strong>Jueces<\/strong> de lo Familiar una vez recibida la demanda <span style=\"color:#a30005\" class=\"has-inline-color\"><strong>ORDENAR\u00c1N<\/strong> <\/span>a las<strong> partes en conflicto<\/strong> <strong><span class=\"has-inline-color has-vivid-red-color\">ACUDAN<\/span><\/strong> ante el <strong>Centro de Mediaci\u00f3n, Conciliaci\u00f3n <\/strong>y<strong> Justicia Restaurativa<\/strong> del lugar de su jurisdicci\u00f3n como un <strong>REQUISITO<\/strong> <strong><span class=\"has-inline-color has-vivid-red-color\">m\u00e1s<\/span><\/strong> que <strong>deber\u00e1n<\/strong> cumplir de manera <strong>obligatoria<\/strong>.<\/p>\n\n\n\n<p><strong>Este<\/strong> nuevo <strong>requisito<\/strong> <strong><span class=\"has-inline-color has-vivid-red-color\">NO<\/span><\/strong> ser\u00e1 <span class=\"has-inline-color has-vivid-red-color\"><strong>Obligatorio<\/strong> <\/span>en <strong>casos<\/strong> de <strong><span style=\"color:#6f0404\" class=\"has-inline-color\">violencia-familiar<\/span><\/strong> o cuando se violen disposiciones de orden p\u00fablico.<\/p>\n\n\n\n<p>Los <strong>interesados<\/strong> acudir\u00e1n <strong><span class=\"has-inline-color has-vivid-red-color\">primero<\/span><\/strong> a una Junta Informativa, donde un <strong>Mediador<\/strong>, les informar\u00e1:<\/p>\n\n\n\n<ul><li>En que <strong>consiste<\/strong> el servicio de mediaci\u00f3n y conciliaci\u00f3n<\/li><li>Sus <strong>derechos<\/strong><\/li><li>Les <strong>explicar\u00e1<\/strong> brevemente su problem\u00e1tica<\/li><li>La <strong>viabilidad<\/strong> de resolver su conflicto.<\/li><li>Las sesiones ser\u00e1n de manera <strong>grupal<\/strong> o <strong>personal<\/strong>.<\/li><li>De <strong><span style=\"color:#a30005\" class=\"has-inline-color\">NO<\/span> aceptar<\/strong> continuar con el <strong>servicio <\/strong>de <strong>mediaci\u00f3n, conciliaci\u00f3n<\/strong> o<strong> justicia restaurativa<\/strong>, se <strong>expedir\u00e1<\/strong> al o a los solicitantes la <strong>Constancia<\/strong> de <strong>Asistencia<\/strong>.<\/li><\/ul>\n\n\n\n<p>Cuando se acredite que <strong><span style=\"color:#a30003\" class=\"has-inline-color\">no se logr\u00f3 terminaci\u00f3n total del conflicto<\/span><\/strong> a trav\u00e9s de convenio, los <strong><span style=\"color:#1b06e5\" class=\"has-inline-color\">Jueces<\/span><\/strong>, en el auto que tenga por presentada dicha constancia<strong>, citar\u00e1n<\/strong> <strong>a audiencia inicial<\/strong>, la cual, <strong><span style=\"color:#0700a3\" class=\"has-inline-color\">se verificar\u00e1<\/span><\/strong> dentro de los <strong><span style=\"color:#a30009\" class=\"has-inline-color\">cinco <\/span><\/strong>d\u00edas siguientes.<\/p>\n\n\n\n<p>Dicen los Legisladores del Estado que con esta reforma se busca que los Facilitadores Familiares. <strong>FOMENTEN <\/strong>en las partes involucradas en el conflicto:<\/p>\n\n\n\n<ul><li><strong>Promover <\/strong>la comunicaci\u00f3n, entendimiento mutuo y empat\u00eda.<\/li><li><strong>Mejorar <\/strong>sus relaciones.<\/li><li>Minimizar, <strong>evitar<\/strong> o mejorar la participaci\u00f3n en el sistema judicial.<\/li><li><strong>Trabajar<\/strong> conjuntamente hacia el logro de un entendimiento mutuo para resolver su conflicto.<\/li><\/ul>\n\n\n\n<p>Este nuevo requisito <strong>entrar\u00e1<\/strong> en <strong>vigor<\/strong> en los <strong>siguientes<\/strong><span style=\"color:#a30003\" class=\"has-inline-color\"><strong> Plazos y Distritos <\/strong><\/span><strong><span style=\"color:#a30012\" class=\"has-inline-color\">Judiciales<\/span><\/strong> del <strong>Edo. de M\u00e9xico<\/strong>:<\/p>\n\n\n\n<p><strong><span class=\"has-inline-color has-vivid-red-color\">1 de Junio del 2021<\/span><\/strong><\/p>\n\n\n\n<ul><li><strong>Ecatepec <\/strong>de Morelos<\/li><li><strong>Toluca<\/strong>;<\/li><\/ul>\n\n\n\n<p>.<\/p>\n\n\n\n<p><strong><span style=\"color:#0700a3\" class=\"has-inline-color\">4 de octubre del 2021<\/span><\/strong><\/p>\n\n\n\n<ul><li><strong>Chalco,<\/strong><\/li><li><strong>Otumba<\/strong><\/li><li><strong>Tenango<\/strong> del Valle; <\/li><\/ul>\n\n\n\n<p>.<\/p>\n\n\n\n<p><strong><span style=\"color:#00a30a\" class=\"has-inline-color\">10 de enero del 2022<\/span><\/strong><\/p>\n\n\n\n<ul><li><strong>Cuautitl\u00e1n,<\/strong><\/li><li><strong>Lerma<\/strong><\/li><li><strong>Nezahualc\u00f3yotl<\/strong>,<\/li><\/ul>\n\n\n\n<p>.<\/p>\n\n\n\n<p><strong><span style=\"color:#3c00a3\" class=\"has-inline-color\">4 de abril del 2022<\/span><\/strong><\/p>\n\n\n\n<ul><li><strong>El Oro,<\/strong><\/li><li><strong>Ixtlahuaca<\/strong><\/li><li><strong>Jilotepec<\/strong><\/li><li><strong>Sultepec<\/strong><\/li><li><strong>Temascaltepec<\/strong><\/li><li><strong>Tenancingo<\/strong><\/li><li><strong>Texcoco<\/strong><\/li><li><strong>Tlalnepantla<\/strong><\/li><li><strong>Valle de Bravo<\/strong><\/li><li><strong>Zumpango<\/strong><\/li><\/ul>\n\n\n\n<p>.<\/p>\n\n\n\n<p>Los asuntos en <strong>tr\u00e1mite<\/strong> seguir\u00e1n se concluir\u00e1n conforme a las disposiciones procesales anteriores a la entrada en vigor de esta reforma<\/p>\n\n\n\n<p>.<\/p>\n\n\n\n<p>Cuando<strong> necesites<\/strong> ayuda, <strong>asistencia<\/strong> o <strong>planeaci\u00f3n<\/strong> legal, <strong>solicita<\/strong> <strong>Cita Privada<\/strong> <a rel=\"noreferrer noopener\" href=\"mailto:bi@sm99.mx\" target=\"_blank\"><strong>Aqu\u00ed<\/strong><\/a><\/p>\n\n\n\n<p>.<\/p>\n\n\n\n<p>La informaci\u00f3n que AQU\u00cd te presentamos <strong>deriva<\/strong> de los <strong>Peri\u00f3dicos Oficiales <\/strong>de la<strong> CdMx<\/strong>, <strong>Estado<\/strong> de Mex., Diario <strong>Oficial<\/strong> de la Federaci\u00f3n, Suprema Corte de<strong> Justicia<\/strong> de la Naci\u00f3n, por lo tanto es de <strong>aplicaci\u00f3n OBLIGATORIA<\/strong><\/p>\n\n\n\n<p>La <strong>informaci\u00f3n<\/strong> de hoy <strong>procede <\/strong>de la <strong>Gaceta del EdoMex.<\/strong><\/p>\n\n\n\n<p><strong><span class=\"has-inline-color has-luminous-vivid-orange-color\">AY\u00daDANOS<\/span><\/strong> para que m\u00e1s personas conozcan esta informaci\u00f3n, <strong>Comp\u00e1rtelo<\/strong> en tus redes sociales. ?<\/p>\n","protected":false},"excerpt":{"rendered":"<p>Views: 20 . Se realizaron reformas al C\u00f3digo de Procedimientos Civiles del Estado de M\u00e9xico, AHORA en JUICIOS de DIVORCIO, los Jueces de lo Familiar una vez recibida la demanda ORDENAR\u00c1N a las partes en conflicto ACUDAN ante el Centro de Mediaci\u00f3n, Conciliaci\u00f3n y Justicia Restaurativa del lugar de su jurisdicci\u00f3n como un REQUISITO m\u00e1s [&hellip;]<\/p>\n","protected":false},"author":3,"featured_media":13376,"comment_status":"closed","ping_status":"open","sticky":false,"template":"","format":"standard","meta":{"_jetpack_memberships_contains_paid_content":false,"footnotes":""},"categories":[8,15],"tags":[],"jetpack_sharing_enabled":true,"jetpack_featured_media_url":"https:\/\/www.salgadonoticias.com\/wp-content\/uploads\/2021\/05\/divorcio.jpg","_links":{"self":[{"href":"https:\/\/www.salgadonoticias.com\/index.php?rest_route=\/wp\/v2\/posts\/13368"}],"collection":[{"href":"https:\/\/www.salgadonoticias.com\/index.php?rest_route=\/wp\/v2\/posts"}],"about":[{"href":"https:\/\/www.salgadonoticias.com\/index.php?rest_route=\/wp\/v2\/types\/post"}],"author":[{"embeddable":true,"href":"https:\/\/www.salgadonoticias.com\/index.php?rest_route=\/wp\/v2\/users\/3"}],"replies":[{"embeddable":true,"href":"https:\/\/www.salgadonoticias.com\/index.php?rest_route=%2Fwp%2Fv2%2Fcomments&post=13368"}],"version-history":[{"count":5,"href":"https:\/\/www.salgadonoticias.com\/index.php?rest_route=\/wp\/v2\/posts\/13368\/revisions"}],"predecessor-version":[{"id":13378,"href":"https:\/\/www.salgadonoticias.com\/index.php?rest_route=\/wp\/v2\/posts\/13368\/revisions\/13378"}],"wp:featuredmedia":[{"embeddable":true,"href":"https:\/\/www.salgadonoticias.com\/index.php?rest_route=\/wp\/v2\/media\/13376"}],"wp:attachment":[{"href":"https:\/\/www.salgadonoticias.com\/index.php?rest_route=%2Fwp%2Fv2%2Fmedia&parent=13368"}],"wp:term":[{"taxonomy":"category","embeddable":true,"href":"https:\/\/www.salgadonoticias.com\/index.php?rest_route=%2Fwp%2Fv2%2Fcategories&post=13368"},{"taxonomy":"post_tag","embeddable":true,"href":"https:\/\/www.salgadonoticias.com\/index.php?rest_route=%2Fwp%2Fv2%2Ftags&post=13368"}],"curies":[{"name":"wp","href":"https:\/\/api.w.org\/{rel}","templated":true}]}}