{"id":15040,"date":"2021-11-24T02:49:00","date_gmt":"2021-11-24T08:49:00","guid":{"rendered":"http:\/\/www.salgadonoticias.com\/?p=15040"},"modified":"2021-11-24T10:16:43","modified_gmt":"2021-11-24T16:16:43","slug":"vacunacion-vs-covid-para-rezagados-continua","status":"publish","type":"post","link":"https:\/\/www.salgadonoticias.com\/?p=15040","title":{"rendered":"Vacunaci\u00f3n vs COVID para rezagados continua!!!"},"content":{"rendered":"<p>Views: 9<\/p>\n<p>.<\/p>\n\n\n\n<p>Aun cuando las autoridades de la <strong>CdMx<\/strong>, dieron por <strong><span class=\"has-inline-color has-black-color\">concluida<\/span><\/strong> la vacunaci\u00f3n contra COVID-19, esta <strong><span class=\"has-inline-color has-vivid-red-color\">continua.<\/span><\/strong><\/p>\n\n\n\n<p>.<\/p>\n\n\n\n<p>Por ello a partir de <strong><span style=\"color:#a3000f\" class=\"has-inline-color\">hoy mi\u00e9rcoles 24<\/span><span class=\"has-inline-color has-black-color\"> y<\/span><span style=\"color:#a3000f\" class=\"has-inline-color\"> hasta <\/span><span class=\"has-inline-color has-black-color\">el<\/span><span style=\"color:#a3000f\" class=\"has-inline-color\"> s\u00e1bado 27 <\/span><span class=\"has-inline-color has-black-color\">de<\/span><span style=\"color:#a3000f\" class=\"has-inline-color\"> noviembre <\/span><\/strong>se aplicar\u00e1 la vacuna a quienes no tengan la primera y segunda dosis contra el COVID-19<\/p>\n\n\n\n<p>La <strong>sede<\/strong> para recibirla es la <strong><span style=\"color:#a3001c\" class=\"has-inline-color\">Biblioteca Vasconcelos<\/span><\/strong>.<\/p>\n\n\n\n<p>.<\/p>\n\n\n\n<p><strong><span style=\"color:#000ba3\" class=\"has-inline-color\">Calendario:<\/span><\/strong><\/p>\n\n\n\n<p><strong>A, B, C, D, E, F<\/strong>&nbsp;\u2013 Mi\u00e9rcoles 24 de noviembre<\/p>\n\n\n\n<p><strong>G, H, I, J, K, L<\/strong>&nbsp;\u2013 Jueves 25 de noviembre<\/p>\n\n\n\n<p><strong>M, N, \u00d1, O, P, Q&nbsp;<\/strong>\u2013 Viernes 26 de noviembre<\/p>\n\n\n\n<p><strong>R, S, T, U, V, W, X, Y, Z-<\/strong>&nbsp;S\u00e1bado 27 de noviembre<\/p>\n\n\n\n<p>.<\/p>\n\n\n\n<p><strong><span class=\"has-inline-color has-vivid-red-color\">Requisitos:<\/span><\/strong><\/p>\n\n\n\n<ul><li>Llevar una\u00a0<strong>identificaci\u00f3n<\/strong>;<\/li><li><strong>Expediente<\/strong> de vacunaci\u00f3n que se descarga en\u00a0mivacuna.salud.gob.mx <\/li><li>En caso de ser <strong>segunda dosis<\/strong>, acudir con el\u00a0<strong>comprobante<\/strong>\u00a0de la <strong>primera<\/strong> dosis.<\/li><\/ul>\n\n\n\n<p>.<\/p>\n\n\n\n<p><\/p>\n\n\n\n<p>.<\/p>\n\n\n\n<p>Cuando<strong> necesites<\/strong> ayuda, <strong>asistencia<\/strong> o <strong>planeaci\u00f3n<\/strong> legal, <strong>solicita<\/strong> <strong>Cita Privada<\/strong> <a rel=\"noreferrer noopener\" href=\"mailto:bi@sm99.mx\" target=\"_blank\"><strong>Aqu\u00ed<\/strong><\/a><\/p>\n\n\n\n<p>La informaci\u00f3n que AQU\u00cd te presentamos <strong>deriva<\/strong> de los <strong>Peri\u00f3dicos Oficiales <\/strong>de la<strong> CdMx<\/strong>, <strong>Estado<\/strong> de Mex., Diario <strong>Oficial<\/strong> de la Federaci\u00f3n, Suprema Corte de<strong> Justicia<\/strong> de la Naci\u00f3n, por lo tanto es de <strong>aplicaci\u00f3n OBLIGATORIA<\/strong><\/p>\n\n\n\n<p>La <strong>informaci\u00f3n<\/strong> de hoy <strong>procede<\/strong> de la conferencia de la CdMx.<\/p>\n\n\n\n<p><strong><span class=\"has-inline-color has-luminous-vivid-orange-color\">AY\u00daDANOS<\/span><\/strong> para que m\u00e1s personas conozcan esta informaci\u00f3n, <strong>Comp\u00e1rtelo<\/strong> en tus redes sociales. ?<\/p>\n\n\n\n<p><\/p>\n\n\n\n<p> <\/p>\n\n\n\n<p><\/p>\n","protected":false},"excerpt":{"rendered":"<p>Views: 9 . Aun cuando las autoridades de la CdMx, dieron por concluida la vacunaci\u00f3n contra COVID-19, esta continua. . Por ello a partir de hoy mi\u00e9rcoles 24 y hasta el s\u00e1bado 27 de noviembre se aplicar\u00e1 la vacuna a quienes no tengan la primera y segunda dosis contra el COVID-19 La sede para recibirla [&hellip;]<\/p>\n","protected":false},"author":3,"featured_media":15041,"comment_status":"closed","ping_status":"open","sticky":false,"template":"","format":"standard","meta":{"_jetpack_memberships_contains_paid_content":false,"footnotes":""},"categories":[7],"tags":[],"jetpack_sharing_enabled":true,"jetpack_featured_media_url":"https:\/\/www.salgadonoticias.com\/wp-content\/uploads\/2021\/11\/vacuna.jpg","_links":{"self":[{"href":"https:\/\/www.salgadonoticias.com\/index.php?rest_route=\/wp\/v2\/posts\/15040"}],"collection":[{"href":"https:\/\/www.salgadonoticias.com\/index.php?rest_route=\/wp\/v2\/posts"}],"about":[{"href":"https:\/\/www.salgadonoticias.com\/index.php?rest_route=\/wp\/v2\/types\/post"}],"author":[{"embeddable":true,"href":"https:\/\/www.salgadonoticias.com\/index.php?rest_route=\/wp\/v2\/users\/3"}],"replies":[{"embeddable":true,"href":"https:\/\/www.salgadonoticias.com\/index.php?rest_route=%2Fwp%2Fv2%2Fcomments&post=15040"}],"version-history":[{"count":3,"href":"https:\/\/www.salgadonoticias.com\/index.php?rest_route=\/wp\/v2\/posts\/15040\/revisions"}],"predecessor-version":[{"id":15045,"href":"https:\/\/www.salgadonoticias.com\/index.php?rest_route=\/wp\/v2\/posts\/15040\/revisions\/15045"}],"wp:featuredmedia":[{"embeddable":true,"href":"https:\/\/www.salgadonoticias.com\/index.php?rest_route=\/wp\/v2\/media\/15041"}],"wp:attachment":[{"href":"https:\/\/www.salgadonoticias.com\/index.php?rest_route=%2Fwp%2Fv2%2Fmedia&parent=15040"}],"wp:term":[{"taxonomy":"category","embeddable":true,"href":"https:\/\/www.salgadonoticias.com\/index.php?rest_route=%2Fwp%2Fv2%2Fcategories&post=15040"},{"taxonomy":"post_tag","embeddable":true,"href":"https:\/\/www.salgadonoticias.com\/index.php?rest_route=%2Fwp%2Fv2%2Ftags&post=15040"}],"curies":[{"name":"wp","href":"https:\/\/api.w.org\/{rel}","templated":true}]}}