{"id":15944,"date":"2022-02-08T15:14:31","date_gmt":"2022-02-08T21:14:31","guid":{"rendered":"https:\/\/www.salgadonoticias.com\/?p=15944"},"modified":"2022-02-08T15:21:10","modified_gmt":"2022-02-08T21:21:10","slug":"%f0%9f%94%b4-mano-dura-o-debilidad-del-estado","status":"publish","type":"post","link":"https:\/\/www.salgadonoticias.com\/?p=15944","title":{"rendered":"? \u00bfMano dura o debilidad del estado?"},"content":{"rendered":"<p>Views: 13<\/p>\n<p id=\"block-4b163a94-016e-418c-b83d-d7a8984f9c83\"><br><\/p>\n\n\n\n<figure class=\"wp-block-embed is-type-video is-provider-youtube wp-block-embed-youtube wp-embed-aspect-16-9 wp-has-aspect-ratio\"><div class=\"wp-block-embed__wrapper\">\n<iframe loading=\"lazy\" title=\"? Aplicar la ley con firmeza no es represi\u00f3n\" width=\"640\" height=\"360\" src=\"https:\/\/www.youtube.com\/embed\/LWxF9U2YPkE?feature=oembed\" frameborder=\"0\" allow=\"accelerometer; autoplay; clipboard-write; encrypted-media; gyroscope; picture-in-picture; web-share\" referrerpolicy=\"strict-origin-when-cross-origin\" allowfullscreen><\/iframe>\n<\/div><\/figure>\n\n\n\n<p id=\"block-4b163a94-016e-418c-b83d-d7a8984f9c83\"><strong>Ve <\/strong>y<strong> Escucha<\/strong> lo que comentamos a este respecto durante la entrevista realizada a <strong>Francisco Salgado<\/strong> socio fundador de <strong>Bufete Interdisciplinario<\/strong>, <strong>Specific News<\/strong> y otros.<\/p>\n\n\n\n<p id=\"block-bbd8dea3-d78c-4674-92fa-445900c42d51\">Si tienes <strong>alguna duda<\/strong> <strong>NO DUDES<\/strong> en <strong>CONTACTARNOS<\/strong>, <strong>daremos<\/strong> <strong>respuesta<\/strong> <strong>puntual<\/strong> a tus Inquietudes.<\/p>\n\n\n\n<p id=\"block-3983da30-9ff1-4663-ad79-fb213b41e223\"><strong>AY\u00daDANOS<\/strong> para que m\u00e1s personas conozcan esta informaci\u00f3n, <strong>Comp\u00e1rtelo<\/strong> en tus redes sociales<\/p>\n","protected":false},"excerpt":{"rendered":"<p>Views: 13 Ve y Escucha lo que comentamos a este respecto durante la entrevista realizada a Francisco Salgado socio fundador de Bufete Interdisciplinario, Specific News y otros. Si tienes alguna duda NO DUDES en CONTACTARNOS, daremos respuesta puntual a tus Inquietudes. AY\u00daDANOS para que m\u00e1s personas conozcan esta informaci\u00f3n, Comp\u00e1rtelo en tus redes sociales<\/p>\n","protected":false},"author":3,"featured_media":15946,"comment_status":"closed","ping_status":"open","sticky":false,"template":"","format":"standard","meta":{"_jetpack_memberships_contains_paid_content":false,"footnotes":""},"categories":[20],"tags":[],"jetpack_sharing_enabled":true,"jetpack_featured_media_url":"https:\/\/www.salgadonoticias.com\/wp-content\/uploads\/2022\/02\/P1.png","_links":{"self":[{"href":"https:\/\/www.salgadonoticias.com\/index.php?rest_route=\/wp\/v2\/posts\/15944"}],"collection":[{"href":"https:\/\/www.salgadonoticias.com\/index.php?rest_route=\/wp\/v2\/posts"}],"about":[{"href":"https:\/\/www.salgadonoticias.com\/index.php?rest_route=\/wp\/v2\/types\/post"}],"author":[{"embeddable":true,"href":"https:\/\/www.salgadonoticias.com\/index.php?rest_route=\/wp\/v2\/users\/3"}],"replies":[{"embeddable":true,"href":"https:\/\/www.salgadonoticias.com\/index.php?rest_route=%2Fwp%2Fv2%2Fcomments&post=15944"}],"version-history":[{"count":1,"href":"https:\/\/www.salgadonoticias.com\/index.php?rest_route=\/wp\/v2\/posts\/15944\/revisions"}],"predecessor-version":[{"id":15945,"href":"https:\/\/www.salgadonoticias.com\/index.php?rest_route=\/wp\/v2\/posts\/15944\/revisions\/15945"}],"wp:featuredmedia":[{"embeddable":true,"href":"https:\/\/www.salgadonoticias.com\/index.php?rest_route=\/wp\/v2\/media\/15946"}],"wp:attachment":[{"href":"https:\/\/www.salgadonoticias.com\/index.php?rest_route=%2Fwp%2Fv2%2Fmedia&parent=15944"}],"wp:term":[{"taxonomy":"category","embeddable":true,"href":"https:\/\/www.salgadonoticias.com\/index.php?rest_route=%2Fwp%2Fv2%2Fcategories&post=15944"},{"taxonomy":"post_tag","embeddable":true,"href":"https:\/\/www.salgadonoticias.com\/index.php?rest_route=%2Fwp%2Fv2%2Ftags&post=15944"}],"curies":[{"name":"wp","href":"https:\/\/api.w.org\/{rel}","templated":true}]}}