{"id":16383,"date":"2022-03-11T01:30:00","date_gmt":"2022-03-11T07:30:00","guid":{"rendered":"http:\/\/www.salgadonoticias.com\/?p=16383"},"modified":"2022-03-11T11:03:37","modified_gmt":"2022-03-11T17:03:37","slug":"juzgado-civil-en-linea-del-edomexamplia-su-competencia","status":"publish","type":"post","link":"https:\/\/www.salgadonoticias.com\/?p=16383","title":{"rendered":"M\u00e1s Juicios en L\u00ednea &#8230;. EdoMex \u2026 \u00a1\u00a1\u00a1\u00a1\u00a1"},"content":{"rendered":"<p>Views: 65<\/p>\n<p><\/p>\n\n\n\n<p>A partir del pr\u00f3ximo <strong><span class=\"has-inline-color has-black-color\">lunes<\/span><\/strong><span style=\"color:#9e0613\" class=\"has-inline-color\"> <strong>14 de marzo<\/strong><\/span>, el <span style=\"color:#0a638a\" class=\"has-inline-color\"><strong><em>Juzgado Civil en L\u00ednea<\/em><\/strong><\/span>, <strong><span style=\"color:#a30012\" class=\"has-inline-color\">AMPLIA<\/span><\/strong> su <span style=\"color:#055c81\" class=\"has-inline-color\"><strong>competencia<\/strong><\/span> para conocer de los <strong>procedimientos<\/strong> y <strong>procesos<\/strong> siguientes:<\/p>\n\n\n\n<p>.<\/p>\n\n\n\n<ul><li><strong>Medio <span class=\"has-inline-color has-vivid-red-color\">Preparatorio<\/span><\/strong> a<strong> <span class=\"has-inline-color has-luminous-vivid-orange-color\">juicio para el examen de testigos<\/span><\/strong>, previsto en el art. 2.38 fracc. VIII del C.P.C. en vigor.<\/li><li><strong>Medios Preparatorios<\/strong> para la <strong><span class=\"has-inline-color has-vivid-red-color\">exhibici\u00f3n<\/span><\/strong><span style=\"color:#087cae\" class=\"has-inline-color\"> de <strong>t\u00edtulos<\/strong>, <strong>documentos<\/strong> o <strong>cuentas<\/strong><\/span>, previstos en el art. 2.38 fracc. VI y VII del C.P.C.<\/li><li>Del <strong>juicio<\/strong> donde se ejercite la <strong><span style=\"color:#60a300\" class=\"has-inline-color\">acci\u00f3n <\/span><span class=\"has-inline-color has-vivid-red-color\">Pro-forma<\/span><\/strong>.<\/li><li>Del <strong>juicio<\/strong> donde se ejercite la<span style=\"color:#a3004b\" class=\"has-inline-color\"> <strong>acci\u00f3n de Terminaci\u00f3n de Copropiedad<\/strong><\/span>.<\/li><li>De la <strong><span style=\"color:#00a356\" class=\"has-inline-color\">Consignaci\u00f3n de dinero<\/span><\/strong>.<\/li><li><strong><span class=\"has-inline-color has-vivid-red-color\">Providencia <\/span><span style=\"color:#7600a3\" class=\"has-inline-color\">precautoria de arraigo<\/span><\/strong> de persona en materia <strong>civil<\/strong>, <strong><span class=\"has-inline-color has-vivid-red-color\">antes<\/span><\/strong> de la presentaci\u00f3n de la demanda.<\/li><li><strong>Radicaci\u00f3n de personas<\/strong> en <strong><span style=\"color:#a35d00\" class=\"has-inline-color\">materia <\/span><span class=\"has-inline-color has-vivid-red-color\">mercantil<\/span><\/strong>, antes de la presentaci\u00f3n de la demanda.<\/li><\/ul>\n\n\n\n<p>.<\/p>\n\n\n\n<p>Dice la Autoridad que esta <strong><span class=\"has-inline-color has-vivid-red-color\">Ampliaci\u00f3n<\/span><\/strong> es debido a que despu\u00e9s del an\u00e1lisis de <strong>informaci\u00f3n estad\u00edstica<\/strong> de este Juzgado, se advierte que la <strong>carga<\/strong> de <strong>trabajo<\/strong> <strong>es <span class=\"has-inline-color has-vivid-red-color\">m\u00ednima<\/span><\/strong>, y que incluso disminuyo durante el 2021 en su demanda de asuntos iniciales, por ello el <strong><span style=\"color:#4100a3\" class=\"has-inline-color\">PJEDOMEX <\/span><span class=\"has-inline-color has-luminous-vivid-orange-color\">amplia su Competencia<\/span><\/strong> con el fin de <strong>eficientizar<\/strong> los <strong>recursos humanos<\/strong> y <strong>tecnol\u00f3gicos <\/strong>en beneficio de los usuarios que buscan justicia.<\/p>\n\n\n\n<p>.<\/p>\n\n\n\n<p>.<\/p>\n\n\n\n<p>Si estas en el <strong><span class=\"has-inline-color has-vivid-red-color\">Extranjero <\/span><\/strong>nosotros somos tu <strong><span class=\"has-inline-color has-vivid-green-cyan-color\">mejor<\/span><\/strong> alternativa para <strong><span class=\"has-inline-color has-luminous-vivid-orange-color\">velar<\/span><\/strong> por tus <strong><span class=\"has-inline-color has-vivid-cyan-blue-color\">intereses<\/span><\/strong>.<\/p>\n\n\n\n<p>.<\/p>\n\n\n\n<p><\/p>\n\n\n\n<p>Cuando<strong> necesites<\/strong> ayuda, <strong>asistencia<\/strong> o <strong>planeaci\u00f3n<\/strong> legal, <strong>solicita<\/strong> <strong>Cita Privada<\/strong> <a rel=\"noreferrer noopener\" href=\"mailto:bi@sm99.mx\" target=\"_blank\"><strong>Aqu\u00ed<\/strong><\/a><\/p>\n\n\n\n<p>La informaci\u00f3n que AQU\u00cd te presentamos <strong>deriva<\/strong> de los <strong>Peri\u00f3dicos Oficiales <\/strong>de la<strong> CdMx<\/strong>, <strong>Estado<\/strong> de Mex., Diario <strong>Oficial<\/strong> de la Federaci\u00f3n, Suprema Corte de<strong> Justicia<\/strong> de la Naci\u00f3n, por lo tanto es de <strong>aplicaci\u00f3n OBLIGATORIA<\/strong><\/p>\n\n\n\n<p>Esta informaci\u00f3n procede del Poder Judicial del Edo.Mex.<\/p>\n\n\n\n<p><strong><span class=\"has-inline-color has-luminous-vivid-orange-color\">AY\u00daDANOS<\/span><\/strong> para que m\u00e1s personas conozcan esta informaci\u00f3n, <strong>Comp\u00e1rtelo<\/strong> en tus redes sociales. ?<\/p>\n\n\n\n<p><\/p>\n","protected":false},"excerpt":{"rendered":"<p>Views: 65 A partir del pr\u00f3ximo lunes 14 de marzo, el Juzgado Civil en L\u00ednea, AMPLIA su competencia para conocer de los procedimientos y procesos siguientes: . Medio Preparatorio a juicio para el examen de testigos, previsto en el art. 2.38 fracc. VIII del C.P.C. en vigor. Medios Preparatorios para la exhibici\u00f3n de t\u00edtulos, documentos [&hellip;]<\/p>\n","protected":false},"author":3,"featured_media":16386,"comment_status":"closed","ping_status":"open","sticky":false,"template":"","format":"standard","meta":{"_jetpack_memberships_contains_paid_content":false,"footnotes":""},"categories":[8,22],"tags":[],"jetpack_sharing_enabled":true,"jetpack_featured_media_url":"https:\/\/www.salgadonoticias.com\/wp-content\/uploads\/2022\/03\/juzgado-civil.jpg","_links":{"self":[{"href":"https:\/\/www.salgadonoticias.com\/index.php?rest_route=\/wp\/v2\/posts\/16383"}],"collection":[{"href":"https:\/\/www.salgadonoticias.com\/index.php?rest_route=\/wp\/v2\/posts"}],"about":[{"href":"https:\/\/www.salgadonoticias.com\/index.php?rest_route=\/wp\/v2\/types\/post"}],"author":[{"embeddable":true,"href":"https:\/\/www.salgadonoticias.com\/index.php?rest_route=\/wp\/v2\/users\/3"}],"replies":[{"embeddable":true,"href":"https:\/\/www.salgadonoticias.com\/index.php?rest_route=%2Fwp%2Fv2%2Fcomments&post=16383"}],"version-history":[{"count":6,"href":"https:\/\/www.salgadonoticias.com\/index.php?rest_route=\/wp\/v2\/posts\/16383\/revisions"}],"predecessor-version":[{"id":16401,"href":"https:\/\/www.salgadonoticias.com\/index.php?rest_route=\/wp\/v2\/posts\/16383\/revisions\/16401"}],"wp:featuredmedia":[{"embeddable":true,"href":"https:\/\/www.salgadonoticias.com\/index.php?rest_route=\/wp\/v2\/media\/16386"}],"wp:attachment":[{"href":"https:\/\/www.salgadonoticias.com\/index.php?rest_route=%2Fwp%2Fv2%2Fmedia&parent=16383"}],"wp:term":[{"taxonomy":"category","embeddable":true,"href":"https:\/\/www.salgadonoticias.com\/index.php?rest_route=%2Fwp%2Fv2%2Fcategories&post=16383"},{"taxonomy":"post_tag","embeddable":true,"href":"https:\/\/www.salgadonoticias.com\/index.php?rest_route=%2Fwp%2Fv2%2Ftags&post=16383"}],"curies":[{"name":"wp","href":"https:\/\/api.w.org\/{rel}","templated":true}]}}