{"id":16536,"date":"2022-03-24T10:30:00","date_gmt":"2022-03-24T16:30:00","guid":{"rendered":"http:\/\/www.salgadonoticias.com\/?p=16536"},"modified":"2022-03-24T10:29:11","modified_gmt":"2022-03-24T16:29:11","slug":"16536","status":"publish","type":"post","link":"https:\/\/www.salgadonoticias.com\/?p=16536","title":{"rendered":"M\u00e1s Cuidado para las Abejas en Edomex &#8230;!!!"},"content":{"rendered":"<p>Views: 25<\/p>\n<p>.<\/p>\n\n\n\n<p>Se reforma al <strong>C\u00f3digo<\/strong> para la <strong>Biodiversidad<\/strong> y la <strong><span class=\"has-inline-color has-vivid-red-color\">Ley<\/span><\/strong> de <strong>Apicultura<\/strong> del <strong>Edo Mexico<\/strong>, se se\u00f1ala que, a partir del <strong>27<\/strong> de <strong><span class=\"has-inline-color has-vivid-red-color\">agosto<\/span><\/strong> dentro de 180 d\u00edas, la utilizaci\u00f3n de productos agroecol\u00f3gicos, fitosanitarios ecol\u00f3gicos y org\u00e1nicos, plaguicidas, fertilizantes y sustancias t\u00f3xicas <strong>deber\u00e1n ser compatibles<\/strong> con el <strong>equilibrio<\/strong> de los <strong>ecosistemas<\/strong>, y considerar los efectos sobre la salud humana con un enfoque preventivo.<\/p>\n\n\n\n<p>.<\/p>\n\n\n\n<p>Adem\u00e1s, en esta modificaci\u00f3n tambi\u00e9n se precisa que los <strong>agricultores, ganaderos, due\u00f1os <\/strong>o<strong> responsables<\/strong> de una propiedad que tengan la necesidad de aplicar <strong>plaguicidas, sustancias <\/strong>o<strong> materiales t\u00f3xicos <\/strong>o<strong> peligrosos<\/strong>, est\u00e1n <strong>obligados <\/strong>a avisar a los apicultores y a la asociaci\u00f3n de apicultores, instalados en un radio de acci\u00f3n de 5 kil\u00f3metros en un plazo <strong>NO <\/strong>mayor a <strong>72 horas.<\/strong><\/p>\n\n\n\n<p><strong>.<\/strong><\/p>\n\n\n\n<p>En la nueva disposici\u00f3n se precisa que las personas <strong>productoras agropecuarias <span class=\"has-inline-color has-vivid-red-color\">y <\/span>autoridades competentes<\/strong> deber\u00e1n <strong><span class=\"has-inline-color has-vivid-red-color\">desincentivar el uso de sustancias y materiales t\u00f3xicos<\/span><\/strong> para sustituirlos por alternativas sostenibles que permitan mantener las poblaciones de polinizadores<\/p>\n\n\n\n<p>.<\/p>\n\n\n\n<p>Todo esto &#8220;dice&#8221; la anterior que es con la <strong>finalidad <\/strong>de <strong>fomentar<\/strong> una <strong>actividad <span class=\"has-inline-color has-vivid-red-color\">ap\u00edcola<\/span> sostenible<\/strong>, mediante el consumo de productos ecol\u00f3gicos, debido a que los <strong>plaguicidas<\/strong> han <strong>afectado<\/strong> a las <strong>abejas<\/strong> y otros polinizadores.<\/p>\n\n\n\n<p>.<\/p>\n\n\n\n<p>.<\/p>\n\n\n\n<p><\/p>\n\n\n\n<p><\/p>\n\n\n\n<p>Si estas en el <strong><span class=\"has-inline-color has-vivid-red-color\">Extranjero <\/span><\/strong>nosotros somos tu <strong><span class=\"has-inline-color has-vivid-green-cyan-color\">mejor<\/span><\/strong> alternativa para <strong><span class=\"has-inline-color has-luminous-vivid-orange-color\">velar<\/span><\/strong> por tus <strong><span class=\"has-inline-color has-vivid-cyan-blue-color\">intereses<\/span><\/strong>.<\/p>\n\n\n\n<p>.<\/p>\n\n\n\n<p>Cuando<strong> necesites<\/strong> ayuda, <strong>asistencia<\/strong> o <strong>planeaci\u00f3n<\/strong> legal, <strong>solicita<\/strong> <strong>Cita Privada<\/strong> <a rel=\"noreferrer noopener\" href=\"mailto:bi@sm99.mx\" target=\"_blank\"><strong>Aqu\u00ed<\/strong><\/a><\/p>\n\n\n\n<p>La informaci\u00f3n que AQU\u00cd te presentamos <strong>deriva<\/strong> de los <strong>Peri\u00f3dicos Oficiales <\/strong>de la<strong> CdMx<\/strong>, <strong>Estado<\/strong> de Mex., Diario <strong>Oficial<\/strong> de la Federaci\u00f3n, Suprema Corte de<strong> Justicia<\/strong> de la Naci\u00f3n, por lo tanto es de <strong>aplicaci\u00f3n OBLIGATORIA<\/strong><\/p>\n\n\n\n<p>La <strong>informaci\u00f3n<\/strong> de hoy procede de la Gaceta del EdoMex.<\/p>\n\n\n\n<p><strong><span class=\"has-inline-color has-luminous-vivid-orange-color\">AY\u00daDANOS<\/span><\/strong> para que m\u00e1s personas conozcan esta informaci\u00f3n, <strong>Comp\u00e1rtelo<\/strong> en tus redes sociales. ?<\/p>\n","protected":false},"excerpt":{"rendered":"<p>Views: 25 . Se reforma al C\u00f3digo para la Biodiversidad y la Ley de Apicultura del Edo Mexico, se se\u00f1ala que, a partir del 27 de agosto dentro de 180 d\u00edas, la utilizaci\u00f3n de productos agroecol\u00f3gicos, fitosanitarios ecol\u00f3gicos y org\u00e1nicos, plaguicidas, fertilizantes y sustancias t\u00f3xicas deber\u00e1n ser compatibles con el equilibrio de los ecosistemas, y [&hellip;]<\/p>\n","protected":false},"author":3,"featured_media":16539,"comment_status":"closed","ping_status":"open","sticky":false,"template":"","format":"standard","meta":{"_jetpack_memberships_contains_paid_content":false,"footnotes":""},"categories":[8,15],"tags":[],"jetpack_sharing_enabled":true,"jetpack_featured_media_url":"https:\/\/www.salgadonoticias.com\/wp-content\/uploads\/2022\/03\/abejas.jpeg","_links":{"self":[{"href":"https:\/\/www.salgadonoticias.com\/index.php?rest_route=\/wp\/v2\/posts\/16536"}],"collection":[{"href":"https:\/\/www.salgadonoticias.com\/index.php?rest_route=\/wp\/v2\/posts"}],"about":[{"href":"https:\/\/www.salgadonoticias.com\/index.php?rest_route=\/wp\/v2\/types\/post"}],"author":[{"embeddable":true,"href":"https:\/\/www.salgadonoticias.com\/index.php?rest_route=\/wp\/v2\/users\/3"}],"replies":[{"embeddable":true,"href":"https:\/\/www.salgadonoticias.com\/index.php?rest_route=%2Fwp%2Fv2%2Fcomments&post=16536"}],"version-history":[{"count":6,"href":"https:\/\/www.salgadonoticias.com\/index.php?rest_route=\/wp\/v2\/posts\/16536\/revisions"}],"predecessor-version":[{"id":16571,"href":"https:\/\/www.salgadonoticias.com\/index.php?rest_route=\/wp\/v2\/posts\/16536\/revisions\/16571"}],"wp:featuredmedia":[{"embeddable":true,"href":"https:\/\/www.salgadonoticias.com\/index.php?rest_route=\/wp\/v2\/media\/16539"}],"wp:attachment":[{"href":"https:\/\/www.salgadonoticias.com\/index.php?rest_route=%2Fwp%2Fv2%2Fmedia&parent=16536"}],"wp:term":[{"taxonomy":"category","embeddable":true,"href":"https:\/\/www.salgadonoticias.com\/index.php?rest_route=%2Fwp%2Fv2%2Fcategories&post=16536"},{"taxonomy":"post_tag","embeddable":true,"href":"https:\/\/www.salgadonoticias.com\/index.php?rest_route=%2Fwp%2Fv2%2Ftags&post=16536"}],"curies":[{"name":"wp","href":"https:\/\/api.w.org\/{rel}","templated":true}]}}