{"id":22354,"date":"2023-05-21T01:30:00","date_gmt":"2023-05-21T07:30:00","guid":{"rendered":"http:\/\/www.salgadonoticias.com\/?p=22354"},"modified":"2023-05-19T18:14:22","modified_gmt":"2023-05-20T00:14:22","slug":"edomex-cuota-por-capacitacion-en-materia-de-proteccion-civil","status":"publish","type":"post","link":"https:\/\/www.salgadonoticias.com\/?p=22354","title":{"rendered":"EdoMex&#8230;Cuota$ por Capacitaci\u00f3n en materia de Protecci\u00f3n Civil&#8230;!!!"},"content":{"rendered":"<p>Views: 13<\/p>\n<p>.<\/p>\n\n\n\n<p>La <mark style=\"background-color:rgba(0, 0, 0, 0);color:#c52323\" class=\"has-inline-color\"><strong>nueva<\/strong> <strong>tarifa<\/strong><\/mark> por la impartici\u00f3n de <strong><mark style=\"background-color:rgba(0, 0, 0, 0);color:#40017c\" class=\"has-inline-color\">Capacitaci\u00f3n<\/mark><\/strong> en materia de <strong><mark style=\"background-color:rgba(0, 0, 0, 0)\" class=\"has-inline-color has-vivid-red-color\">Protecci\u00f3n Civil<\/mark><\/strong>, ser\u00e1 de <strong><mark style=\"background-color:#fcb900\" class=\"has-inline-color\">$525.00 por hora<\/mark><\/strong> en las siguientes categor\u00edas:<\/p>\n\n\n\n<figure class=\"wp-block-image size-large\"><a href=\"http:\/\/www.salgadonoticias.com\/wp-content\/uploads\/2023\/05\/image-5.png\"><img loading=\"lazy\" decoding=\"async\" width=\"1024\" height=\"423\" src=\"http:\/\/www.salgadonoticias.com\/wp-content\/uploads\/2023\/05\/image-5-1024x423.png\" alt=\"\" class=\"wp-image-22356\" srcset=\"https:\/\/www.salgadonoticias.com\/wp-content\/uploads\/2023\/05\/image-5-1024x423.png 1024w, https:\/\/www.salgadonoticias.com\/wp-content\/uploads\/2023\/05\/image-5-300x124.png 300w, https:\/\/www.salgadonoticias.com\/wp-content\/uploads\/2023\/05\/image-5-768x317.png 768w, https:\/\/www.salgadonoticias.com\/wp-content\/uploads\/2023\/05\/image-5.png 1063w\" sizes=\"(max-width: 1024px) 100vw, 1024px\" \/><\/a><\/figure>\n\n\n\n<p>.<\/p>\n\n\n\n<p><strong>NO<\/strong> causar\u00e1 ning\u00fan <strong>costo<\/strong>, para los <strong>servidores p\u00fablicos<\/strong> que requieran cualquier curso arriba mencionado. <\/p>\n\n\n\n<p>.<\/p>\n\n\n\n<p>Esta tarifa ya esta vigente a partir de esta semana.<\/p>\n\n\n\n<p>Si estas en el <strong><mark style=\"background-color:rgba(0, 0, 0, 0)\" class=\"has-inline-color has-vivid-red-color\">Extranjero <\/mark><\/strong>nosotros somos tu <strong><mark style=\"background-color:rgba(0, 0, 0, 0)\" class=\"has-inline-color has-vivid-green-cyan-color\">mejor<\/mark><\/strong> alternativa para <strong><mark style=\"background-color:rgba(0, 0, 0, 0)\" class=\"has-inline-color has-luminous-vivid-orange-color\">velar<\/mark><\/strong> por tus <strong><mark style=\"background-color:rgba(0, 0, 0, 0)\" class=\"has-inline-color has-vivid-cyan-blue-color\">intereses<\/mark><\/strong>.<\/p>\n\n\n\n<p>.<\/p>\n\n\n\n<p><\/p>\n\n\n\n<p>Cuando<strong> necesites<\/strong> ayuda, <strong>asistencia<\/strong> o <strong>planeaci\u00f3n<\/strong> legal, <strong>solicita<\/strong> <strong>Cita Privada<\/strong> <a rel=\"noreferrer noopener\" href=\"mailto:bi@sm99.mx\" target=\"_blank\"><strong>Aqu\u00ed<\/strong><\/a><\/p>\n\n\n\n<p>La informaci\u00f3n que AQU\u00cd te presentamos <strong>deriva<\/strong> de los <strong>Peri\u00f3dicos Oficiales <\/strong>de la<strong> CdMx<\/strong>, <strong>Estado<\/strong> de Mex., Diario <strong>Oficial<\/strong> de la Federaci\u00f3n, Suprema Corte de<strong> Justicia<\/strong> de la Naci\u00f3n, por lo tanto es de <strong>aplicaci\u00f3n OBLIGATORIA<\/strong><\/p>\n\n\n\n<p>La <strong>informaci\u00f3n<\/strong> de hoy procede de la Gaceta del EdoMex.<\/p>\n\n\n\n<p><strong><mark style=\"background-color:rgba(0, 0, 0, 0)\" class=\"has-inline-color has-luminous-vivid-orange-color\">AY\u00daDANOS<\/mark><\/strong> para que m\u00e1s personas conozcan esta informaci\u00f3n, <strong>Comp\u00e1rtelo<\/strong> en tus redes sociales. ?<\/p>\n","protected":false},"excerpt":{"rendered":"<p>Views: 13 . La nueva tarifa por la impartici\u00f3n de Capacitaci\u00f3n en materia de Protecci\u00f3n Civil, ser\u00e1 de $525.00 por hora en las siguientes categor\u00edas: . NO causar\u00e1 ning\u00fan costo, para los servidores p\u00fablicos que requieran cualquier curso arriba mencionado. . Esta tarifa ya esta vigente a partir de esta semana. Si estas en el [&hellip;]<\/p>\n","protected":false},"author":3,"featured_media":22358,"comment_status":"closed","ping_status":"open","sticky":false,"template":"","format":"standard","meta":{"_jetpack_memberships_contains_paid_content":false,"footnotes":""},"categories":[8],"tags":[],"jetpack_sharing_enabled":true,"jetpack_featured_media_url":"https:\/\/www.salgadonoticias.com\/wp-content\/uploads\/2023\/05\/curso.webp","_links":{"self":[{"href":"https:\/\/www.salgadonoticias.com\/index.php?rest_route=\/wp\/v2\/posts\/22354"}],"collection":[{"href":"https:\/\/www.salgadonoticias.com\/index.php?rest_route=\/wp\/v2\/posts"}],"about":[{"href":"https:\/\/www.salgadonoticias.com\/index.php?rest_route=\/wp\/v2\/types\/post"}],"author":[{"embeddable":true,"href":"https:\/\/www.salgadonoticias.com\/index.php?rest_route=\/wp\/v2\/users\/3"}],"replies":[{"embeddable":true,"href":"https:\/\/www.salgadonoticias.com\/index.php?rest_route=%2Fwp%2Fv2%2Fcomments&post=22354"}],"version-history":[{"count":1,"href":"https:\/\/www.salgadonoticias.com\/index.php?rest_route=\/wp\/v2\/posts\/22354\/revisions"}],"predecessor-version":[{"id":22357,"href":"https:\/\/www.salgadonoticias.com\/index.php?rest_route=\/wp\/v2\/posts\/22354\/revisions\/22357"}],"wp:featuredmedia":[{"embeddable":true,"href":"https:\/\/www.salgadonoticias.com\/index.php?rest_route=\/wp\/v2\/media\/22358"}],"wp:attachment":[{"href":"https:\/\/www.salgadonoticias.com\/index.php?rest_route=%2Fwp%2Fv2%2Fmedia&parent=22354"}],"wp:term":[{"taxonomy":"category","embeddable":true,"href":"https:\/\/www.salgadonoticias.com\/index.php?rest_route=%2Fwp%2Fv2%2Fcategories&post=22354"},{"taxonomy":"post_tag","embeddable":true,"href":"https:\/\/www.salgadonoticias.com\/index.php?rest_route=%2Fwp%2Fv2%2Ftags&post=22354"}],"curies":[{"name":"wp","href":"https:\/\/api.w.org\/{rel}","templated":true}]}}