{"id":22535,"date":"2023-06-03T00:54:00","date_gmt":"2023-06-03T06:54:00","guid":{"rendered":"http:\/\/www.salgadonoticias.com\/?p=22535"},"modified":"2023-06-05T12:15:55","modified_gmt":"2023-06-05T18:15:55","slug":"dia-de-la-ejidataria-y-el-ejidatario-mexiquense","status":"publish","type":"post","link":"https:\/\/www.salgadonoticias.com\/?p=22535","title":{"rendered":"D\u00eda de la Ejidataria y el Ejidatario Mexiquense&#8230;!!!"},"content":{"rendered":"<p>Views: 18<\/p>\n<p>.<\/p>\n\n\n\n<p>Este se celebrara todos los d\u00edas <mark style=\"background-color:rgba(0, 0, 0, 0);color:#7c0505\" class=\"has-inline-color\"><strong>24 de abril<\/strong> <\/mark>de cada a\u00f1o. <\/p>\n\n\n\n<p>.<\/p>\n\n\n\n<p>En este d\u00eda se les <strong><mark style=\"background-color:#fcb900\" class=\"has-inline-color\">rendir\u00e1 un homenaje<\/mark><\/strong> a los miles de <strong><mark style=\"background-color:rgba(0, 0, 0, 0)\" class=\"has-inline-color has-vivid-red-color\">ejidatarios, comuneros y posesionarios<\/mark><\/strong>, que con su trabajo proporcionan al mercado interno estatal y a algunos mercados externos, alimentos, ganado, materias primas, materiales de construcci\u00f3n, diversidad de artesan\u00edas, y m\u00faltiples servicios tur\u00edsticos, adem\u00e1s por su contribuci\u00f3n loable a la conservaci\u00f3n de la biodiversidad del estado.<\/p>\n\n\n\n<p>.<\/p>\n\n\n\n<p>.<\/p>\n\n\n\n<p>Si estas en el <strong><mark style=\"background-color:rgba(0, 0, 0, 0)\" class=\"has-inline-color has-vivid-red-color\">Extranjero <\/mark><\/strong>nosotros somos tu <strong><mark style=\"background-color:rgba(0, 0, 0, 0)\" class=\"has-inline-color has-vivid-green-cyan-color\">mejor<\/mark><\/strong> alternativa para <strong><mark style=\"background-color:rgba(0, 0, 0, 0)\" class=\"has-inline-color has-luminous-vivid-orange-color\">velar<\/mark><\/strong> por tus <strong><mark style=\"background-color:rgba(0, 0, 0, 0)\" class=\"has-inline-color has-vivid-cyan-blue-color\">intereses<\/mark><\/strong>.<\/p>\n\n\n\n<p>.<\/p>\n\n\n\n<p><\/p>\n\n\n\n<p>Cuando<strong> necesites<\/strong> ayuda, <strong>asistencia<\/strong> o <strong>planeaci\u00f3n<\/strong> legal, <strong>solicita<\/strong> <strong>Cita Privada<\/strong> <a rel=\"noreferrer noopener\" href=\"mailto:bi@sm99.mx\" target=\"_blank\"><strong>Aqu\u00ed<\/strong><\/a><\/p>\n\n\n\n<p>La informaci\u00f3n que AQU\u00cd te presentamos <strong>deriva<\/strong> de los <strong>Peri\u00f3dicos Oficiales <\/strong>de la<strong> CdMx<\/strong>, <strong>Estado<\/strong> de Mex., Diario <strong>Oficial<\/strong> de la Federaci\u00f3n, Suprema Corte de<strong> Justicia<\/strong> de la Naci\u00f3n, por lo tanto es de <strong>aplicaci\u00f3n OBLIGATORIA<\/strong><\/p>\n\n\n\n<p>La <strong>informaci\u00f3n<\/strong> de hoy procede de la gaceta del EdoMex.<\/p>\n\n\n\n<p><strong><mark style=\"background-color:rgba(0, 0, 0, 0)\" class=\"has-inline-color has-luminous-vivid-orange-color\">AY\u00daDANOS<\/mark><\/strong> para que m\u00e1s personas conozcan esta informaci\u00f3n, <strong>Comp\u00e1rtelo<\/strong> en tus redes sociales. ?<\/p>\n","protected":false},"excerpt":{"rendered":"<p>Views: 18 . Este se celebrara todos los d\u00edas 24 de abril de cada a\u00f1o. . En este d\u00eda se les rendir\u00e1 un homenaje a los miles de ejidatarios, comuneros y posesionarios, que con su trabajo proporcionan al mercado interno estatal y a algunos mercados externos, alimentos, ganado, materias primas, materiales de construcci\u00f3n, diversidad de [&hellip;]<\/p>\n","protected":false},"author":3,"featured_media":22562,"comment_status":"closed","ping_status":"open","sticky":false,"template":"","format":"standard","meta":{"_jetpack_memberships_contains_paid_content":false,"footnotes":""},"categories":[8],"tags":[],"jetpack_sharing_enabled":true,"jetpack_featured_media_url":"https:\/\/www.salgadonoticias.com\/wp-content\/uploads\/2023\/06\/ejedatarios-1.jpg","_links":{"self":[{"href":"https:\/\/www.salgadonoticias.com\/index.php?rest_route=\/wp\/v2\/posts\/22535"}],"collection":[{"href":"https:\/\/www.salgadonoticias.com\/index.php?rest_route=\/wp\/v2\/posts"}],"about":[{"href":"https:\/\/www.salgadonoticias.com\/index.php?rest_route=\/wp\/v2\/types\/post"}],"author":[{"embeddable":true,"href":"https:\/\/www.salgadonoticias.com\/index.php?rest_route=\/wp\/v2\/users\/3"}],"replies":[{"embeddable":true,"href":"https:\/\/www.salgadonoticias.com\/index.php?rest_route=%2Fwp%2Fv2%2Fcomments&post=22535"}],"version-history":[{"count":3,"href":"https:\/\/www.salgadonoticias.com\/index.php?rest_route=\/wp\/v2\/posts\/22535\/revisions"}],"predecessor-version":[{"id":22540,"href":"https:\/\/www.salgadonoticias.com\/index.php?rest_route=\/wp\/v2\/posts\/22535\/revisions\/22540"}],"wp:featuredmedia":[{"embeddable":true,"href":"https:\/\/www.salgadonoticias.com\/index.php?rest_route=\/wp\/v2\/media\/22562"}],"wp:attachment":[{"href":"https:\/\/www.salgadonoticias.com\/index.php?rest_route=%2Fwp%2Fv2%2Fmedia&parent=22535"}],"wp:term":[{"taxonomy":"category","embeddable":true,"href":"https:\/\/www.salgadonoticias.com\/index.php?rest_route=%2Fwp%2Fv2%2Fcategories&post=22535"},{"taxonomy":"post_tag","embeddable":true,"href":"https:\/\/www.salgadonoticias.com\/index.php?rest_route=%2Fwp%2Fv2%2Ftags&post=22535"}],"curies":[{"name":"wp","href":"https:\/\/api.w.org\/{rel}","templated":true}]}}