{"id":22564,"date":"2023-06-06T00:30:00","date_gmt":"2023-06-06T06:30:00","guid":{"rendered":"http:\/\/www.salgadonoticias.com\/?p=22564"},"modified":"2023-06-06T15:59:45","modified_gmt":"2023-06-06T21:59:45","slug":"energias-limpias-en-edificios-publicos-del-edomex","status":"publish","type":"post","link":"https:\/\/www.salgadonoticias.com\/?p=22564","title":{"rendered":"Energ\u00edas LIMPIAS en Edificios P\u00fablicos del EdoMex&#8230;!!!"},"content":{"rendered":"<p>Views: 25<\/p>\n<p>.<\/p>\n\n\n\n<figure class=\"wp-block-embed is-type-video is-provider-youtube wp-block-embed-youtube wp-embed-aspect-16-9 wp-has-aspect-ratio\"><div class=\"wp-block-embed__wrapper\">\n<iframe loading=\"lazy\" title=\"Nueva Ley de energ\u00edas Limpias y Renovables para el EdoMex\" width=\"640\" height=\"360\" src=\"https:\/\/www.youtube.com\/embed\/TKvL5N-dqB0?feature=oembed\" frameborder=\"0\" allow=\"accelerometer; autoplay; clipboard-write; encrypted-media; gyroscope; picture-in-picture; web-share\" referrerpolicy=\"strict-origin-when-cross-origin\" allowfullscreen><\/iframe>\n<\/div><\/figure>\n\n\n\n<p>.<\/p>\n\n\n\n<p>Se <strong><mark style=\"background-color:rgba(0, 0, 0, 0)\" class=\"has-inline-color has-vivid-red-color\">crea<\/mark><\/strong> la <strong><em>Ley de Energ\u00edas Limpias y Renovables\u00a0en los Edificios P\u00fablicos del Estado de M\u00e9xico y Municipios<\/em><\/strong>, su <strong><mark style=\"background-color:rgba(0, 0, 0, 0)\" class=\"has-inline-color has-vivid-red-color\">objetivo<\/mark><\/strong> es la implementaci\u00f3n de <strong>energ\u00edas limpias y renovables<\/strong> adem\u00e1s de motivar el uso eficiente de \u00e9stas.<\/p>\n\n\n\n<p>.r<\/p>\n\n\n\n<p>Esta ley consta de <strong>21 art\u00edculos <\/strong>y <strong>dispone<\/strong> lo siguiente:<\/p>\n\n\n\n<ul>\n<li>Los <strong><mark style=\"background-color:rgba(0, 0, 0, 0);color:#880707\" class=\"has-inline-color\">Edificios P\u00fablicos<\/mark><\/strong> o Unidades Administrativas del Estado <strong><mark style=\"background-color:#f0d280\" class=\"has-inline-color has-black-color\">Sin Excepci\u00f3n<\/mark><\/strong> adem\u00e1s de los <strong>Servicios<\/strong> P\u00fablicos de <strong><mark style=\"background-color:rgba(0, 0, 0, 0);color:#9b0707\" class=\"has-inline-color\">Alumbrado<\/mark><\/strong> y <strong><mark style=\"background-color:rgba(0, 0, 0, 0);color:#910a0a\" class=\"has-inline-color\">Agua Potable<\/mark><\/strong> ser\u00e1n <strong><mark style=\"background-color:#8ef8cd\" class=\"has-inline-color\">abastecidos<\/mark><\/strong> solo por fuentes de <strong><mark style=\"background-color:#7bdcb5\" class=\"has-inline-color\">Energ\u00eda Renovables<\/mark><\/strong>.<\/li>\n\n\n\n<li>Contar\u00e1 con un <strong><mark style=\"background-color:rgba(0, 0, 0, 0);color:#490489\" class=\"has-inline-color\">Consejo<\/mark> <\/strong>t\u00e9cnico y de consulta el cual aprobar\u00e1 y emitir\u00e1 programas adem\u00e1s de <strong><mark style=\"background-color:rgba(0, 0, 0, 0);color:#410578\" class=\"has-inline-color\">promover<\/mark><\/strong> el <strong><mark style=\"background-color:rgba(0, 0, 0, 0);color:#42047c\" class=\"has-inline-color\">cumplimiento<\/mark><\/strong> de esta <strong><mark style=\"background-color:rgba(0, 0, 0, 0);color:#3d0670\" class=\"has-inline-color\">ley<\/mark><\/strong>.<\/li>\n\n\n\n<li>El proceso de <strong><mark style=\"background-color:rgba(0, 0, 0, 0);color:#bb0303\" class=\"has-inline-color\">transici\u00f3n<\/mark><\/strong> energ\u00e9tica ser\u00e1 <strong><mark style=\"background-color:#8ed1fc\" class=\"has-inline-color\">escalonada<\/mark><\/strong>, en un periodo m\u00e1ximo de <strong><mark style=\"background-color:#8ed1fc\" class=\"has-inline-color\">4 a\u00f1os<\/mark><\/strong> a partir de 2024, para llegar a una meta total del 100% para el a\u00f1o 2027.<\/li>\n\n\n\n<li>Queda <strong><mark style=\"background-color:rgba(0, 0, 0, 0)\" class=\"has-inline-color has-vivid-red-color\">fuera<\/mark><\/strong> <strong>de este proceso <\/strong>de implementaci\u00f3n:<ul><li><strong>Centros penitenciarios o unidades administrativas que realicen funciones de seguridad p\u00fablica, protecci\u00f3n civil o cualquier otro servicio de emergencia<\/strong>.<\/li><\/ul>\n<ul>\n<li><strong>Hospitales y Escuelas<\/strong>.<\/li>\n<\/ul>\n<\/li>\n<\/ul>\n\n\n\n<p>.<\/p>\n\n\n\n<p>Esta ley entrar\u00e1 en <strong>vigor<\/strong> <strong>a partir <\/strong>del ejercicio <strong>2024<\/strong>.<\/p>\n\n\n\n<p>.<\/p>\n\n\n\n<p>.<\/p>\n\n\n\n<p>Si estas en el <strong><mark style=\"background-color:rgba(0, 0, 0, 0)\" class=\"has-inline-color has-vivid-red-color\">Extranjero <\/mark><\/strong>nosotros somos tu <strong><mark style=\"background-color:rgba(0, 0, 0, 0)\" class=\"has-inline-color has-vivid-green-cyan-color\">mejor<\/mark><\/strong> alternativa para <strong><mark style=\"background-color:rgba(0, 0, 0, 0)\" class=\"has-inline-color has-luminous-vivid-orange-color\">velar<\/mark><\/strong> por tus <strong><mark style=\"background-color:rgba(0, 0, 0, 0)\" class=\"has-inline-color has-vivid-cyan-blue-color\">intereses<\/mark><\/strong>.<\/p>\n\n\n\n<p>.<\/p>\n\n\n\n<p><\/p>\n\n\n\n<p>Cuando<strong> necesites<\/strong> ayuda, <strong>asistencia<\/strong> o <strong>planeaci\u00f3n<\/strong> legal, <strong>solicita<\/strong> <strong>Cita Privada<\/strong> <a rel=\"noreferrer noopener\" href=\"mailto:bi@sm99.mx\" target=\"_blank\"><strong>Aqu\u00ed<\/strong><\/a><\/p>\n\n\n\n<p>La informaci\u00f3n que AQU\u00cd te presentamos <strong>deriva<\/strong> de los <strong>Peri\u00f3dicos Oficiales <\/strong>de la<strong> CdMx<\/strong>, <strong>Estado<\/strong> de Mex., Diario <strong>Oficial<\/strong> de la Federaci\u00f3n, Suprema Corte de<strong> Justicia<\/strong> de la Naci\u00f3n, por lo tanto es de <strong>aplicaci\u00f3n OBLIGATORIA<\/strong><\/p>\n\n\n\n<p>La <strong>informaci\u00f3n<\/strong> de hoy procede de la Gaceta del EdoMex.<\/p>\n\n\n\n<p><strong><mark style=\"background-color:rgba(0, 0, 0, 0)\" class=\"has-inline-color has-luminous-vivid-orange-color\">AY\u00daDANOS<\/mark><\/strong> para que m\u00e1s personas conozcan esta informaci\u00f3n, <strong>Comp\u00e1rtelo<\/strong> en tus redes sociales. ?<\/p>\n","protected":false},"excerpt":{"rendered":"<p>Views: 25 . . Se crea la Ley de Energ\u00edas Limpias y Renovables\u00a0en los Edificios P\u00fablicos del Estado de M\u00e9xico y Municipios, su objetivo es la implementaci\u00f3n de energ\u00edas limpias y renovables adem\u00e1s de motivar el uso eficiente de \u00e9stas. .r Esta ley consta de 21 art\u00edculos y dispone lo siguiente: . Esta ley entrar\u00e1 [&hellip;]<\/p>\n","protected":false},"author":3,"featured_media":22566,"comment_status":"closed","ping_status":"open","sticky":false,"template":"","format":"standard","meta":{"_jetpack_memberships_contains_paid_content":false,"footnotes":""},"categories":[8,15],"tags":[],"jetpack_sharing_enabled":true,"jetpack_featured_media_url":"https:\/\/www.salgadonoticias.com\/wp-content\/uploads\/2023\/06\/renovable.jpg","_links":{"self":[{"href":"https:\/\/www.salgadonoticias.com\/index.php?rest_route=\/wp\/v2\/posts\/22564"}],"collection":[{"href":"https:\/\/www.salgadonoticias.com\/index.php?rest_route=\/wp\/v2\/posts"}],"about":[{"href":"https:\/\/www.salgadonoticias.com\/index.php?rest_route=\/wp\/v2\/types\/post"}],"author":[{"embeddable":true,"href":"https:\/\/www.salgadonoticias.com\/index.php?rest_route=\/wp\/v2\/users\/3"}],"replies":[{"embeddable":true,"href":"https:\/\/www.salgadonoticias.com\/index.php?rest_route=%2Fwp%2Fv2%2Fcomments&post=22564"}],"version-history":[{"count":8,"href":"https:\/\/www.salgadonoticias.com\/index.php?rest_route=\/wp\/v2\/posts\/22564\/revisions"}],"predecessor-version":[{"id":22601,"href":"https:\/\/www.salgadonoticias.com\/index.php?rest_route=\/wp\/v2\/posts\/22564\/revisions\/22601"}],"wp:featuredmedia":[{"embeddable":true,"href":"https:\/\/www.salgadonoticias.com\/index.php?rest_route=\/wp\/v2\/media\/22566"}],"wp:attachment":[{"href":"https:\/\/www.salgadonoticias.com\/index.php?rest_route=%2Fwp%2Fv2%2Fmedia&parent=22564"}],"wp:term":[{"taxonomy":"category","embeddable":true,"href":"https:\/\/www.salgadonoticias.com\/index.php?rest_route=%2Fwp%2Fv2%2Fcategories&post=22564"},{"taxonomy":"post_tag","embeddable":true,"href":"https:\/\/www.salgadonoticias.com\/index.php?rest_route=%2Fwp%2Fv2%2Ftags&post=22564"}],"curies":[{"name":"wp","href":"https:\/\/api.w.org\/{rel}","templated":true}]}}