{"id":22736,"date":"2023-06-15T00:14:00","date_gmt":"2023-06-15T06:14:00","guid":{"rendered":"http:\/\/www.salgadonoticias.com\/?p=22736"},"modified":"2023-06-15T13:22:38","modified_gmt":"2023-06-15T19:22:38","slug":"22736","status":"publish","type":"post","link":"https:\/\/www.salgadonoticias.com\/?p=22736","title":{"rendered":"Es el Trabajador al SERVICIO del Gobierno Quien debe ACREDITAR que labor\u00f3 en Domingo &#8230;!!!"},"content":{"rendered":"<p>Views: 9<\/p>\n<p>.<\/p>\n\n\n\n<figure class=\"wp-block-embed is-type-video is-provider-youtube wp-block-embed-youtube wp-embed-aspect-16-9 wp-has-aspect-ratio\"><div class=\"wp-block-embed__wrapper\">\n<iframe loading=\"lazy\" title=\"Trabajadores de Gobierno tienen que comprobar que trabajaron domingos si demandan prima dominical\" width=\"640\" height=\"360\" src=\"https:\/\/www.youtube.com\/embed\/ZmNaTC-D9cI?feature=oembed\" frameborder=\"0\" allow=\"accelerometer; autoplay; clipboard-write; encrypted-media; gyroscope; picture-in-picture; web-share\" referrerpolicy=\"strict-origin-when-cross-origin\" allowfullscreen><\/iframe>\n<\/div><\/figure>\n\n\n\n<p>.<\/p>\n\n\n\n<p>Luego de que Trabajadores al<strong> Servicio del Estado<\/strong> (Veracruz) exigieron entre otras prestaciones, el <strong>PAGO<\/strong> de la <strong>prima<mark style=\"background-color:rgba(0, 0, 0, 0)\" class=\"has-inline-color has-vivid-red-color\"> dominical<\/mark><\/strong>, acreditando en el juicio que durante el periodo que prestaron sus servicios, <strong>laboraron<\/strong> los d\u00edas domingo.<\/p>\n\n\n\n<p>.<\/p>\n\n\n\n<p>La<strong> <mark style=\"background-color:rgba(0, 0, 0, 0);color:#0e6ea5\" class=\"has-inline-color\">Suprema Corte de Justicia<\/mark><\/strong>, <strong><mark style=\"background-color:rgba(0, 0, 0, 0);color:#980606\" class=\"has-inline-color\">DETERMIN\u00d3<\/mark><\/strong> que el <strong>TRABAJADOR<\/strong> tendr\u00e1 <strong>derecho al pago de la prima dominical<\/strong>, siempre que<strong><mark style=\"background-color:rgba(0, 0, 0, 0)\" class=\"has-inline-color has-vivid-red-color\"> aporte las pruebas<\/mark><\/strong> que <strong><mark style=\"background-color:#00d084\" class=\"has-inline-color\">acrediten<\/mark><\/strong> que <strong><mark style=\"background-color:#fcb900\" class=\"has-inline-color\">Labor\u00f3 los d\u00edas Domingo<\/mark><\/strong>, esto conforme a la <strong>Ley Federal de los Trabajadores al Servicio del Estado<\/strong>, (art. 40).<\/p>\n\n\n\n<p>.<\/p>\n\n\n\n<p>La justificaci\u00f3n de la <strong><mark style=\"background-color:rgba(0, 0, 0, 0);color:#0768a1\" class=\"has-inline-color\">SCJN<\/mark><\/strong> es con respecto a que la La Ley N\u00famero 364 Estatal del Servicio Civil de Veracruz <strong>no prev\u00e9<\/strong> expresamente el <strong>pago<\/strong> de la <strong>prima dominical<\/strong> para los <strong>trabajadores burocr\u00e1ticos<\/strong> de dicha entidad federativa.<\/p>\n\n\n\n<p>Sin embargo, de <u>su an\u00e1lisis<\/u> se <strong>concluye<\/strong> esta omisi\u00f3n <strong>no constituye obst\u00e1culo<\/strong> para <strong><mark style=\"background-color:rgba(0, 0, 0, 0)\" class=\"has-inline-color has-vivid-red-color\">determinar su procedencia<\/mark><\/strong>, en atenci\u00f3n a que en sus art\u00edculos 50 y 55 se prev\u00e9 la posibilidad de hacer <strong><mark style=\"background-color:#fcb900\" class=\"has-inline-color has-black-color\">guardias <\/mark>en d\u00edas inh\u00e1biles<\/strong> y que para la jornada laboral se procurar\u00e1 que el d\u00eda de descanso sea el domingo; por tanto, <strong>existe la posibilidad<\/strong> de que se pueda <strong>laborar los domingos<\/strong> en <strong>guardias<\/strong>.<\/p>\n\n\n\n<p>. <\/p>\n\n\n\n<p>Por lo que en estas situaciones, <strong>se debe aplicar<\/strong> supletoriamente el art\u00edculo 40, p\u00e1rrafo segundo, de la Ley Federal de los <strong>Trabajadores al Servicio del Estado<\/strong>, <strong><mark style=\"background-color:#ff6900\" class=\"has-inline-color\">que s\u00ed establece expresamente la prima dominical<\/mark><\/strong>, a fin de llenar ese vac\u00edo legislativo, considerando que la supletoriedad constituye un medio de aplicaci\u00f3n legislativa para dar debida coherencia al sistema jur\u00eddico.<\/p>\n\n\n\n<p>.<\/p>\n\n\n\n<p>.<\/p>\n\n\n\n<p>Esta resoluci\u00f3n es de <strong>aplicaci\u00f3n<\/strong> <strong><mark style=\"background-color:rgba(0, 0, 0, 0)\" class=\"has-inline-color has-vivid-red-color\">OBLIGATORIA<\/mark><\/strong> a <strong>partir de esta semana<\/strong> en todo el pa\u00eds.<\/p>\n\n\n\n<p>.<\/p>\n\n\n\n<p>Si estas en el <strong><mark style=\"background-color:rgba(0, 0, 0, 0)\" class=\"has-inline-color has-vivid-red-color\">Extranjero <\/mark><\/strong>nosotros somos tu <strong><mark style=\"background-color:rgba(0, 0, 0, 0)\" class=\"has-inline-color has-vivid-green-cyan-color\">mejor<\/mark><\/strong> alternativa para <strong><mark style=\"background-color:rgba(0, 0, 0, 0)\" class=\"has-inline-color has-luminous-vivid-orange-color\">velar<\/mark><\/strong> por tus <strong><mark style=\"background-color:rgba(0, 0, 0, 0)\" class=\"has-inline-color has-vivid-cyan-blue-color\">intereses<\/mark><\/strong>.<\/p>\n\n\n\n<p>.<\/p>\n\n\n\n<p><\/p>\n\n\n\n<p>Cuando<strong> necesites<\/strong> ayuda, <strong>asistencia<\/strong> o <strong>planeaci\u00f3n<\/strong> legal, <strong>solicita<\/strong> <strong>Cita Privada<\/strong> <a rel=\"noreferrer noopener\" href=\"mailto:bi@sm99.mx\" target=\"_blank\"><strong>Aqu\u00ed<\/strong><\/a><\/p>\n\n\n\n<p>La informaci\u00f3n que AQU\u00cd te presentamos <strong>deriva<\/strong> de los <strong>Peri\u00f3dicos Oficiales <\/strong>de la<strong> CdMx<\/strong>, <strong>Estado<\/strong> de Mex., Diario <strong>Oficial<\/strong> de la Federaci\u00f3n, Suprema Corte de<strong> Justicia<\/strong> de la Naci\u00f3n, por lo tanto es de <strong>aplicaci\u00f3n OBLIGATORIA<\/strong><\/p>\n\n\n\n<p>Esta informaci\u00f3n procede de la Gaceta de SCJN<\/p>\n\n\n\n<p><\/p>\n\n\n\n<p><strong><mark style=\"background-color:rgba(0, 0, 0, 0)\" class=\"has-inline-color has-luminous-vivid-orange-color\">AY\u00daDANOS<\/mark><\/strong> para que m\u00e1s personas conozcan esta informaci\u00f3n, <strong>Comp\u00e1rtelo<\/strong> en tus redes sociales. ?<\/p>\n","protected":false},"excerpt":{"rendered":"<p>Views: 9 . . Luego de que Trabajadores al Servicio del Estado (Veracruz) exigieron entre otras prestaciones, el PAGO de la prima dominical, acreditando en el juicio que durante el periodo que prestaron sus servicios, laboraron los d\u00edas domingo. . La Suprema Corte de Justicia, DETERMIN\u00d3 que el TRABAJADOR tendr\u00e1 derecho al pago de la [&hellip;]<\/p>\n","protected":false},"author":3,"featured_media":22745,"comment_status":"closed","ping_status":"open","sticky":false,"template":"","format":"standard","meta":{"_jetpack_memberships_contains_paid_content":false,"footnotes":""},"categories":[4],"tags":[],"jetpack_sharing_enabled":true,"jetpack_featured_media_url":"https:\/\/www.salgadonoticias.com\/wp-content\/uploads\/2023\/06\/prima.jpg","_links":{"self":[{"href":"https:\/\/www.salgadonoticias.com\/index.php?rest_route=\/wp\/v2\/posts\/22736"}],"collection":[{"href":"https:\/\/www.salgadonoticias.com\/index.php?rest_route=\/wp\/v2\/posts"}],"about":[{"href":"https:\/\/www.salgadonoticias.com\/index.php?rest_route=\/wp\/v2\/types\/post"}],"author":[{"embeddable":true,"href":"https:\/\/www.salgadonoticias.com\/index.php?rest_route=\/wp\/v2\/users\/3"}],"replies":[{"embeddable":true,"href":"https:\/\/www.salgadonoticias.com\/index.php?rest_route=%2Fwp%2Fv2%2Fcomments&post=22736"}],"version-history":[{"count":9,"href":"https:\/\/www.salgadonoticias.com\/index.php?rest_route=\/wp\/v2\/posts\/22736\/revisions"}],"predecessor-version":[{"id":22766,"href":"https:\/\/www.salgadonoticias.com\/index.php?rest_route=\/wp\/v2\/posts\/22736\/revisions\/22766"}],"wp:featuredmedia":[{"embeddable":true,"href":"https:\/\/www.salgadonoticias.com\/index.php?rest_route=\/wp\/v2\/media\/22745"}],"wp:attachment":[{"href":"https:\/\/www.salgadonoticias.com\/index.php?rest_route=%2Fwp%2Fv2%2Fmedia&parent=22736"}],"wp:term":[{"taxonomy":"category","embeddable":true,"href":"https:\/\/www.salgadonoticias.com\/index.php?rest_route=%2Fwp%2Fv2%2Fcategories&post=22736"},{"taxonomy":"post_tag","embeddable":true,"href":"https:\/\/www.salgadonoticias.com\/index.php?rest_route=%2Fwp%2Fv2%2Ftags&post=22736"}],"curies":[{"name":"wp","href":"https:\/\/api.w.org\/{rel}","templated":true}]}}