{"id":22755,"date":"2023-06-18T00:30:00","date_gmt":"2023-06-18T06:30:00","guid":{"rendered":"http:\/\/www.salgadonoticias.com\/?p=22755"},"modified":"2023-06-16T13:00:38","modified_gmt":"2023-06-16T19:00:38","slug":"22755","status":"publish","type":"post","link":"https:\/\/www.salgadonoticias.com\/?p=22755","title":{"rendered":"Felicitaciones &#8220;PAP\u00c1S&#8221;&#8230;!!!"},"content":{"rendered":"<p>Views: 8<\/p>\n<p>.<\/p>\n\n\n\n<p>El&nbsp;<strong>D\u00eda del Padre&nbsp;<\/strong>a\u00fan cuando es una tradici\u00f3n no tan arraigada se celebra en M\u00e9xico y gran parte de Am\u00e9rica Latina&nbsp;el<strong>&nbsp;tercer domingo de junio<\/strong>, por lo que hoy 18 de junio del 2023.<\/p>\n\n\n\n<p>.<\/p>\n\n\n\n<p><mark style=\"background-color:rgba(0, 0, 0, 0);color:#a30009\" class=\"has-inline-color\"> <em><strong>Bufete Jur\u00eddico Interdisciplinari<\/strong><\/em><strong>o<\/strong>,<\/mark><strong> <\/strong><mark style=\"background-color:rgba(0, 0, 0, 0);color:#002ea3\" class=\"has-inline-color\"><strong>\u00a1\u00a1 Felicita \u00a1\u00a1<\/strong> <\/mark>a todos aquellos <strong>hombres<\/strong> que<strong> <mark style=\"background-color:rgba(0, 0, 0, 0)\" class=\"has-inline-color has-vivid-red-color\">S<\/mark><\/strong>on, <strong><mark style=\"background-color:rgba(0, 0, 0, 0)\" class=\"has-inline-color has-vivid-red-color\">F<\/mark><\/strong>ueron, y <strong><mark style=\"background-color:rgba(0, 0, 0, 0)\" class=\"has-inline-color has-vivid-red-color\">S<\/mark><\/strong>er\u00e1n (<strong>esposos, abuelos, hermanos, suegros, colaboradores, asistentes, amigos<\/strong>, etc.) por que siempre <strong>han estado <mark style=\"background-color:rgba(0, 0, 0, 0)\" class=\"has-inline-color has-vivid-red-color\">ah\u00ed<\/mark><\/strong> en los momentos que <strong><mark style=\"background-color:rgba(0, 0, 0, 0)\" class=\"has-inline-color has-vivid-red-color\">m\u00e1s<\/mark> <\/strong>necesitamos de ellos. <\/p>\n\n\n\n<p class=\"has-text-align-center\"><strong><mark style=\"background-color:rgba(0, 0, 0, 0);color:#960303\" class=\"has-inline-color\">Un abrazo fuerte para todos&#8230;<\/mark><\/strong><\/p>\n\n\n\n<p>.<\/p>\n\n\n<div class=\"wp-block-image\">\n<figure class=\"aligncenter size-full\"><a href=\"http:\/\/www.salgadonoticias.com\/wp-content\/uploads\/2023\/06\/image-3.png\"><img loading=\"lazy\" decoding=\"async\" width=\"213\" height=\"209\" src=\"http:\/\/www.salgadonoticias.com\/wp-content\/uploads\/2023\/06\/image-3.png\" alt=\"\" class=\"wp-image-22793\"\/><\/a><\/figure><\/div>","protected":false},"excerpt":{"rendered":"<p>Views: 8 . El&nbsp;D\u00eda del Padre&nbsp;a\u00fan cuando es una tradici\u00f3n no tan arraigada se celebra en M\u00e9xico y gran parte de Am\u00e9rica Latina&nbsp;el&nbsp;tercer domingo de junio, por lo que hoy 18 de junio del 2023. . Bufete Jur\u00eddico Interdisciplinario, \u00a1\u00a1 Felicita \u00a1\u00a1 a todos aquellos hombres que Son, Fueron, y Ser\u00e1n (esposos, abuelos, hermanos, suegros, [&hellip;]<\/p>\n","protected":false},"author":3,"featured_media":22790,"comment_status":"closed","ping_status":"open","sticky":false,"template":"","format":"standard","meta":{"_jetpack_memberships_contains_paid_content":false,"footnotes":""},"categories":[4],"tags":[],"jetpack_sharing_enabled":true,"jetpack_featured_media_url":"https:\/\/www.salgadonoticias.com\/wp-content\/uploads\/2023\/06\/papa.jpg","_links":{"self":[{"href":"https:\/\/www.salgadonoticias.com\/index.php?rest_route=\/wp\/v2\/posts\/22755"}],"collection":[{"href":"https:\/\/www.salgadonoticias.com\/index.php?rest_route=\/wp\/v2\/posts"}],"about":[{"href":"https:\/\/www.salgadonoticias.com\/index.php?rest_route=\/wp\/v2\/types\/post"}],"author":[{"embeddable":true,"href":"https:\/\/www.salgadonoticias.com\/index.php?rest_route=\/wp\/v2\/users\/3"}],"replies":[{"embeddable":true,"href":"https:\/\/www.salgadonoticias.com\/index.php?rest_route=%2Fwp%2Fv2%2Fcomments&post=22755"}],"version-history":[{"count":5,"href":"https:\/\/www.salgadonoticias.com\/index.php?rest_route=\/wp\/v2\/posts\/22755\/revisions"}],"predecessor-version":[{"id":22794,"href":"https:\/\/www.salgadonoticias.com\/index.php?rest_route=\/wp\/v2\/posts\/22755\/revisions\/22794"}],"wp:featuredmedia":[{"embeddable":true,"href":"https:\/\/www.salgadonoticias.com\/index.php?rest_route=\/wp\/v2\/media\/22790"}],"wp:attachment":[{"href":"https:\/\/www.salgadonoticias.com\/index.php?rest_route=%2Fwp%2Fv2%2Fmedia&parent=22755"}],"wp:term":[{"taxonomy":"category","embeddable":true,"href":"https:\/\/www.salgadonoticias.com\/index.php?rest_route=%2Fwp%2Fv2%2Fcategories&post=22755"},{"taxonomy":"post_tag","embeddable":true,"href":"https:\/\/www.salgadonoticias.com\/index.php?rest_route=%2Fwp%2Fv2%2Ftags&post=22755"}],"curies":[{"name":"wp","href":"https:\/\/api.w.org\/{rel}","templated":true}]}}