{"id":22826,"date":"2023-06-20T00:30:00","date_gmt":"2023-06-20T06:30:00","guid":{"rendered":"http:\/\/www.salgadonoticias.com\/?p=22826"},"modified":"2023-06-20T18:17:22","modified_gmt":"2023-06-21T00:17:22","slug":"22826","status":"publish","type":"post","link":"https:\/\/www.salgadonoticias.com\/?p=22826","title":{"rendered":"\u00a1\u00a1\u00a1Es TORTURA Sexual, si los polic\u00edas hacen Desnudez Forzada&#8230;!!!"},"content":{"rendered":"<p>Views: 14<\/p>\n<p>.<\/p>\n\n\n\n<figure class=\"wp-block-embed is-type-video is-provider-youtube wp-block-embed-youtube wp-embed-aspect-16-9 wp-has-aspect-ratio\"><div class=\"wp-block-embed__wrapper\">\n<iframe loading=\"lazy\" title=\"Cuando Polic\u00edas obligan a Desnudarse para Humillar, Castigar o Intimidar cometen \u201cTortura Sexual\u201d\" width=\"640\" height=\"360\" src=\"https:\/\/www.youtube.com\/embed\/ruVKKuVTBvc?feature=oembed\" frameborder=\"0\" allow=\"accelerometer; autoplay; clipboard-write; encrypted-media; gyroscope; picture-in-picture; web-share\" referrerpolicy=\"strict-origin-when-cross-origin\" allowfullscreen><\/iframe>\n<\/div><\/figure>\n\n\n\n<p>.<\/p>\n\n\n\n<p>Este <strong>ANTECEDENTE<\/strong> surge luego de que un <strong>tribunal<\/strong> <strong><mark style=\"background-color:rgba(0, 0, 0, 0)\" class=\"has-inline-color has-vivid-red-color\">negara<\/mark> <\/strong>el<strong> amparo directo<\/strong> promovido por una <strong>mujer<\/strong> contra la sentencia emitida en su contra por el <strong>delito<\/strong> de <strong><mark style=\"background-color:rgba(0, 0, 0, 0)\" class=\"has-inline-color has-vivid-red-color\">trata de personas<\/mark><\/strong>, argumentado que luego de que fuera <strong>se\u00f1alada<\/strong> como la <strong>encargada<\/strong> de un inmueble que seg\u00fan <strong>denuncia<\/strong> an\u00f3nima funcionaba como <strong><mark style=\"background-color:rgba(0, 0, 0, 0)\" class=\"has-inline-color has-vivid-red-color\">casa de citas<\/mark><\/strong>, fue llevada a una habitaci\u00f3n por polic\u00edas de investigaci\u00f3n y <strong>obligada<\/strong> a d<strong>esnudarse<\/strong>, para posteriormente <strong>detenerla<\/strong> y ponerla a disposici\u00f3n del Ministerio P\u00fablico acus\u00e1ndola del delito por el que fue condenada, ante la negativa interpuso recurso de revisi\u00f3n.<\/p>\n\n\n\n<p>.<\/p>\n\n\n\n<p>Ante lo anterior la <strong><mark style=\"background-color:rgba(0, 0, 0, 0);color:#0948bd\" class=\"has-inline-color\">Suprema Corte de Justicia<\/mark>, <mark style=\"background-color:rgba(0, 0, 0, 0);color:#9e1111\" class=\"has-inline-color\">DETERMIN\u00d3<\/mark> <\/strong>que es <strong><mark style=\"background-color:#fcb900\" class=\"has-inline-color\">Tortura Sexual<\/mark>, <\/strong>cuando los <strong>agentes<\/strong> que intervienen en un <strong><mark style=\"background-color:#6df3c2\" class=\"has-inline-color\">proceso de detenci\u00f3n o custodia<\/mark><\/strong>,<strong> <\/strong><mark style=\"background-color:rgba(0, 0, 0, 0);color:#b00707\" class=\"has-inline-color\"><strong>Fuerzan <\/strong>u <strong>Obligan<\/strong><\/mark><strong> <\/strong>a una persona a <strong>desnudarse<\/strong> con la <span style=\"text-decoration: underline;\">finalidad de humillar, castigar e intimidar<\/span> y m\u00e1s a\u00fan si es con el <strong>fin <\/strong>es<strong> OBTENER<\/strong> una <strong>confesi\u00f3n u<\/strong> <strong>informaci\u00f3n.<\/strong><\/p>\n\n\n\n<p>.<\/p>\n\n\n\n<p>La<strong> justificaci\u00f3n<\/strong> de la <strong><mark style=\"background-color:rgba(0, 0, 0, 0);color:#055a8c\" class=\"has-inline-color\">SCJN<\/mark> <\/strong>es bajo el <strong>criterio<\/strong> contundente que existe un mandato para la interpretaci\u00f3n de los derechos y las instituciones jur\u00eddicas: <strong>recurrir<\/strong> a la <strong><mark style=\"background-color:rgba(0, 0, 0, 0)\" class=\"has-inline-color has-vivid-red-color\">perspectiva de g\u00e9nero<\/mark><\/strong> para dotar de un contenido espec\u00edfico a los derechos para que \u00e9stos <strong>reflejen<\/strong> las experiencias, dolencias y visiones de los colectivos segregados.<\/p>\n\n\n\n<p>Con respecto a la <strong>actualizaci\u00f3n<\/strong> de la <strong>tortura<\/strong>, es importante aclarar que la consideraci\u00f3n de las <strong>circunstancias <\/strong>de <strong><mark style=\"background-color:rgba(0, 0, 0, 0)\" class=\"has-inline-color has-vivid-red-color\">vulnerabilidad<\/mark><\/strong> de una v\u00edctima de tortura <strong>no implica exigir<\/strong> la comprobaci\u00f3n de cierta <strong><mark style=\"background-color:rgba(0, 0, 0, 0)\" class=\"has-inline-color has-vivid-red-color\">intensidad<\/mark><\/strong> de sufrimiento. <\/p>\n\n\n\n<p>Esta consideraci\u00f3n exige una <strong>valoraci\u00f3n<\/strong> que re\u00fana ciertos elementos objetivos \u2013del ambiente y situaci\u00f3n\u2013 y subjetivos \u2013 qui\u00e9n es la v\u00edctima y cu\u00e1les son las particularidades que la hacen vulnerable\u2013 para calificar el acto intencional de alguna autoridad como apto para provocar sufrimientos o angustia, aunque las instrumentaciones personales de la v\u00edctima hayan impedido que ese sufrimiento o angustia hayan sido efectivamente experimentados. <\/p>\n\n\n\n<p>Dicha revisi\u00f3n mostrar\u00eda c\u00f3mo <strong>ciertos<\/strong> actos pueden ser <strong>v\u00e1lidamente<\/strong> <strong><mark style=\"background-color:rgba(0, 0, 0, 0)\" class=\"has-inline-color has-vivid-red-color\">interpretados<\/mark><\/strong> como actos que <strong>incrementan<\/strong> el <mark style=\"background-color:rgba(0, 0, 0, 0)\" class=\"has-inline-color has-vivid-red-color\"><strong>sufrimiento <\/strong>y el<strong> sentido de humillaci\u00f3n<\/strong><\/mark><strong>.<\/strong><\/p>\n\n\n\n<p>La especial posici\u00f3n de las <strong>mujeres<\/strong> y otros cuerpos <strong>feminizados<\/strong> frente a la violencia y la discriminaci\u00f3n por g\u00e9nero permite deducir que las<strong> agresiones<\/strong> de <strong>car\u00e1cter <\/strong><mark style=\"background-color:rgba(0, 0, 0, 0)\" class=\"has-inline-color has-vivid-red-color\"><strong>sexual<\/strong> <\/mark>cometidas <strong>durante<\/strong> la <strong>detenci\u00f3n<\/strong> pueden <strong>producir<\/strong> en ellas un elevado nivel de <strong><mark style=\"background-color:rgba(0, 0, 0, 0)\" class=\"has-inline-color has-vivid-red-color\">angustia y humillaci\u00f3n<\/mark><\/strong>.<\/p>\n\n\n\n<p>.<\/p>\n\n\n\n<p>Es as\u00ed que <strong><mark style=\"background-color:rgba(0, 0, 0, 0);color:#09439f\" class=\"has-inline-color\">SCJN<\/mark><\/strong> <strong><mark style=\"background-color:#ffffff\" class=\"has-inline-color has-luminous-vivid-orange-color\">DEFINE<\/mark><\/strong> que la <strong>\u201cTortura Sexual\u201d <\/strong>se entiende como la <strong>violencia sexual<\/strong> <strong>IMPUESTA<\/strong> sobre una persona a la que se le <strong><mark style=\"background-color:#fcb900\" class=\"has-inline-color\">degrada y da\u00f1a f\u00edsicamente el cuerpo y la sexualidad<\/mark><\/strong>, ATENTANDO contra su libertad, dignidad e integridad f\u00edsica y psicol\u00f3gica, <strong>caus\u00e1ndole<\/strong> <strong><mark style=\"background-color:rgba(0, 0, 0, 0)\" class=\"has-inline-color has-vivid-red-color\">sufrimiento f\u00edsico y psicol\u00f3gico<\/mark><\/strong> con el <strong>fin de OBTENER<\/strong> una <strong>confesi\u00f3n<\/strong>, <strong>informaci\u00f3n<\/strong>, castigar o intimidar a la v\u00edctima o a un tercero o con cualquier otro fin.<\/p>\n\n\n\n<p>As\u00ed con los est\u00e1ndares constitucionales de fuente interna y externa, as\u00ed como internacionales de protecci\u00f3n de derechos humanos, demuestran que la <strong><mark style=\"background-color:rgba(0, 0, 0, 0)\" class=\"has-inline-color has-vivid-red-color\">desnudez forzada<\/mark><\/strong> <strong>constituye<\/strong> una espec\u00edfica forma de <strong><mark style=\"background-color:rgba(0, 0, 0, 0)\" class=\"has-inline-color has-vivid-red-color\">violencia sexual<\/mark><\/strong> que humilla a la v\u00edctima, pues la expone en toda su vulnerabilidad e indefensi\u00f3n y pretende eliminar su calidad de sujeto para exhibirle como un objeto, circunstancias que evidentemente le ocasionar\u00edan <strong>sufrimiento emocional y psicol\u00f3gico<\/strong>. <\/p>\n\n\n\n<p>Adem\u00e1s de provocar un estado de <strong>terror psicol\u00f3gico<\/strong> ante la expectativa de que las <strong>agresiones sexuales <mark style=\"background-color:rgba(0, 0, 0, 0)\" class=\"has-inline-color has-vivid-red-color\">aumenten<\/mark><\/strong> su intensidad, por lo que es particularmente <strong><mark style=\"background-color:rgba(0, 0, 0, 0)\" class=\"has-inline-color has-vivid-red-color\">intimidante, amenazante, humillante y doloroso<\/mark><\/strong> cuando estos actos son <strong>cometidos<\/strong> por <strong>agentes<\/strong> estatales en un \u00e1mbito de dominaci\u00f3n o control, como ocurre con la detenci\u00f3n. <strong>Son precisamente<\/strong> esta <strong><mark style=\"background-color:#fcb900\" class=\"has-inline-color\">humillaci\u00f3n, amenaza y deshumanizaci\u00f3n<\/mark><\/strong> las finalidades de estos actos violentos.<\/p>\n\n\n\n<p>.<\/p>\n\n\n\n<p>Esta resoluci\u00f3n es de <strong>Aplicaci\u00f3n<\/strong> <strong><mark style=\"background-color:rgba(0, 0, 0, 0);color:#9e0909\" class=\"has-inline-color\">OBLIGATORIA<\/mark> <\/strong>en todo el pa\u00eds a partir de esta semana.<\/p>\n\n\n\n<p>.<\/p>\n\n\n\n<p>.<\/p>\n\n\n\n<p>Si estas en el <strong><mark style=\"background-color:rgba(0, 0, 0, 0)\" class=\"has-inline-color has-vivid-red-color\">Extranjero <\/mark><\/strong>nosotros somos tu <strong><mark style=\"background-color:rgba(0, 0, 0, 0)\" class=\"has-inline-color has-vivid-green-cyan-color\">mejor<\/mark><\/strong> alternativa para <strong><mark style=\"background-color:rgba(0, 0, 0, 0)\" class=\"has-inline-color has-luminous-vivid-orange-color\">velar<\/mark><\/strong> por tus <strong><mark style=\"background-color:rgba(0, 0, 0, 0)\" class=\"has-inline-color has-vivid-cyan-blue-color\">intereses<\/mark><\/strong>.<\/p>\n\n\n\n<p>.<\/p>\n\n\n\n<p>Cuando<strong> necesites<\/strong> ayuda, <strong>asistencia<\/strong> o <strong>planeaci\u00f3n<\/strong> legal, <strong>solicita<\/strong> <strong>Cita Privada<\/strong> <a rel=\"noreferrer noopener\" href=\"mailto:bi@sm99.mx\" target=\"_blank\"><strong>Aqu\u00ed<\/strong><\/a><\/p>\n\n\n\n<p>La informaci\u00f3n que AQU\u00cd te presentamos <strong>deriva<\/strong> de los <strong>Peri\u00f3dicos Oficiales <\/strong>de la<strong> CdMx<\/strong>, <strong>Estado<\/strong> de Mex., Diario <strong>Oficial<\/strong> de la Federaci\u00f3n, Suprema Corte de<strong> Justicia<\/strong> de la Naci\u00f3n, por lo tanto es de <strong>aplicaci\u00f3n OBLIGATORIA<\/strong><\/p>\n\n\n\n<p>Esta informaci\u00f3n procede de la SCJN<\/p>\n\n\n\n<p><\/p>\n\n\n\n<p><strong><mark style=\"background-color:rgba(0, 0, 0, 0)\" class=\"has-inline-color has-luminous-vivid-orange-color\">AY\u00daDANOS<\/mark><\/strong> para que m\u00e1s personas conozcan esta informaci\u00f3n, <strong>Comp\u00e1rtelo<\/strong> en tus redes sociales. ?<\/p>\n\n\n\n<p><\/p>\n\n\n\n<p><\/p>\n","protected":false},"excerpt":{"rendered":"<p>Views: 14 . . Este ANTECEDENTE surge luego de que un tribunal negara el amparo directo promovido por una mujer contra la sentencia emitida en su contra por el delito de trata de personas, argumentado que luego de que fuera se\u00f1alada como la encargada de un inmueble que seg\u00fan denuncia an\u00f3nima funcionaba como casa de [&hellip;]<\/p>\n","protected":false},"author":3,"featured_media":22833,"comment_status":"closed","ping_status":"open","sticky":false,"template":"","format":"standard","meta":{"_jetpack_memberships_contains_paid_content":false,"footnotes":""},"categories":[4],"tags":[],"jetpack_sharing_enabled":true,"jetpack_featured_media_url":"https:\/\/www.salgadonoticias.com\/wp-content\/uploads\/2023\/06\/agentes.webp","_links":{"self":[{"href":"https:\/\/www.salgadonoticias.com\/index.php?rest_route=\/wp\/v2\/posts\/22826"}],"collection":[{"href":"https:\/\/www.salgadonoticias.com\/index.php?rest_route=\/wp\/v2\/posts"}],"about":[{"href":"https:\/\/www.salgadonoticias.com\/index.php?rest_route=\/wp\/v2\/types\/post"}],"author":[{"embeddable":true,"href":"https:\/\/www.salgadonoticias.com\/index.php?rest_route=\/wp\/v2\/users\/3"}],"replies":[{"embeddable":true,"href":"https:\/\/www.salgadonoticias.com\/index.php?rest_route=%2Fwp%2Fv2%2Fcomments&post=22826"}],"version-history":[{"count":9,"href":"https:\/\/www.salgadonoticias.com\/index.php?rest_route=\/wp\/v2\/posts\/22826\/revisions"}],"predecessor-version":[{"id":22854,"href":"https:\/\/www.salgadonoticias.com\/index.php?rest_route=\/wp\/v2\/posts\/22826\/revisions\/22854"}],"wp:featuredmedia":[{"embeddable":true,"href":"https:\/\/www.salgadonoticias.com\/index.php?rest_route=\/wp\/v2\/media\/22833"}],"wp:attachment":[{"href":"https:\/\/www.salgadonoticias.com\/index.php?rest_route=%2Fwp%2Fv2%2Fmedia&parent=22826"}],"wp:term":[{"taxonomy":"category","embeddable":true,"href":"https:\/\/www.salgadonoticias.com\/index.php?rest_route=%2Fwp%2Fv2%2Fcategories&post=22826"},{"taxonomy":"post_tag","embeddable":true,"href":"https:\/\/www.salgadonoticias.com\/index.php?rest_route=%2Fwp%2Fv2%2Ftags&post=22826"}],"curies":[{"name":"wp","href":"https:\/\/api.w.org\/{rel}","templated":true}]}}