{"id":22844,"date":"2023-06-21T00:30:00","date_gmt":"2023-06-21T06:30:00","guid":{"rendered":"http:\/\/www.salgadonoticias.com\/?p=22844"},"modified":"2023-06-21T16:23:15","modified_gmt":"2023-06-21T22:23:15","slug":"patrones-deben-demostrar-que-trabajadores-ya","status":"publish","type":"post","link":"https:\/\/www.salgadonoticias.com\/?p=22844","title":{"rendered":"PATRONES son quienes DEBEN demostrar la fecha en que TERMIN\u00d3 la relaci\u00f3n laboral&#8230;!!!"},"content":{"rendered":"<p>Views: 8<\/p>\n<p>.<\/p>\n\n\n\n<figure class=\"wp-block-embed is-type-video is-provider-youtube wp-block-embed-youtube wp-embed-aspect-16-9 wp-has-aspect-ratio\"><div class=\"wp-block-embed__wrapper\">\n<iframe loading=\"lazy\" title=\"PATRONES son quienes DEBEN demostrar la fecha en que TERMINO la relaci\u00f3n laboral\ufffc\" width=\"640\" height=\"360\" src=\"https:\/\/www.youtube.com\/embed\/BDNLTR85whA?feature=oembed\" frameborder=\"0\" allow=\"accelerometer; autoplay; clipboard-write; encrypted-media; gyroscope; picture-in-picture; web-share\" referrerpolicy=\"strict-origin-when-cross-origin\" allowfullscreen><\/iframe>\n<\/div><\/figure>\n\n\n\n<p>.<\/p>\n\n\n\n<p>Este <strong>ANTECEDENTE<\/strong> surge cando en un juicio de amparo un <strong>patr\u00f3n <mark style=\"background-color:rgba(0, 0, 0, 0)\" class=\"has-inline-color has-vivid-red-color\">argument\u00f3<\/mark><\/strong> que el trabajador es quien <strong><mark style=\"background-color:rgba(0, 0, 0, 0)\" class=\"has-inline-color has-vivid-red-color\">deber\u00eda<\/mark> probar<\/strong> que<strong> subsisti\u00f3 <\/strong>la relaci\u00f3n de trabajo entre el d\u00eda en que el Patr\u00f3n afirm\u00f3 que fue el <strong>\u00faltimo<\/strong> d\u00eda laborado y el que el trabajador dijo haber <strong><mark style=\"background-color:rgba(0, 0, 0, 0)\" class=\"has-inline-color has-vivid-red-color\">rescindido<\/mark><\/strong> <strong>por falta de pago<\/strong> de salario.<\/p>\n\n\n\n<p>.<\/p>\n\n\n\n<p>La <strong><mark style=\"background-color:rgba(0, 0, 0, 0);color:#0816b7\" class=\"has-inline-color\">Suprema Corte de Justica<\/mark>, <\/strong>ante lo anterior <strong><mark style=\"background-color:rgba(0, 0, 0, 0);color:#7c0404\" class=\"has-inline-color\">DETERMIN\u00d3<\/mark><\/strong> que es el <strong>patr\u00f3n<\/strong> quien <mark style=\"background-color:#9aeccb\" class=\"has-inline-color\"><strong>DEBER\u00c1 <\/strong>y<strong> PROBAR\u00c1<\/strong><\/mark><strong> <\/strong>que la <strong>relaci\u00f3n laboral<\/strong> <strong><mark style=\"background-color:rgba(0, 0, 0, 0)\" class=\"has-inline-color has-luminous-vivid-orange-color\">TERMIN\u00d3<\/mark><\/strong> antes de la fecha que el trabajador asegura que fue separado de su fuente de trabajo.<\/p>\n\n\n\n<p>.<\/p>\n\n\n\n<p>La justificaci\u00f3n de la <strong><mark style=\"background-color:rgba(0, 0, 0, 0);color:#010b80\" class=\"has-inline-color\">SCJN<\/mark><\/strong> es porque, cuando el <strong><mark style=\"background-color:rgba(0, 0, 0, 0);color:#4e0b8c\" class=\"has-inline-color\">trabajador<\/mark><\/strong> intenta la acci\u00f3n de <mark style=\"background-color:#ebcd7b\" class=\"has-inline-color has-black-color\"><strong>rescisi\u00f3n<\/strong> por <strong>causas imputables<\/strong> al <strong>patr\u00f3n<\/strong><\/mark> y \u00e9ste se excepciona afirmando que la relaci\u00f3n laboral termin\u00f3 en fecha anterior a aquella en que el trabajador dijo haberse separado de la fuente de trabajo, la <strong><mark style=\"background-color:rgba(0, 0, 0, 0)\" class=\"has-inline-color has-vivid-red-color\">carga de la prueba<\/mark><\/strong> sobre el \u00faltimo d\u00eda laborado <strong><mark style=\"background-color:#78e0ba\" class=\"has-inline-color\">la TIENE el patr\u00f3n<\/mark><\/strong>, al constituir la esencia de su excepci\u00f3n, lo cual se infiere de la fracci\u00f3n II del art. 784 de la Ley Federal del Trabajo (en todo caso <strong>corresponder\u00e1 al patr\u00f3n<\/strong> probar su dicho cuando <mark style=\"background-color:#fcb900\" class=\"has-inline-color\">exista controversia sobre la antig\u00fcedad del trabajador<\/mark>), pues la antig\u00fcedad o tiempo de servicios se fija con base en la fecha de ingreso y conclusi\u00f3n de la relaci\u00f3n de trabajo, por lo que \u00e9sta es un elemento a considerar.<\/p>\n\n\n\n<p>.<\/p>\n\n\n\n<p>.<\/p>\n\n\n\n<p>Esta es una determinaci\u00f3n que HOY como <strong><mark style=\"background-color:rgba(0, 0, 0, 0)\" class=\"has-inline-color has-vivid-red-color\">antecedente <\/mark><\/strong>ya puede <strong>argumentarla<\/strong> quien as\u00ed lo requiera en <strong><mark style=\"background-color:rgba(0, 0, 0, 0)\" class=\"has-inline-color has-vivid-red-color\">todo<\/mark> <\/strong>el <strong>territorio nacional<\/strong> a partir de <strong><mark style=\"background-color:rgba(0, 0, 0, 0)\" class=\"has-inline-color has-vivid-red-color\">esta<\/mark><\/strong> semana.<\/p>\n\n\n\n<p>.<\/p>\n\n\n\n<p>Si estas en el <strong><mark style=\"background-color:rgba(0, 0, 0, 0)\" class=\"has-inline-color has-vivid-red-color\">Extranjero <\/mark><\/strong>nosotros somos tu <strong><mark style=\"background-color:rgba(0, 0, 0, 0)\" class=\"has-inline-color has-vivid-green-cyan-color\">mejor<\/mark><\/strong> alternativa para <strong><mark style=\"background-color:rgba(0, 0, 0, 0)\" class=\"has-inline-color has-luminous-vivid-orange-color\">velar<\/mark><\/strong> por tus <strong><mark style=\"background-color:rgba(0, 0, 0, 0)\" class=\"has-inline-color has-vivid-cyan-blue-color\">intereses<\/mark><\/strong>.<\/p>\n\n\n\n<p>.<\/p>\n\n\n\n<p>Cuando<strong> necesites<\/strong> ayuda, <strong>asistencia<\/strong> o <strong>planeaci\u00f3n<\/strong> legal, <strong>solicita<\/strong> <strong>Cita Privada<\/strong> <a rel=\"noreferrer noopener\" href=\"mailto:bi@sm99.mx\" target=\"_blank\"><strong>Aqu\u00ed<\/strong><\/a><\/p>\n\n\n\n<p>La informaci\u00f3n que AQU\u00cd te presentamos <strong>deriva<\/strong> de los <strong>Peri\u00f3dicos Oficiales <\/strong>de la<strong> CdMx<\/strong>, <strong>Estado<\/strong> de Mex., Diario <strong>Oficial<\/strong> de la Federaci\u00f3n, Suprema Corte de<strong> Justicia<\/strong> de la Naci\u00f3n, por lo tanto es de <strong>aplicaci\u00f3n OBLIGATORIA<\/strong><\/p>\n\n\n\n<p>Esta informaci\u00f3n procede de la SCJN<\/p>\n\n\n\n<p><\/p>\n\n\n\n<p><strong><mark style=\"background-color:rgba(0, 0, 0, 0)\" class=\"has-inline-color has-luminous-vivid-orange-color\">AY\u00daDANOS<\/mark><\/strong> para que m\u00e1s personas conozcan esta informaci\u00f3n, <strong>Comp\u00e1rtelo<\/strong> en tus redes sociales. ?<\/p>\n\n\n\n<p><\/p>\n\n\n\n<p><\/p>\n","protected":false},"excerpt":{"rendered":"<p>Views: 8 . . Este ANTECEDENTE surge cando en un juicio de amparo un patr\u00f3n argument\u00f3 que el trabajador es quien deber\u00eda probar que subsisti\u00f3 la relaci\u00f3n de trabajo entre el d\u00eda en que el Patr\u00f3n afirm\u00f3 que fue el \u00faltimo d\u00eda laborado y el que el trabajador dijo haber rescindido por falta de pago [&hellip;]<\/p>\n","protected":false},"author":3,"featured_media":22845,"comment_status":"closed","ping_status":"open","sticky":false,"template":"","format":"standard","meta":{"_jetpack_memberships_contains_paid_content":false,"footnotes":""},"categories":[4],"tags":[],"jetpack_sharing_enabled":true,"jetpack_featured_media_url":"https:\/\/www.salgadonoticias.com\/wp-content\/uploads\/2023\/06\/juicio-laboral-1.jpg","_links":{"self":[{"href":"https:\/\/www.salgadonoticias.com\/index.php?rest_route=\/wp\/v2\/posts\/22844"}],"collection":[{"href":"https:\/\/www.salgadonoticias.com\/index.php?rest_route=\/wp\/v2\/posts"}],"about":[{"href":"https:\/\/www.salgadonoticias.com\/index.php?rest_route=\/wp\/v2\/types\/post"}],"author":[{"embeddable":true,"href":"https:\/\/www.salgadonoticias.com\/index.php?rest_route=\/wp\/v2\/users\/3"}],"replies":[{"embeddable":true,"href":"https:\/\/www.salgadonoticias.com\/index.php?rest_route=%2Fwp%2Fv2%2Fcomments&post=22844"}],"version-history":[{"count":8,"href":"https:\/\/www.salgadonoticias.com\/index.php?rest_route=\/wp\/v2\/posts\/22844\/revisions"}],"predecessor-version":[{"id":22865,"href":"https:\/\/www.salgadonoticias.com\/index.php?rest_route=\/wp\/v2\/posts\/22844\/revisions\/22865"}],"wp:featuredmedia":[{"embeddable":true,"href":"https:\/\/www.salgadonoticias.com\/index.php?rest_route=\/wp\/v2\/media\/22845"}],"wp:attachment":[{"href":"https:\/\/www.salgadonoticias.com\/index.php?rest_route=%2Fwp%2Fv2%2Fmedia&parent=22844"}],"wp:term":[{"taxonomy":"category","embeddable":true,"href":"https:\/\/www.salgadonoticias.com\/index.php?rest_route=%2Fwp%2Fv2%2Fcategories&post=22844"},{"taxonomy":"post_tag","embeddable":true,"href":"https:\/\/www.salgadonoticias.com\/index.php?rest_route=%2Fwp%2Fv2%2Ftags&post=22844"}],"curies":[{"name":"wp","href":"https:\/\/api.w.org\/{rel}","templated":true}]}}