{"id":22903,"date":"2023-06-26T00:30:00","date_gmt":"2023-06-26T06:30:00","guid":{"rendered":"http:\/\/www.salgadonoticias.com\/?p=22903"},"modified":"2023-06-26T14:03:38","modified_gmt":"2023-06-26T20:03:38","slug":"22903","status":"publish","type":"post","link":"https:\/\/www.salgadonoticias.com\/?p=22903","title":{"rendered":"360 d\u00edas, Base para CALCULAR Salarios VENCIDOS &#8230;!!!"},"content":{"rendered":"<p>Views: 21<\/p>\n<p>.<\/p>\n\n\n\n<figure class=\"wp-block-embed is-type-video is-provider-youtube wp-block-embed-youtube wp-embed-aspect-16-9 wp-has-aspect-ratio\"><div class=\"wp-block-embed__wrapper\">\n<iframe loading=\"lazy\" title=\"360 d\u00edas ser\u00e1 la base para calcular los  Salarios CA\u00cdDOS\" width=\"640\" height=\"360\" src=\"https:\/\/www.youtube.com\/embed\/WC30thJ9LKk?feature=oembed\" frameborder=\"0\" allow=\"accelerometer; autoplay; clipboard-write; encrypted-media; gyroscope; picture-in-picture; web-share\" referrerpolicy=\"strict-origin-when-cross-origin\" allowfullscreen><\/iframe>\n<\/div><\/figure>\n\n\n\n<p>.<\/p>\n\n\n\n<p>Este Antecedente surge:<\/p>\n\n\n\n<p>Despu\u00e9s de que Tribunales tuvieron <strong>criterios <mark style=\"background-color:rgba(0, 0, 0, 0)\" class=\"has-inline-color has-vivid-red-color\">diferentes<\/mark><\/strong> sobre si era <strong>correcto o No<\/strong> la forma de <strong>cuantificar<\/strong> el <strong>pago<\/strong> de salarios vencidos, unos dec\u00edan que deber\u00edan ser <strong><mark style=\"background-color:rgba(0, 0, 0, 0)\" class=\"has-inline-color has-vivid-red-color\">360 d\u00edas<\/mark><\/strong> (12 meses, art. 48 de la LFT) otros estimaban que deber\u00edan ser <strong><mark style=\"background-color:rgba(0, 0, 0, 0)\" class=\"has-inline-color has-luminous-vivid-orange-color\">365<\/mark>.<\/strong><\/p>\n\n\n\n<p>.<\/p>\n\n\n\n<p>Por lo que La <strong><mark><mark style=\"background-color:#ffffff;color:#064468\" class=\"has-inline-color\">Suprema Corte de Justicia<\/mark><\/mark><\/strong> ante lo anterior <strong><mark><mark style=\"background-color:#ffffff;color:#ae0808\" class=\"has-inline-color\">DETERMIN\u00d3<\/mark><\/mark><\/strong> que son <strong><mark style=\"background-color:#fcb900\" class=\"has-inline-color\">360 d\u00edas<\/mark> <\/strong>los que se deben contemplar para <strong><mark style=\"background-color:rgba(0, 0, 0, 0)\" class=\"has-inline-color has-vivid-red-color\">cuantificar<\/mark><\/strong> la condena al <strong><mark style=\"background-color:#fcb900\" class=\"has-inline-color\">pago de salarios vencidos<\/mark><\/strong>. <\/p>\n\n\n\n<p>Debido a que resulta <strong>innecesario<\/strong> determinar el n\u00famero de d\u00edas que <strong><mark style=\"background-color:rgba(0, 0, 0, 0)\" class=\"has-inline-color has-vivid-red-color\">comprenden<\/mark><\/strong> los <strong>12 meses<\/strong>, esto considerando que el legislador previ\u00f3 como par\u00e1metro <strong><mark style=\"background-color:rgba(0, 0, 0, 0)\" class=\"has-inline-color has-vivid-red-color\">temporal<\/mark> y <mark style=\"background-color:rgba(0, 0, 0, 0)\" class=\"has-inline-color has-vivid-red-color\">cuantitativo<\/mark><\/strong> la unidad de tiempo <strong>&#8220;meses&#8221;<\/strong> que, en t\u00e9rminos del art. 89 de la Ley Federal del Trabajo, <strong>comprende<\/strong> <strong>TREINTA d\u00edas;<\/strong> por ende, la cantidad obtenida debe <strong>multiplicarse<\/strong> por <strong>doce<\/strong>, a efecto de obtener la cantidad total m\u00e1xima. <\/p>\n\n\n\n<p>.<\/p>\n\n\n\n<p>La justificaci\u00f3n de la <strong><mark style=\"background-color:rgba(0, 0, 0, 0);color:#065481\" class=\"has-inline-color\">SCJN<\/mark><\/strong>, fue tomada con base en lo estipulado en el art\u00edculo <strong>48<\/strong>, <strong>segundo <mark style=\"background-color:rgba(0, 0, 0, 0)\" class=\"has-inline-color has-vivid-red-color\">p\u00e1rrafo<\/mark><\/strong>, de la Ley Federal del Trabajo, en donde el legislador previ\u00f3 la forma de satisfacer el derecho fundamental a la <strong>indemnizaci\u00f3n <\/strong>en caso de <strong><mark style=\"background-color:rgba(0, 0, 0, 0)\" class=\"has-inline-color has-vivid-red-color\">despido injustificado<\/mark><\/strong>, la cual comprende hasta un <strong>m\u00e1ximo<\/strong> de <strong><mark style=\"background-color:rgba(0, 0, 0, 0)\" class=\"has-inline-color has-vivid-red-color\">doce<\/mark> meses<\/strong> de salarios considerados a partir de la fecha del despido, (esto sin considerar los intereses).<\/p>\n\n\n\n<p>Y conforme a esta redacci\u00f3n, es claro que el legislador opt\u00f3 por una unidad de tiempo espec\u00edfica que se encuentra <strong>regulada<\/strong> por el <strong>art\u00edculo 89<\/strong> del propio ordenamiento legal, bajo la <strong>base <\/strong>de <strong>30 (treinta) d\u00edas,<\/strong> <strong><mark style=\"background-color:#ff6900\" class=\"has-inline-color\">sin que sea dable darle el alcance<\/mark><\/strong> de una diversa equivalencia temporal, como el de <strong><mark style=\"background-color:rgba(0, 0, 0, 0)\" class=\"has-inline-color has-vivid-red-color\">a\u00f1o calendario<\/mark><\/strong> que comprende <strong>365<\/strong> (trescientos sesenta y cinco) d\u00edas, al no ser \u00e9sta la intenci\u00f3n del legislador, sino la de establecer un par\u00e1metro cuantitativo y temporal para su generaci\u00f3n.<\/p>\n\n\n\n<p>.<\/p>\n\n\n\n<p>De ah\u00ed que, para obtener el monto total, quien realice <strong>el c\u00e1lculo<\/strong>, una vez establecido el <strong>salario diario<\/strong>, debe <strong><mark style=\"background-color:rgba(0, 0, 0, 0)\" class=\"has-inline-color has-vivid-red-color\">multiplicarlo<\/mark><\/strong> por <strong>TREINTA d\u00edas<\/strong>, que es el par\u00e1metro referenciado en el diverso art\u00edculo 89 del propio ordenamiento legal, y la <strong>cantidad obtenida multiplicarla por doce<\/strong>, y as\u00ed obtener la cantidad total m\u00e1xima.<\/p>\n\n\n\n<p><\/p>\n\n\n\n<p>.<\/p>\n\n\n\n<p>Esta resoluci\u00f3n es de <strong>Aplicaci\u00f3n<\/strong> <strong><mark style=\"background-color:rgba(0, 0, 0, 0);color:#9e0909\" class=\"has-inline-color\">OBLIGATORIA<\/mark> <\/strong>en todo el pa\u00eds a partir de esta semana.<\/p>\n\n\n\n<p>.<\/p>\n\n\n\n<p>.<\/p>\n\n\n\n<p>Si estas en el <strong><mark style=\"background-color:rgba(0, 0, 0, 0)\" class=\"has-inline-color has-vivid-red-color\">Extranjero <\/mark><\/strong>nosotros somos tu <strong><mark style=\"background-color:rgba(0, 0, 0, 0)\" class=\"has-inline-color has-vivid-green-cyan-color\">mejor<\/mark><\/strong> alternativa para <strong><mark style=\"background-color:rgba(0, 0, 0, 0)\" class=\"has-inline-color has-luminous-vivid-orange-color\">velar<\/mark><\/strong> por tus <strong><mark style=\"background-color:rgba(0, 0, 0, 0)\" class=\"has-inline-color has-vivid-cyan-blue-color\">intereses<\/mark><\/strong>.<\/p>\n\n\n\n<p>.<\/p>\n\n\n\n<p>Cuando<strong> necesites<\/strong> ayuda, <strong>asistencia<\/strong> o <strong>planeaci\u00f3n<\/strong> legal, <strong>solicita<\/strong> <strong>Cita Privada<\/strong> <a rel=\"noreferrer noopener\" href=\"mailto:bi@sm99.mx\" target=\"_blank\"><strong>Aqu\u00ed<\/strong><\/a><\/p>\n\n\n\n<p>La informaci\u00f3n que AQU\u00cd te presentamos <strong>deriva<\/strong> de los <strong>Peri\u00f3dicos Oficiales <\/strong>de la<strong> CdMx<\/strong>, <strong>Estado<\/strong> de Mex., Diario <strong>Oficial<\/strong> de la Federaci\u00f3n, Suprema Corte de<strong> Justicia<\/strong> de la Naci\u00f3n, por lo tanto es de <strong>aplicaci\u00f3n OBLIGATORIA<\/strong><\/p>\n\n\n\n<p>Esta informaci\u00f3n procede de la SCJN<\/p>\n\n\n\n<p><\/p>\n\n\n\n<p><strong><mark style=\"background-color:rgba(0, 0, 0, 0)\" class=\"has-inline-color has-luminous-vivid-orange-color\">AY\u00daDANOS<\/mark><\/strong> para que m\u00e1s personas conozcan esta informaci\u00f3n, <strong>Comp\u00e1rtelo<\/strong> en tus redes sociales. ?<\/p>\n\n\n\n<p><\/p>\n","protected":false},"excerpt":{"rendered":"<p>Views: 21 . . Este Antecedente surge: Despu\u00e9s de que Tribunales tuvieron criterios diferentes sobre si era correcto o No la forma de cuantificar el pago de salarios vencidos, unos dec\u00edan que deber\u00edan ser 360 d\u00edas (12 meses, art. 48 de la LFT) otros estimaban que deber\u00edan ser 365. . Por lo que La Suprema [&hellip;]<\/p>\n","protected":false},"author":3,"featured_media":22905,"comment_status":"closed","ping_status":"open","sticky":false,"template":"","format":"standard","meta":{"_jetpack_memberships_contains_paid_content":false,"footnotes":""},"categories":[4],"tags":[],"jetpack_sharing_enabled":true,"jetpack_featured_media_url":"https:\/\/www.salgadonoticias.com\/wp-content\/uploads\/2023\/06\/salarios.jpg","_links":{"self":[{"href":"https:\/\/www.salgadonoticias.com\/index.php?rest_route=\/wp\/v2\/posts\/22903"}],"collection":[{"href":"https:\/\/www.salgadonoticias.com\/index.php?rest_route=\/wp\/v2\/posts"}],"about":[{"href":"https:\/\/www.salgadonoticias.com\/index.php?rest_route=\/wp\/v2\/types\/post"}],"author":[{"embeddable":true,"href":"https:\/\/www.salgadonoticias.com\/index.php?rest_route=\/wp\/v2\/users\/3"}],"replies":[{"embeddable":true,"href":"https:\/\/www.salgadonoticias.com\/index.php?rest_route=%2Fwp%2Fv2%2Fcomments&post=22903"}],"version-history":[{"count":9,"href":"https:\/\/www.salgadonoticias.com\/index.php?rest_route=\/wp\/v2\/posts\/22903\/revisions"}],"predecessor-version":[{"id":22936,"href":"https:\/\/www.salgadonoticias.com\/index.php?rest_route=\/wp\/v2\/posts\/22903\/revisions\/22936"}],"wp:featuredmedia":[{"embeddable":true,"href":"https:\/\/www.salgadonoticias.com\/index.php?rest_route=\/wp\/v2\/media\/22905"}],"wp:attachment":[{"href":"https:\/\/www.salgadonoticias.com\/index.php?rest_route=%2Fwp%2Fv2%2Fmedia&parent=22903"}],"wp:term":[{"taxonomy":"category","embeddable":true,"href":"https:\/\/www.salgadonoticias.com\/index.php?rest_route=%2Fwp%2Fv2%2Fcategories&post=22903"},{"taxonomy":"post_tag","embeddable":true,"href":"https:\/\/www.salgadonoticias.com\/index.php?rest_route=%2Fwp%2Fv2%2Ftags&post=22903"}],"curies":[{"name":"wp","href":"https:\/\/api.w.org\/{rel}","templated":true}]}}