{"id":22930,"date":"2023-06-27T00:45:00","date_gmt":"2023-06-27T06:45:00","guid":{"rendered":"http:\/\/www.salgadonoticias.com\/?p=22930"},"modified":"2023-06-26T18:14:52","modified_gmt":"2023-06-27T00:14:52","slug":"22930","status":"publish","type":"post","link":"https:\/\/www.salgadonoticias.com\/?p=22930","title":{"rendered":"Calendarios Escolares ciclo 2023-2024&#8230;!!!"},"content":{"rendered":"<p>Views: 14<\/p>\n<p>.<\/p>\n\n\n\n<p>Se emiten por parte de la <strong><mark style=\"background-color:rgba(0, 0, 0, 0);color:#960505\" class=\"has-inline-color\">SEP<\/mark><\/strong> los <strong>Calendarios Oficiales <\/strong>para el <strong>ciclo <\/strong>escolar <strong>2023-2024<\/strong><\/p>\n\n\n\n<p>.<\/p>\n\n\n\n<p><strong><mark style=\"background-color:#a5eed1\" class=\"has-inline-color\">Preescolar, Primaria y Secundaria <\/mark><\/strong><\/p>\n\n\n\n<ul>\n<li>Constara de <strong><mark style=\"background-color:rgba(0, 0, 0, 0);color:#aa0303\" class=\"has-inline-color\">190<\/mark> <\/strong>d\u00edas<\/li>\n\n\n\n<li><strong><mark style=\"background-color:rgba(0, 0, 0, 0)\" class=\"has-inline-color has-luminous-vivid-orange-color\">Inicia <\/mark><\/strong>el <strong>28 <\/strong>de <strong>agosto<\/strong> del 20<strong>2<\/strong>3. <mark style=\"background-color:rgba(0, 0, 0, 0);color:#0037a3\" class=\"has-inline-color\"><strong>Termina<\/strong> <\/mark>el <strong>16<\/strong> de <strong>julio<\/strong> de 20<strong>23<\/strong><\/li>\n\n\n\n<li><strong>8 <\/strong>d\u00edas de <span style=\"color:#a30081\" class=\"has-inline-color\"><strong>Consejo T\u00e9cnico<\/strong><\/span><\/li>\n\n\n\n<li><strong>2<\/strong> periodos <strong><span style=\"color:#a31a00\" class=\"has-inline-color\">vacacionales<\/span><\/strong> (navidad y semana santa)<\/li>\n\n\n\n<li><mark style=\"background-color:rgba(0, 0, 0, 0)\" class=\"has-inline-color has-vivid-red-color\"><strong>Talleres <\/strong><span style=\"text-decoration: underline;\">intensivos <\/span>de<strong> Formaci\u00f3n<\/strong> <span style=\"text-decoration: underline;\">continua<\/span> para <strong>Docentes<\/strong><\/mark><mark style=\"background-color:rgba(0, 0, 0, 0);color:#155f8e\" class=\"has-inline-color\">,<\/mark> del 2 al 5 de enero y 17 al 19 de julio del 2023<\/li>\n\n\n\n<li><strong>8 <\/strong>d\u00edas de <strong>suspensi\u00f3n <\/strong>de labores <strong><span style=\"color:#0014a3\" class=\"has-inline-color\">Obligatorias<\/span><\/strong><\/li>\n\n\n\n<li><strong><span class=\"has-inline-color has-vivid-red-color\">Febrero<\/span> <span style=\"color:#3da300\" class=\"has-inline-color\">preinscripciones<\/span><\/strong> para <strong>preescolar<\/strong>, <strong>1ero.<\/strong> de <strong>Primaria <\/strong>y <strong>Secundaria<\/strong>.<\/li>\n<\/ul>\n\n\n\n<p>.<\/p>\n\n\n\n<p><strong><mark style=\"background-color:#ea94a9\" class=\"has-inline-color\">Educaci\u00f3n Normal&nbsp;<\/mark><\/strong><\/p>\n\n\n\n<ul>\n<li>Constar\u00e1 de <strong><mark style=\"background-color:rgba(0, 0, 0, 0);color:#900606\" class=\"has-inline-color\">195<\/mark> <\/strong>d\u00edas<\/li>\n\n\n\n<li><strong>2<\/strong> periodos <strong><mark style=\"background-color:rgba(0, 0, 0, 0);color:#9c4202\" class=\"has-inline-color\">vacacionales<\/mark><\/strong> (navidad y semana santa)<\/li>\n\n\n\n<li><strong>9<\/strong> d\u00edas de <strong>planeaci\u00f3n y habilitaci\u00f3n<\/strong> de docentes<\/li>\n\n\n\n<li><strong>5 <\/strong>d\u00edas para APLICACION de <strong><mark style=\"background-color:rgba(0, 0, 0, 0);color:#088d20\" class=\"has-inline-color\">ex\u00e1menes profesionales<\/mark><\/strong><\/li>\n\n\n\n<li><strong>8<\/strong> d\u00edas de <strong>suspensi\u00f3n <\/strong>de labores <strong><mark style=\"background-color:rgba(0, 0, 0, 0);color:#0709e3\" class=\"has-inline-color\">Obligatorias<\/mark><\/strong><\/li>\n<\/ul>\n\n\n\n<p><\/p>\n\n\n\n<p>.<\/p>\n\n\n\n<p>Cuando<strong> necesites<\/strong> ayuda, <strong>asistencia<\/strong> o <strong>planeaci\u00f3n<\/strong> legal, <strong>solicita<\/strong> <strong>Cita Privada<\/strong> <a rel=\"noreferrer noopener\" href=\"mailto:bi@sm99.mx\" target=\"_blank\"><strong>Aqu\u00ed<\/strong><\/a><\/p>\n\n\n\n<p>La informaci\u00f3n que AQU\u00cd te presentamos <strong>deriva<\/strong> de los <strong>Peri\u00f3dicos Oficiales <\/strong>de la<strong> CdMx<\/strong>, <strong>Estado<\/strong> de Mex., Diario <strong>Oficial<\/strong> de la Federaci\u00f3n, Suprema Corte de<strong> Justicia<\/strong> de la Naci\u00f3n, por lo tanto es de <strong>aplicaci\u00f3n OBLIGATORIA<\/strong><\/p>\n\n\n\n<p>Esta informaci\u00f3n procede del Diario Oficial<\/p>\n\n\n\n<p><\/p>\n\n\n\n<p><strong><mark style=\"background-color:rgba(0, 0, 0, 0)\" class=\"has-inline-color has-luminous-vivid-orange-color\">AY\u00daDANOS<\/mark><\/strong> para que m\u00e1s personas conozcan esta informaci\u00f3n, <strong>Comp\u00e1rtelo<\/strong> en tus redes sociales. ?<\/p>\n\n\n\n<p><\/p>\n","protected":false},"excerpt":{"rendered":"<p>Views: 14 . Se emiten por parte de la SEP los Calendarios Oficiales para el ciclo escolar 2023-2024 . Preescolar, Primaria y Secundaria . Educaci\u00f3n Normal&nbsp; . Cuando necesites ayuda, asistencia o planeaci\u00f3n legal, solicita Cita Privada Aqu\u00ed La informaci\u00f3n que AQU\u00cd te presentamos deriva de los Peri\u00f3dicos Oficiales de la CdMx, Estado de Mex., [&hellip;]<\/p>\n","protected":false},"author":3,"featured_media":22942,"comment_status":"closed","ping_status":"open","sticky":false,"template":"","format":"standard","meta":{"_jetpack_memberships_contains_paid_content":false,"footnotes":""},"categories":[4],"tags":[],"jetpack_sharing_enabled":true,"jetpack_featured_media_url":"https:\/\/www.salgadonoticias.com\/wp-content\/uploads\/2023\/06\/calendario.jpg","_links":{"self":[{"href":"https:\/\/www.salgadonoticias.com\/index.php?rest_route=\/wp\/v2\/posts\/22930"}],"collection":[{"href":"https:\/\/www.salgadonoticias.com\/index.php?rest_route=\/wp\/v2\/posts"}],"about":[{"href":"https:\/\/www.salgadonoticias.com\/index.php?rest_route=\/wp\/v2\/types\/post"}],"author":[{"embeddable":true,"href":"https:\/\/www.salgadonoticias.com\/index.php?rest_route=\/wp\/v2\/users\/3"}],"replies":[{"embeddable":true,"href":"https:\/\/www.salgadonoticias.com\/index.php?rest_route=%2Fwp%2Fv2%2Fcomments&post=22930"}],"version-history":[{"count":7,"href":"https:\/\/www.salgadonoticias.com\/index.php?rest_route=\/wp\/v2\/posts\/22930\/revisions"}],"predecessor-version":[{"id":22944,"href":"https:\/\/www.salgadonoticias.com\/index.php?rest_route=\/wp\/v2\/posts\/22930\/revisions\/22944"}],"wp:featuredmedia":[{"embeddable":true,"href":"https:\/\/www.salgadonoticias.com\/index.php?rest_route=\/wp\/v2\/media\/22942"}],"wp:attachment":[{"href":"https:\/\/www.salgadonoticias.com\/index.php?rest_route=%2Fwp%2Fv2%2Fmedia&parent=22930"}],"wp:term":[{"taxonomy":"category","embeddable":true,"href":"https:\/\/www.salgadonoticias.com\/index.php?rest_route=%2Fwp%2Fv2%2Fcategories&post=22930"},{"taxonomy":"post_tag","embeddable":true,"href":"https:\/\/www.salgadonoticias.com\/index.php?rest_route=%2Fwp%2Fv2%2Ftags&post=22930"}],"curies":[{"name":"wp","href":"https:\/\/api.w.org\/{rel}","templated":true}]}}