{"id":22985,"date":"2023-06-29T00:30:00","date_gmt":"2023-06-29T06:30:00","guid":{"rendered":"http:\/\/www.salgadonoticias.com\/?p=22985"},"modified":"2023-06-29T12:36:43","modified_gmt":"2023-06-29T18:36:43","slug":"22985","status":"publish","type":"post","link":"https:\/\/www.salgadonoticias.com\/?p=22985","title":{"rendered":"Para Pensi\u00f3n por Vejez, es Indispensable CONSTANCIA de NEGATIVA para que proceda demanda&#8230;!!!"},"content":{"rendered":"<p>Views: 15<\/p>\n<p>.<\/p>\n\n\n\n<p>El ANTECEDENTE surge luego de que:<\/p>\n\n\n\n<p>Una persona <strong>reclam\u00f3<\/strong> del <strong>Instituto Mexicano del Seguro Social<\/strong>, entre otras prestaciones, el otorgamiento y pago de la <strong><mark style=\"background-color:rgba(0, 0, 0, 0)\" class=\"has-inline-color has-vivid-red-color\">pensi\u00f3n de vejez<\/mark><\/strong>, sin<strong> <mark style=\"background-color:#fcb900\" class=\"has-inline-color\">que acompa\u00f1ara<\/mark><\/strong> a su <strong>escrito <mark style=\"background-color:rgba(0, 0, 0, 0)\" class=\"has-inline-color has-vivid-red-color\">inicial<\/mark><\/strong> la <strong>resoluci\u00f3n de negativa de pensi\u00f3n<\/strong>. <\/p>\n\n\n\n<p>La Junta responsable <strong>conden\u00f3 <\/strong>al Instituto Mexicano del Seguro Social al <strong><mark style=\"background-color:rgba(0, 0, 0, 0)\" class=\"has-inline-color has-vivid-red-color\">otorgamiento y pago de dicha prestaci\u00f3n<\/mark><\/strong>.<\/p>\n\n\n\n<p>.<\/p>\n\n\n\n<p>La <mark><mark style=\"background-color:#ffffff;color:#055380\" class=\"has-inline-color\"><strong>Suprema Corte de Justica<\/strong> <\/mark><\/mark>ante lo anterior <strong><mark style=\"background-color:rgba(0, 0, 0, 0);color:#8e0404\" class=\"has-inline-color\">DETERMIN\u00d3<\/mark><\/strong> que en los <em>conflictos individuales de seguridad<\/em> es <strong>INDISPENSABLE <\/strong>presentar la <strong><mark>constancia<\/mark><\/strong> de <mark><strong>otorgamiento o negativa<\/strong> de <strong>pensi\u00f3n<\/strong><\/mark>, ya que de otra forma su <strong>demanda<\/strong> NO podr\u00e1 <strong>ser admitida<\/strong>.<\/p>\n\n\n\n<p>.<\/p>\n\n\n\n<p>La Justificaci\u00f3n de la <strong>SCJN<\/strong> estableci\u00f3 que los requisitos exigidos en el art\u00edculo 899-C de la Ley Federal del Trabajo constituyen presupuestos <strong><mark style=\"background-color:rgba(0, 0, 0, 0)\" class=\"has-inline-color has-vivid-red-color\">necesarios<\/mark><\/strong> para el <strong>ejercicio de la acci\u00f3n<\/strong>, en la jurisprudencia 2a.\/J. 32\/2019 (10a.), de rubro: &#8220;CONFLICTOS INDIVIDUALES DE SEGURIDAD SOCIAL. LAS PRUEBAS RELACIONADAS CON LA PROCEDENCIA DE LA ACCI\u00d3N Y LOS HECHOS QUE LA SUSTENTAN <strong>DEBEN OFRECERSE Y EXHIBIRSE CON LA DEMANDA,<\/strong> EN T\u00c9RMINOS DEL ART\u00cdCULO 899-C DE LA LEY FEDERAL DEL TRABAJO.&#8221;. Ante lo anterior, si el actor <strong><mark style=\"background-color:#fcb900\" class=\"has-inline-color\">OMITE<\/mark><\/strong> <strong>presentar<\/strong> la <strong>constancia de otorgamiento o <mark style=\"background-color:rgba(0, 0, 0, 0)\" class=\"has-inline-color has-vivid-red-color\">negativa de pensi\u00f3n<\/mark><\/strong> a que se refiere el art\u00edculo y la ley citados, ya que dicho documento constituye un <strong>presupuesto procesal necesario<\/strong> <mark style=\"background-color:rgba(0, 0, 0, 0)\" class=\"has-inline-color has-vivid-red-color\">para el <strong>ejercicio<\/strong> y <strong>procedencia<\/strong><\/mark><strong> de la acci\u00f3n<\/strong>, al ser el documento base de la acci\u00f3n o, en su caso, la solicitud de pensi\u00f3n respectiva, ello trae como consecuencia la <strong>no integraci\u00f3n adecuada de la litis<\/strong>, lo que conduce a la <strong><mark style=\"background-color:#ff6900\" class=\"has-inline-color\">improcedencia<\/mark><\/strong> de la acci\u00f3n intentada.<\/p>\n\n\n\n<p>.<\/p>\n\n\n\n<p>Esta resoluci\u00f3n es de <strong>aplicaci\u00f3n<\/strong> <strong><mark style=\"background-color:rgba(0, 0, 0, 0)\" class=\"has-inline-color has-vivid-red-color\">OBLIGATORIA<\/mark><\/strong> en <strong>todo<\/strong> el <strong>territorio nacional <\/strong>a partir de esta semana<\/p>\n\n\n\n<p>.<\/p>\n\n\n\n<p>.<\/p>\n\n\n\n<p>Si estas en el <strong><mark style=\"background-color:rgba(0, 0, 0, 0)\" class=\"has-inline-color has-vivid-red-color\">extranjero<\/mark><\/strong> nosotros somos tu <strong><mark style=\"background-color:rgba(0, 0, 0, 0)\" class=\"has-inline-color has-vivid-green-cyan-color\">mejor<\/mark><\/strong> alternativa para<strong><mark style=\"background-color:rgba(0, 0, 0, 0)\" class=\"has-inline-color has-luminous-vivid-orange-color\"> velar<\/mark><\/strong> por tus <strong><mark style=\"background-color:rgba(0, 0, 0, 0)\" class=\"has-inline-color has-vivid-cyan-blue-color\">intereses<\/mark><\/strong>, escr\u00edbenos o ll\u00e1manos al Tel <strong>55581-11311<\/strong>.<\/p>\n\n\n\n<p>.<\/p>\n\n\n\n<p>Cuando <strong>necesites<\/strong> ayuda, <strong>asistencia<\/strong> o <strong>planeaci\u00f3n<\/strong> legal, <strong>solicita Cita Privada<\/strong> <a rel=\"noreferrer noopener\" href=\"mailto:bi@sm99.mx\" target=\"_blank\"><strong>Aqu\u00ed<\/strong><\/a><\/p>\n\n\n\n<p>.<\/p>\n\n\n\n<p>La informaci\u00f3n que AQU\u00cd te presentamos <strong>deriva<\/strong> de los <strong>Peri\u00f3dicos Oficiales<\/strong> de la <strong>CdMx, Estado <\/strong>de M\u00e9x., Diario <strong>Oficial<\/strong> de la Federaci\u00f3n, Suprema Corte de <strong>Justicia<\/strong> de la Naci\u00f3n, lo tanto es de <strong>aplicaci\u00f3n Obligatoria.<\/strong><\/p>\n\n\n\n<p>La <strong>informaci\u00f3n <\/strong>de hoy procede de la Suprema Corte<\/p>\n\n\n\n<p><strong><mark style=\"background-color:rgba(0, 0, 0, 0)\" class=\"has-inline-color has-luminous-vivid-orange-color\">Ayudanos<\/mark> <\/strong>para que m\u00e1s personas conozcan esta informaci\u00f3n, <strong>Comp\u00e1rtelo<\/strong> en tus redes sociales.<\/p>\n","protected":false},"excerpt":{"rendered":"<p>Views: 15 . El ANTECEDENTE surge luego de que: Una persona reclam\u00f3 del Instituto Mexicano del Seguro Social, entre otras prestaciones, el otorgamiento y pago de la pensi\u00f3n de vejez, sin que acompa\u00f1ara a su escrito inicial la resoluci\u00f3n de negativa de pensi\u00f3n. La Junta responsable conden\u00f3 al Instituto Mexicano del Seguro Social al otorgamiento [&hellip;]<\/p>\n","protected":false},"author":3,"featured_media":22995,"comment_status":"closed","ping_status":"open","sticky":false,"template":"","format":"standard","meta":{"_jetpack_memberships_contains_paid_content":false,"footnotes":""},"categories":[4],"tags":[],"jetpack_sharing_enabled":true,"jetpack_featured_media_url":"https:\/\/www.salgadonoticias.com\/wp-content\/uploads\/2023\/06\/pensiones.jpg","_links":{"self":[{"href":"https:\/\/www.salgadonoticias.com\/index.php?rest_route=\/wp\/v2\/posts\/22985"}],"collection":[{"href":"https:\/\/www.salgadonoticias.com\/index.php?rest_route=\/wp\/v2\/posts"}],"about":[{"href":"https:\/\/www.salgadonoticias.com\/index.php?rest_route=\/wp\/v2\/types\/post"}],"author":[{"embeddable":true,"href":"https:\/\/www.salgadonoticias.com\/index.php?rest_route=\/wp\/v2\/users\/3"}],"replies":[{"embeddable":true,"href":"https:\/\/www.salgadonoticias.com\/index.php?rest_route=%2Fwp%2Fv2%2Fcomments&post=22985"}],"version-history":[{"count":9,"href":"https:\/\/www.salgadonoticias.com\/index.php?rest_route=\/wp\/v2\/posts\/22985\/revisions"}],"predecessor-version":[{"id":23013,"href":"https:\/\/www.salgadonoticias.com\/index.php?rest_route=\/wp\/v2\/posts\/22985\/revisions\/23013"}],"wp:featuredmedia":[{"embeddable":true,"href":"https:\/\/www.salgadonoticias.com\/index.php?rest_route=\/wp\/v2\/media\/22995"}],"wp:attachment":[{"href":"https:\/\/www.salgadonoticias.com\/index.php?rest_route=%2Fwp%2Fv2%2Fmedia&parent=22985"}],"wp:term":[{"taxonomy":"category","embeddable":true,"href":"https:\/\/www.salgadonoticias.com\/index.php?rest_route=%2Fwp%2Fv2%2Fcategories&post=22985"},{"taxonomy":"post_tag","embeddable":true,"href":"https:\/\/www.salgadonoticias.com\/index.php?rest_route=%2Fwp%2Fv2%2Ftags&post=22985"}],"curies":[{"name":"wp","href":"https:\/\/api.w.org\/{rel}","templated":true}]}}