{"id":23017,"date":"2023-06-30T00:54:00","date_gmt":"2023-06-30T06:54:00","guid":{"rendered":"http:\/\/www.salgadonoticias.com\/?p=23017"},"modified":"2023-06-30T15:04:13","modified_gmt":"2023-06-30T21:04:13","slug":"23017","status":"publish","type":"post","link":"https:\/\/www.salgadonoticias.com\/?p=23017","title":{"rendered":"Si demandamos INDEMNIZACI\u00d3N el salario se calcula DIFERENTE a si demandamos REISTALACI\u00d3N&#8230;!!!"},"content":{"rendered":"<p>Views: 16<\/p>\n<p>.<\/p>\n\n\n\n<figure class=\"wp-block-embed is-type-video is-provider-youtube wp-block-embed-youtube wp-embed-aspect-16-9 wp-has-aspect-ratio\"><div class=\"wp-block-embed__wrapper\">\n<iframe loading=\"lazy\" title=\"Si Demandamos INDEMNIZACI\u00d3N el salario se calcula diferente a s\u00ed demandamos REINSTALACI\u00d3N \u2026!!!\" width=\"640\" height=\"360\" src=\"https:\/\/www.youtube.com\/embed\/wrR-I-_i_zU?feature=oembed\" frameborder=\"0\" allow=\"accelerometer; autoplay; clipboard-write; encrypted-media; gyroscope; picture-in-picture; web-share\" referrerpolicy=\"strict-origin-when-cross-origin\" allowfullscreen><\/iframe>\n<\/div><\/figure>\n\n\n\n<p>.<\/p>\n\n\n\n<p>Este <strong>ANTECEDENTE<\/strong>\u2026<\/p>\n\n\n\n<p>Surge despu\u00e9s de que Un juez <strong>condenara al <mark style=\"background-color:rgba(0, 0, 0, 0)\" class=\"has-inline-color has-vivid-red-color\">Patr\u00f3n<\/mark><\/strong> a el pago de la<strong> indemnizaci\u00f3n constitucional<\/strong> y otras prestaciones a un trabajador luego de que se <strong>acredit\u00f3 <\/strong>el <strong><mark style=\"background-color:rgba(0, 0, 0, 0)\" class=\"has-inline-color has-vivid-red-color\">despido injustificado<\/mark><\/strong> del que fue objeto.<\/p>\n\n\n\n<p>.<\/p>\n\n\n\n<p>Para ello la <strong><mark style=\"background-color:rgba(0, 0, 0, 0);color:#02099d\" class=\"has-inline-color\">Suprema Corte de Justicia<\/mark>, <mark style=\"background-color:rgba(0, 0, 0, 0);color:#aa0707\" class=\"has-inline-color\">DETERMIN\u00d3<\/mark><\/strong> que el <strong><mark style=\"background-color:rgba(0, 0, 0, 0)\" class=\"has-inline-color has-luminous-vivid-orange-color\">salario<\/mark><\/strong> con el que se debe calcular el <mark style=\"background-color:rgba(0, 0, 0, 0)\" class=\"has-inline-color has-vivid-red-color\"><strong>PAGO<\/strong> <\/mark>de la <strong><mark style=\"background-color:#fad264\" class=\"has-inline-color\">indemnizaci\u00f3n<\/mark><\/strong> constitucional es el que el <span style=\"text-decoration: underline;\">trabajador<\/span> <strong><mark style=\"background-color:rgba(0, 0, 0, 0);color:#408f04\" class=\"has-inline-color\">percib\u00eda<\/mark><\/strong> en la fecha en que <mark style=\"background-color:#b0f8db\" class=\"has-inline-color\"><strong>termin\u00f3<\/strong> el <strong>v\u00ednculo laboral<\/strong><\/mark> con el patr\u00f3n, y <strong>NO<\/strong> el que corresponda o <strong>est\u00e9 vigente<\/strong> en la <strong>fecha<\/strong> en que \u00e9sta se cubra.<\/p>\n\n\n\n<p>.<\/p>\n\n\n\n<p>La Justificaci\u00f3n de la <strong>SCJN<\/strong> sobre la indemnizaci\u00f3n constitucional constituye una <strong><mark style=\"background-color:rgba(0, 0, 0, 0)\" class=\"has-inline-color has-vivid-red-color\">reparaci\u00f3n<\/mark> legal<\/strong> pecuniaria de un <strong>da\u00f1o o perjuicio<\/strong> originado al trabajador por causas imputables al patr\u00f3n, es decir, <strong>por el <mark style=\"background-color:rgba(0, 0, 0, 0)\" class=\"has-inline-color has-vivid-red-color\">despido injustificado<\/mark><\/strong>, por lo que si el trabajador opta por el pago de dicha indemnizaci\u00f3n, ello hace que la relaci\u00f3n laboral ya no exista, dada la voluntad de no continuarla.<\/p>\n\n\n\n<p>Por tanto, el monto con el que <strong>debe<\/strong> cubrirse corresponde al <strong>salario percibido<\/strong> en la fecha en que <strong><mark style=\"background-color:rgba(0, 0, 0, 0)\" class=\"has-inline-color has-vivid-red-color\">ocurri\u00f3 la ruptura<\/mark><\/strong> del v\u00ednculo, porque <strong><mark style=\"background-color:#fcb900\" class=\"has-inline-color\">en ese momento surge ese derecho<\/mark><\/strong> y no cuando se realice el pago de la propia indemnizaci\u00f3n. <\/p>\n\n\n\n<p>Sin que se desconozca que el primer p\u00e1rrafo del art\u00edculo 48 de la Ley Federal del Trabajo establece que aqu\u00e9l podr\u00e1 solicitar que se le<mark style=\"background-color:rgba(0, 0, 0, 0)\" class=\"has-inline-color has-vivid-red-color\"> <strong>reinstale<\/strong><\/mark> en el trabajo que desempe\u00f1aba, <strong>o que se le indemnice<\/strong> con el importe de<strong> 3 meses de salario<\/strong>, a raz\u00f3n del que corresponda <strong><mark style=\"background-color:rgba(0, 0, 0, 0)\" class=\"has-inline-color has-vivid-red-color\">a la fecha<\/mark> en que se realice el pago<\/strong>, ya que tal fecha recae en la data en que <strong>concluy\u00f3<\/strong> la relaci\u00f3n laboral, porque esa porci\u00f3n normativa debe interpretarse en concordancia con el articulo 89 de la misma ley, que establece que <strong>para determinar el monto de las indemnizaciones se tomar\u00e1 como base el salario correspondiente al <mark style=\"background-color:#fcb900\" class=\"has-inline-color\">d\u00eda en que nazca<\/mark><\/strong> el derecho a la indemnizaci\u00f3n.<\/p>\n\n\n\n<p>De ah\u00ed que <strong>no proceda<\/strong> ordenar la <strong><mark style=\"background-color:rgba(0, 0, 0, 0)\" class=\"has-inline-color has-vivid-red-color\">apertura del incidente<\/mark> de liquidaci\u00f3n<\/strong> para cuantificar las posibles diferencias que pudiesen presentarse <strong>entre<\/strong> la fecha de la <strong><mark style=\"background-color:rgba(0, 0, 0, 0)\" class=\"has-inline-color has-vivid-red-color\">ruptura<\/mark> del v\u00ednculo laboral y la de <mark style=\"background-color:rgba(0, 0, 0, 0)\" class=\"has-inline-color has-vivid-red-color\">pago<\/mark><\/strong>, pues cuando <strong>se opta<\/strong> por la <strong>indemnizaci\u00f3n<\/strong> no hay raz\u00f3n para <strong>actualizar<\/strong> el monto de los pagos, como ocurre cuando se demanda la <strong>reinstalaci\u00f3n<\/strong>, en cuyo caso <mark style=\"background-color:#ff6900\" class=\"has-inline-color\">s\u00ed amerita<\/mark> <strong><mark style=\"background-color:rgba(0, 0, 0, 0)\" class=\"has-inline-color has-vivid-red-color\">actualizaci\u00f3n<\/mark><\/strong> a la fecha en que \u00e9sta se realice.<\/p>\n","protected":false},"excerpt":{"rendered":"<p>Views: 16 . . Este ANTECEDENTE\u2026 Surge despu\u00e9s de que Un juez condenara al Patr\u00f3n a el pago de la indemnizaci\u00f3n constitucional y otras prestaciones a un trabajador luego de que se acredit\u00f3 el despido injustificado del que fue objeto. . Para ello la Suprema Corte de Justicia, DETERMIN\u00d3 que el salario con el que [&hellip;]<\/p>\n","protected":false},"author":3,"featured_media":23023,"comment_status":"closed","ping_status":"open","sticky":false,"template":"","format":"standard","meta":{"_jetpack_memberships_contains_paid_content":false,"footnotes":""},"categories":[4],"tags":[],"jetpack_sharing_enabled":true,"jetpack_featured_media_url":"https:\/\/www.salgadonoticias.com\/wp-content\/uploads\/2023\/06\/Indemnizacion-despido.jpg","_links":{"self":[{"href":"https:\/\/www.salgadonoticias.com\/index.php?rest_route=\/wp\/v2\/posts\/23017"}],"collection":[{"href":"https:\/\/www.salgadonoticias.com\/index.php?rest_route=\/wp\/v2\/posts"}],"about":[{"href":"https:\/\/www.salgadonoticias.com\/index.php?rest_route=\/wp\/v2\/types\/post"}],"author":[{"embeddable":true,"href":"https:\/\/www.salgadonoticias.com\/index.php?rest_route=\/wp\/v2\/users\/3"}],"replies":[{"embeddable":true,"href":"https:\/\/www.salgadonoticias.com\/index.php?rest_route=%2Fwp%2Fv2%2Fcomments&post=23017"}],"version-history":[{"count":7,"href":"https:\/\/www.salgadonoticias.com\/index.php?rest_route=\/wp\/v2\/posts\/23017\/revisions"}],"predecessor-version":[{"id":23046,"href":"https:\/\/www.salgadonoticias.com\/index.php?rest_route=\/wp\/v2\/posts\/23017\/revisions\/23046"}],"wp:featuredmedia":[{"embeddable":true,"href":"https:\/\/www.salgadonoticias.com\/index.php?rest_route=\/wp\/v2\/media\/23023"}],"wp:attachment":[{"href":"https:\/\/www.salgadonoticias.com\/index.php?rest_route=%2Fwp%2Fv2%2Fmedia&parent=23017"}],"wp:term":[{"taxonomy":"category","embeddable":true,"href":"https:\/\/www.salgadonoticias.com\/index.php?rest_route=%2Fwp%2Fv2%2Fcategories&post=23017"},{"taxonomy":"post_tag","embeddable":true,"href":"https:\/\/www.salgadonoticias.com\/index.php?rest_route=%2Fwp%2Fv2%2Ftags&post=23017"}],"curies":[{"name":"wp","href":"https:\/\/api.w.org\/{rel}","templated":true}]}}