{"id":23031,"date":"2023-07-01T00:28:00","date_gmt":"2023-07-01T06:28:00","guid":{"rendered":"http:\/\/www.salgadonoticias.com\/?p=23031"},"modified":"2023-06-30T14:18:23","modified_gmt":"2023-06-30T20:18:23","slug":"23031","status":"publish","type":"post","link":"https:\/\/www.salgadonoticias.com\/?p=23031","title":{"rendered":"Modificaciones a los N\u00famero de IDENTIFICACI\u00d3N Comercial (NICO)\u2026!!!"},"content":{"rendered":"<p>Views: 25<\/p>\n<p>.<\/p>\n\n\n\n<p>La <strong>Secretar\u00eda de Econom\u00eda<\/strong> da a conocer las <strong><mark style=\"background-color:rgba(0, 0, 0, 0)\" class=\"has-inline-color has-vivid-red-color\">modificaciones<\/mark><\/strong> a los <strong><mark style=\"background-color:#a1f8d5\" class=\"has-inline-color has-black-color\">N\u00fameros de Identificaci\u00f3n Comercial<\/mark> (NICO)<\/strong> y sus <strong><mark style=\"background-color:rgba(0, 0, 0, 0);color:#12a50a\" class=\"has-inline-color\">tablas de correlaci\u00f3n<\/mark><\/strong>, cuya vigencia es a partir de <mark style=\"background-color:rgba(0, 0, 0, 0)\" class=\"has-inline-color has-black-color\">HOY <\/mark><strong><mark style=\"background-color:rgba(0, 0, 0, 0)\" class=\"has-inline-color has-black-color\">1 de julio <\/mark>de 2023.<\/strong><\/p>\n\n\n\n<p>.<\/p>\n\n\n\n<p>Los <strong><mark style=\"background-color:rgba(0, 0, 0, 0);color:#960a0a\" class=\"has-inline-color\">NICO<\/mark><\/strong> motivo de este acuerdo <strong>fueron determinados<\/strong> con la opini\u00f3n favorable de la<strong> <mark style=\"background-color:rgba(0, 0, 0, 0);color:#3c086d\" class=\"has-inline-color\">SHCP<\/mark><\/strong><mark style=\"background-color:rgba(0, 0, 0, 0)\" class=\"has-inline-color has-luminous-vivid-orange-color\"> <\/mark>y su \u00f3rgano administrativo desconcentrado, el <strong><mark style=\"background-color:rgba(0, 0, 0, 0);color:#480685\" class=\"has-inline-color\">SAT<\/mark><mark style=\"background-color:rgba(0, 0, 0, 0)\" class=\"has-inline-color has-luminous-vivid-orange-color\">.<\/mark><\/strong><\/p>\n\n\n\n<p>.<\/p>\n\n\n\n<p>N\u00fameros de<strong><mark style=\"background-color:rgba(0, 0, 0, 0)\" class=\"has-inline-color has-vivid-red-color\"> Identificaci\u00f3n Comercial<\/mark><\/strong> (<strong>NICO<\/strong>)<\/p>\n\n\n\n<p><strong><mark style=\"background-color:rgba(0, 0, 0, 0);color:#e30786\" class=\"has-inline-color\">CREADOS<\/mark><\/strong> <strong>(53)<\/strong><\/p>\n\n\n\n<figure class=\"wp-block-table is-style-regular\"><table><tbody><tr><td><strong>Fracci\u00f3n Arancelaria<\/strong><\/td><td><strong>NICO<\/strong><\/td><td><strong>Descripci\u00f3n NICO<\/strong><\/td><\/tr><tr><td>2308.00.02<\/td><td>01<\/td><td>Hojas de ma\u00edz.<\/td><\/tr><tr><td>2308.00.02<\/td><td>99<\/td><td>Los dem\u00e1s.<\/td><\/tr><tr><td>3926.90.99<\/td><td>13<\/td><td>Copas menstruales.<\/td><\/tr><tr><td>4014.90.99<\/td><td>01<\/td><td>Copas menstruales.<\/td><\/tr><tr><td>4014.90.99<\/td><td>99<\/td><td>Los dem\u00e1s.<\/td><\/tr><tr><td>6112.41.01<\/td><td>01<\/td><td>Para mujeres.<\/td><\/tr><tr><td>6112.41.01<\/td><td>99<\/td><td>Los dem\u00e1s.<\/td><\/tr><tr><td>6115.95.01<\/td><td>01<\/td><td>Con contenido de encaje o red.<\/td><\/tr><tr><td>6115.95.01<\/td><td>99<\/td><td>Los dem\u00e1s.<\/td><\/tr><tr><td>6115.96.01<\/td><td>01<\/td><td>Con contenido de encaje o red.<\/td><\/tr><tr><td>6115.96.01<\/td><td>99<\/td><td>Los dem\u00e1s.<\/td><\/tr><tr><td>6210.10.01<\/td><td>01<\/td><td>Prendas desechables no tejidas dise\u00f1adas para uso en hospitales, cl\u00ednicas,&nbsp;laboratorios o \u00e1reas contaminadas.<\/td><\/tr><tr><td>6210.10.01<\/td><td>99<\/td><td>Los dem\u00e1s.<\/td><\/tr><tr><td>7219.13.01<\/td><td>01<\/td><td>De la serie 200.<\/td><\/tr><tr><td>7219.13.01<\/td><td>02<\/td><td>De la serie 300.<\/td><\/tr><tr><td>7219.13.01<\/td><td>03<\/td><td>De la serie 400.<\/td><\/tr><tr><td>7219.13.01<\/td><td>99<\/td><td>Los dem\u00e1s.<\/td><\/tr><tr><td>7219.14.01<\/td><td>01<\/td><td>De la serie 200.<\/td><\/tr><tr><td>7219.14.01<\/td><td>02<\/td><td>De la serie 300.<\/td><\/tr><tr><td>7219.14.01<\/td><td>03<\/td><td>De la serie 400.<\/td><\/tr><tr><td>7219.14.01<\/td><td>99<\/td><td>Los dem\u00e1s.<\/td><\/tr><tr><td>7219.22.01<\/td><td>01<\/td><td>De la serie 200.<\/td><\/tr><tr><td>7219.22.01<\/td><td>02<\/td><td>De la serie 300.<\/td><\/tr><tr><td>7219.22.01<\/td><td>03<\/td><td>De la serie 400.<\/td><\/tr><tr><td>7219.22.01<\/td><td>99<\/td><td>Los dem\u00e1s.<\/td><\/tr><tr><td>7219.32.02<\/td><td>02<\/td><td>De la serie 200, con espesor que no exceda de 4 mm.<\/td><\/tr><tr><td>7219.32.02<\/td><td>03<\/td><td>De la serie 300, con espesor que no exceda de 4 mm.<\/td><\/tr><tr><td>7219.32.02<\/td><td>04<\/td><td>De la serie 400, con espesor que no exceda de 4 mm.<\/td><\/tr><tr><td>7219.32.02<\/td><td>91<\/td><td>Las dem\u00e1s de la serie 200.<\/td><\/tr><tr><td>7219.32.02<\/td><td>92<\/td><td>Las dem\u00e1s de la serie 300.<\/td><\/tr><tr><td>7219.32.02<\/td><td>93<\/td><td>Las dem\u00e1s de la serie 400.<\/td><\/tr><tr><td>7219.33.01<\/td><td>01<\/td><td>De la serie 200.<\/td><\/tr><tr><td>7219.33.01<\/td><td>02<\/td><td>De la serie 300.<\/td><\/tr><tr><td>7219.33.01<\/td><td>03<\/td><td>De la serie 400.<\/td><\/tr><tr><td>7219.33.01<\/td><td>99<\/td><td>Los dem\u00e1s.<\/td><\/tr><tr><td>7219.34.01<\/td><td>01<\/td><td>De la serie 200.<\/td><\/tr><tr><td>7219.34.01<\/td><td>02<\/td><td>De la serie 300.<\/td><\/tr><tr><td>7219.34.01<\/td><td>03<\/td><td>De la serie 400.<\/td><\/tr><tr><td>7219.34.01<\/td><td>99<\/td><td>Los dem\u00e1s.<\/td><\/tr><tr><td>7220.20.03<\/td><td>03<\/td><td>De la serie 200, con espesor igual o superior a 0.3 mm, sin exceder&nbsp;de 4.0 mm,&nbsp;excepto lo comprendido en el n\u00famero de identificaci\u00f3n comercial 7220.20.03.01.<\/td><\/tr><tr><td>7220.20.03<\/td><td>04<\/td><td>De la serie 300, con espesor igual o superior a 0.3 mm, sin exceder&nbsp;de 4.0 mm,&nbsp;excepto lo comprendido en el n\u00famero de identificaci\u00f3n comercial 7220.20.03.01.<\/td><\/tr><tr><td>7220.20.03<\/td><td>05<\/td><td>De la serie 400, con espesor igual o superior a 0.3 mm, sin exceder&nbsp;de 4.0 mm,&nbsp;excepto lo comprendido en el n\u00famero de identificaci\u00f3n comercial 7220.20.03.01.<\/td><\/tr><tr><td>8414.51.01<\/td><td>01<\/td><td>Ventiladores de techo.<\/td><\/tr><tr><td>8414.51.01<\/td><td>99<\/td><td>Los dem\u00e1s.<\/td><\/tr><tr><td>8414.51.99<\/td><td>01<\/td><td>Ventiladores de techo.<\/td><\/tr><tr><td>8414.51.99<\/td><td>99<\/td><td>Los dem\u00e1s.<\/td><\/tr><tr><td>8414.59.01<\/td><td>01<\/td><td>Ventiladores de techo.<\/td><\/tr><tr><td>8414.59.01<\/td><td>99<\/td><td>Los dem\u00e1s.<\/td><\/tr><tr><td>8414.59.99<\/td><td>01<\/td><td>Ventiladores de techo.<\/td><\/tr><tr><td>8414.59.99<\/td><td>99<\/td><td>Los dem\u00e1s.<\/td><\/tr><tr><td>9619.00.04<\/td><td>01<\/td><td>Toallas sanitarias (compresas higi\u00e9nicas).<\/td><\/tr><tr><td>9619.00.04<\/td><td>02<\/td><td>Tampones higi\u00e9nicos.<\/td><\/tr><tr><td>9619.00.04<\/td><td>99<\/td><td>Los dem\u00e1s.<\/td><\/tr><\/tbody><\/table><\/figure>\n\n\n\n<p>.<\/p>\n\n\n\n<p><strong><mark style=\"background-color:rgba(0, 0, 0, 0)\" class=\"has-inline-color has-luminous-vivid-orange-color\">SUPRIMIDOS<\/mark> (18)<\/strong><\/p>\n\n\n\n<figure class=\"wp-block-image size-full\"><a href=\"http:\/\/www.salgadonoticias.com\/wp-content\/uploads\/2023\/06\/image-5.png\"><img loading=\"lazy\" decoding=\"async\" width=\"810\" height=\"550\" src=\"http:\/\/www.salgadonoticias.com\/wp-content\/uploads\/2023\/06\/image-5.png\" alt=\"\" class=\"wp-image-23034\" srcset=\"https:\/\/www.salgadonoticias.com\/wp-content\/uploads\/2023\/06\/image-5.png 810w, https:\/\/www.salgadonoticias.com\/wp-content\/uploads\/2023\/06\/image-5-300x204.png 300w, https:\/\/www.salgadonoticias.com\/wp-content\/uploads\/2023\/06\/image-5-768x521.png 768w\" sizes=\"(max-width: 810px) 100vw, 810px\" \/><\/a><\/figure>\n\n\n\n<p>.<\/p>\n\n\n\n<p>Recordemos que los <strong>NICO<\/strong> los <span style=\"text-decoration: underline;\">n\u00fameros<\/span> con los que se <strong><mark style=\"background-color:rgba(0, 0, 0, 0)\" class=\"has-inline-color has-luminous-vivid-orange-color\">clasifican las mercanc\u00edas<\/mark><\/strong> en funci\u00f3n de las fracciones arancelarias y las Anotaciones de los\u00a0mismos, esto con la finalidad de brindar certeza jur\u00eddica y efectuar una correcta clasificaci\u00f3n de las mercanc\u00edas;<\/p>\n\n\n\n<p>.<\/p>\n\n\n\n<p>.<\/p>\n\n\n\n<p>Si estas en el <strong><mark style=\"background-color:rgba(0, 0, 0, 0)\" class=\"has-inline-color has-vivid-red-color\">extranjero<\/mark><\/strong> nosotros somos tu <strong><mark style=\"background-color:rgba(0, 0, 0, 0)\" class=\"has-inline-color has-vivid-green-cyan-color\">mejor<\/mark><\/strong> alternativa para<strong><mark style=\"background-color:rgba(0, 0, 0, 0)\" class=\"has-inline-color has-luminous-vivid-orange-color\"> velar<\/mark><\/strong> por tus <strong><mark style=\"background-color:rgba(0, 0, 0, 0)\" class=\"has-inline-color has-vivid-cyan-blue-color\">intereses<\/mark><\/strong>, escr\u00edbenos o ll\u00e1manos al Tel <strong>55581-11311<\/strong>.<\/p>\n\n\n\n<p>.<\/p>\n\n\n\n<p>Cuando <strong>necesites<\/strong> ayuda, <strong>asistencia<\/strong> o <strong>planeaci\u00f3n<\/strong> legal, <strong>solicita Cita Privada<\/strong> <a rel=\"noreferrer noopener\" href=\"mailto:bi@sm99.mx\" target=\"_blank\"><strong>Aqu\u00ed<\/strong><\/a><\/p>\n\n\n\n<p>.<\/p>\n\n\n\n<p>La informaci\u00f3n que AQU\u00cd te presentamos <strong>deriva<\/strong> de los <strong>Peri\u00f3dicos Oficiales<\/strong> de la <strong>CdMx, Estado <\/strong>de M\u00e9x., Diario <strong>Oficial<\/strong> de la Federaci\u00f3n, Suprema Corte de <strong>Justicia<\/strong> de la Naci\u00f3n, lo tanto es de <strong>aplicaci\u00f3n Obligatoria.<\/strong><\/p>\n\n\n\n<p>La <strong>informaci\u00f3n <\/strong>de hoy procede del Diario Oficial<\/p>\n\n\n\n<p><strong><mark style=\"background-color:rgba(0, 0, 0, 0)\" class=\"has-inline-color has-luminous-vivid-orange-color\">Ayudanos<\/mark> <\/strong>para que m\u00e1s personas conozcan esta informaci\u00f3n, <strong>Comp\u00e1rtelo<\/strong> en tus redes sociales.<\/p>\n\n\n\n<p><\/p>\n","protected":false},"excerpt":{"rendered":"<p>Views: 25 . La Secretar\u00eda de Econom\u00eda da a conocer las modificaciones a los N\u00fameros de Identificaci\u00f3n Comercial (NICO) y sus tablas de correlaci\u00f3n, cuya vigencia es a partir de HOY 1 de julio de 2023. . Los NICO motivo de este acuerdo fueron determinados con la opini\u00f3n favorable de la SHCP y su \u00f3rgano [&hellip;]<\/p>\n","protected":false},"author":3,"featured_media":23036,"comment_status":"closed","ping_status":"open","sticky":false,"template":"","format":"standard","meta":{"_jetpack_memberships_contains_paid_content":false,"footnotes":""},"categories":[4],"tags":[],"jetpack_sharing_enabled":true,"jetpack_featured_media_url":"https:\/\/www.salgadonoticias.com\/wp-content\/uploads\/2023\/07\/nico.jpg","_links":{"self":[{"href":"https:\/\/www.salgadonoticias.com\/index.php?rest_route=\/wp\/v2\/posts\/23031"}],"collection":[{"href":"https:\/\/www.salgadonoticias.com\/index.php?rest_route=\/wp\/v2\/posts"}],"about":[{"href":"https:\/\/www.salgadonoticias.com\/index.php?rest_route=\/wp\/v2\/types\/post"}],"author":[{"embeddable":true,"href":"https:\/\/www.salgadonoticias.com\/index.php?rest_route=\/wp\/v2\/users\/3"}],"replies":[{"embeddable":true,"href":"https:\/\/www.salgadonoticias.com\/index.php?rest_route=%2Fwp%2Fv2%2Fcomments&post=23031"}],"version-history":[{"count":4,"href":"https:\/\/www.salgadonoticias.com\/index.php?rest_route=\/wp\/v2\/posts\/23031\/revisions"}],"predecessor-version":[{"id":23040,"href":"https:\/\/www.salgadonoticias.com\/index.php?rest_route=\/wp\/v2\/posts\/23031\/revisions\/23040"}],"wp:featuredmedia":[{"embeddable":true,"href":"https:\/\/www.salgadonoticias.com\/index.php?rest_route=\/wp\/v2\/media\/23036"}],"wp:attachment":[{"href":"https:\/\/www.salgadonoticias.com\/index.php?rest_route=%2Fwp%2Fv2%2Fmedia&parent=23031"}],"wp:term":[{"taxonomy":"category","embeddable":true,"href":"https:\/\/www.salgadonoticias.com\/index.php?rest_route=%2Fwp%2Fv2%2Fcategories&post=23031"},{"taxonomy":"post_tag","embeddable":true,"href":"https:\/\/www.salgadonoticias.com\/index.php?rest_route=%2Fwp%2Fv2%2Ftags&post=23031"}],"curies":[{"name":"wp","href":"https:\/\/api.w.org\/{rel}","templated":true}]}}