{"id":23041,"date":"2023-07-02T00:18:00","date_gmt":"2023-07-02T06:18:00","guid":{"rendered":"http:\/\/www.salgadonoticias.com\/?p=23041"},"modified":"2023-06-30T14:33:01","modified_gmt":"2023-06-30T20:33:01","slug":"ya-tenemos-dia-de-la-guardia-nacional","status":"publish","type":"post","link":"https:\/\/www.salgadonoticias.com\/?p=23041","title":{"rendered":"Ya tenemos d\u00eda de la &#8220;Guardia Nacional&#8221;&#8230;!!!"},"content":{"rendered":"<p>Views: 15<\/p>\n<p>.<\/p>\n\n\n\n<p>Este se celebrar\u00e1 el <strong><mark style=\"background-color:rgba(0, 0, 0, 0);color:#b01262\" class=\"has-inline-color\">30 de Junio<\/mark> <\/strong>de cada a\u00f1o; esta conmemoraci\u00f3n se establece con la finalidad &#8220;dicen las autoridades&#8221; de <strong>reconocer<\/strong> el <em><strong><mark style=\"background-color:#add0e6\" class=\"has-inline-color\">hero\u00edsmo, capacidad profesional, servicios a la patria y dem\u00e1s hechos meritorios<\/mark><\/strong><\/em>, a las personas que integran este cuerpo policiaco.<\/p>\n\n\n\n<p>.<\/p>\n\n\n\n<p>.<\/p>\n\n\n\n<p>Si estas en el <strong><mark style=\"background-color:rgba(0, 0, 0, 0)\" class=\"has-inline-color has-vivid-red-color\">extranjero<\/mark><\/strong> nosotros somos tu <strong><mark style=\"background-color:rgba(0, 0, 0, 0)\" class=\"has-inline-color has-vivid-green-cyan-color\">mejor<\/mark><\/strong> alternativa para<strong><mark style=\"background-color:rgba(0, 0, 0, 0)\" class=\"has-inline-color has-luminous-vivid-orange-color\"> velar<\/mark><\/strong> por tus <strong><mark style=\"background-color:rgba(0, 0, 0, 0)\" class=\"has-inline-color has-vivid-cyan-blue-color\">intereses<\/mark><\/strong>, escr\u00edbenos o ll\u00e1manos al Tel <strong>55581-11311<\/strong>.<\/p>\n\n\n\n<p>.<\/p>\n\n\n\n<p>Cuando <strong>necesites<\/strong> ayuda, <strong>asistencia<\/strong> o <strong>planeaci\u00f3n<\/strong> legal, <strong>solicita Cita Privada<\/strong> <a rel=\"noreferrer noopener\" href=\"mailto:bi@sm99.mx\" target=\"_blank\"><strong>Aqu\u00ed<\/strong><\/a><\/p>\n\n\n\n<p>.<\/p>\n\n\n\n<p>La informaci\u00f3n que AQU\u00cd te presentamos <strong>deriva<\/strong> de los <strong>Peri\u00f3dicos Oficiales<\/strong> de la <strong>CdMx, Estado <\/strong>de M\u00e9x., Diario <strong>Oficial<\/strong> de la Federaci\u00f3n, Suprema Corte de <strong>Justicia<\/strong> de la Naci\u00f3n, lo tanto es de <strong>aplicaci\u00f3n Obligatoria.<\/strong><\/p>\n\n\n\n<p>La <strong>informaci\u00f3n <\/strong>de hoy procede del Diario Oficial<\/p>\n\n\n\n<p><strong><mark style=\"background-color:rgba(0, 0, 0, 0)\" class=\"has-inline-color has-luminous-vivid-orange-color\">Ayudanos<\/mark> <\/strong>para que m\u00e1s personas conozcan esta informaci\u00f3n, <strong>Comp\u00e1rtelo<\/strong> en tus redes sociales.<\/p>\n\n\n\n<p><\/p>\n","protected":false},"excerpt":{"rendered":"<p>Views: 15 . Este se celebrar\u00e1 el 30 de Junio de cada a\u00f1o; esta conmemoraci\u00f3n se establece con la finalidad &#8220;dicen las autoridades&#8221; de reconocer el hero\u00edsmo, capacidad profesional, servicios a la patria y dem\u00e1s hechos meritorios, a las personas que integran este cuerpo policiaco. . . Si estas en el extranjero nosotros somos tu [&hellip;]<\/p>\n","protected":false},"author":3,"featured_media":23043,"comment_status":"closed","ping_status":"open","sticky":false,"template":"","format":"standard","meta":{"_jetpack_memberships_contains_paid_content":false,"footnotes":""},"categories":[4],"tags":[],"jetpack_sharing_enabled":true,"jetpack_featured_media_url":"https:\/\/www.salgadonoticias.com\/wp-content\/uploads\/2023\/07\/guardia.webp","_links":{"self":[{"href":"https:\/\/www.salgadonoticias.com\/index.php?rest_route=\/wp\/v2\/posts\/23041"}],"collection":[{"href":"https:\/\/www.salgadonoticias.com\/index.php?rest_route=\/wp\/v2\/posts"}],"about":[{"href":"https:\/\/www.salgadonoticias.com\/index.php?rest_route=\/wp\/v2\/types\/post"}],"author":[{"embeddable":true,"href":"https:\/\/www.salgadonoticias.com\/index.php?rest_route=\/wp\/v2\/users\/3"}],"replies":[{"embeddable":true,"href":"https:\/\/www.salgadonoticias.com\/index.php?rest_route=%2Fwp%2Fv2%2Fcomments&post=23041"}],"version-history":[{"count":1,"href":"https:\/\/www.salgadonoticias.com\/index.php?rest_route=\/wp\/v2\/posts\/23041\/revisions"}],"predecessor-version":[{"id":23042,"href":"https:\/\/www.salgadonoticias.com\/index.php?rest_route=\/wp\/v2\/posts\/23041\/revisions\/23042"}],"wp:featuredmedia":[{"embeddable":true,"href":"https:\/\/www.salgadonoticias.com\/index.php?rest_route=\/wp\/v2\/media\/23043"}],"wp:attachment":[{"href":"https:\/\/www.salgadonoticias.com\/index.php?rest_route=%2Fwp%2Fv2%2Fmedia&parent=23041"}],"wp:term":[{"taxonomy":"category","embeddable":true,"href":"https:\/\/www.salgadonoticias.com\/index.php?rest_route=%2Fwp%2Fv2%2Fcategories&post=23041"},{"taxonomy":"post_tag","embeddable":true,"href":"https:\/\/www.salgadonoticias.com\/index.php?rest_route=%2Fwp%2Fv2%2Ftags&post=23041"}],"curies":[{"name":"wp","href":"https:\/\/api.w.org\/{rel}","templated":true}]}}