{"id":23070,"date":"2023-07-04T00:20:00","date_gmt":"2023-07-04T06:20:00","guid":{"rendered":"http:\/\/www.salgadonoticias.com\/?p=23070"},"modified":"2023-07-04T11:23:51","modified_gmt":"2023-07-04T17:23:51","slug":"23070","status":"publish","type":"post","link":"https:\/\/www.salgadonoticias.com\/?p=23070","title":{"rendered":"Ottraa Prorroga para Autos CHOCOLATE&#8230;!!!"},"content":{"rendered":"<p>Views: 14<\/p>\n<p>.<\/p>\n\n\n\n<p>Por decreto se <strong><mark style=\"background-color:#ff6900\" class=\"has-inline-color\">extiende<\/mark><\/strong> por <strong><mark style=\"background-color:rgba(0, 0, 0, 0)\" class=\"has-inline-color has-vivid-red-color\">quinta<\/mark><\/strong> ocasi\u00f3n el<strong> <mark style=\"background-color:#f8d576\" class=\"has-inline-color\">plazo y la Cobertura<\/mark>  PARA la <\/strong><mark style=\"background-color:rgba(0, 0, 0, 0)\" class=\"has-inline-color has-vivid-red-color\"><strong>REGULARIZACI\u00d3N<\/strong><\/mark><strong><mark style=\"background-color:rgba(0, 0, 0, 0)\" class=\"has-inline-color has-vivid-red-color\"> de veh\u00edculos <\/mark><mark style=\"background-color:rgba(0, 0, 0, 0)\" class=\"has-inline-color has-black-color\">usados<\/mark><mark style=\"background-color:rgba(0, 0, 0, 0)\" class=\"has-inline-color has-vivid-red-color\"> de procedencia extranjera<\/mark>,<\/strong> mejor conocidos como<strong><mark style=\"background-color:rgba(0, 0, 0, 0)\" class=\"has-inline-color has-vivid-red-color\"> <\/mark><mark style=\"background-color:#a3eacd\" class=\"has-inline-color has-black-color\">\u201cAutos Chocolate\u201d<\/mark><\/strong>; para que con ello OBTENGAN la documentaci\u00f3n que acredite su legal estancia en M\u00e9xico.<\/p>\n\n\n\n<p><strong>AHORA<\/strong> el plazo de regularizaci\u00f3n de carros chocolate se <strong>amplia<\/strong> hasta el <mark style=\"background-color:#fcb900\" class=\"has-inline-color\"><strong>30<\/strong> de <strong>septiembre<\/strong><\/mark> de este a\u00f1o.&nbsp;<\/p>\n\n\n\n<p><\/p>\n\n\n\n<p>Este programa de regulaci\u00f3n se <strong><mark style=\"background-color:#fcb900\" class=\"has-inline-color\">extiende<\/mark><\/strong> a<strong> UN estados m\u00e1s<\/strong> <mark style=\"background-color:rgba(0, 0, 0, 0);color:#b80473\" class=\"has-inline-color\"><strong>(HIDALGO<\/strong>)<\/mark>, que junto a los <strong>15<\/strong> que <strong>ya contaban<\/strong> con este beneficio suman <strong>16<\/strong>, el costo sigue siendo de <mark style=\"background-color:rgba(0, 0, 0, 0);color:#096397\" class=\"has-inline-color\"><strong>2<\/strong> mil <strong>500<\/strong> pesos.<\/mark><\/p>\n\n\n\n<p>.<\/p>\n\n\n\n<p>Siguen <strong><mark style=\"background-color:rgba(0, 0, 0, 0)\" class=\"has-inline-color has-vivid-red-color\">excluidos<\/mark><\/strong> los veh\u00edculos <strong>deportivos <mark style=\"background-color:rgba(0, 0, 0, 0)\" class=\"has-inline-color has-vivid-red-color\">y<\/mark> blindado<\/strong>s, adem\u00e1s de unidades robadas <strong><mark style=\"background-color:rgba(0, 0, 0, 0)\" class=\"has-inline-color has-vivid-red-color\">o<\/mark><\/strong> que no cumplan las normas ambientales, (lo cual es <strong>dif\u00edcil<\/strong> de <strong>verificar<\/strong>) <\/p>\n\n\n\n<p>.<\/p>\n\n\n\n<p>.<\/p>\n\n\n\n<p>.<\/p>\n\n\n\n<p>Si estas en el <strong><mark style=\"background-color:rgba(0, 0, 0, 0)\" class=\"has-inline-color has-vivid-red-color\">Extranjero <\/mark><\/strong>nosotros somos tu <strong><mark style=\"background-color:rgba(0, 0, 0, 0)\" class=\"has-inline-color has-vivid-green-cyan-color\">mejor<\/mark><\/strong> alternativa para <strong><mark style=\"background-color:rgba(0, 0, 0, 0)\" class=\"has-inline-color has-luminous-vivid-orange-color\">velar<\/mark><\/strong> por tus <strong><mark style=\"background-color:rgba(0, 0, 0, 0)\" class=\"has-inline-color has-vivid-cyan-blue-color\">intereses<\/mark><\/strong>.<\/p>\n\n\n\n<p>.<\/p>\n\n\n\n<p>Cuando<strong> necesites<\/strong> ayuda, <strong>asistencia<\/strong> o <strong>planeaci\u00f3n<\/strong> legal, <strong>solicita<\/strong> <strong>Cita Privada<\/strong> <a rel=\"noreferrer noopener\" href=\"mailto:bi@sm99.mx\" target=\"_blank\"><strong>Aqu\u00ed<\/strong><\/a><\/p>\n\n\n\n<p>La informaci\u00f3n que AQU\u00cd te presentamos <strong>deriva<\/strong> de los <strong>Peri\u00f3dicos Oficiales <\/strong>de la<strong> CdMx<\/strong>, <strong>Estado<\/strong> de Mex., Diario <strong>Oficial<\/strong> de la Federaci\u00f3n, Suprema Corte de<strong> Justicia<\/strong> de la Naci\u00f3n, por lo tanto es de <strong>aplicaci\u00f3n OBLIGATORIA<\/strong><\/p>\n\n\n\n<p><\/p>\n\n\n\n<p>Esta informaci\u00f3n procede del Diario Oficial.<\/p>\n\n\n\n<p><\/p>\n\n\n\n<p><strong><mark style=\"background-color:rgba(0, 0, 0, 0)\" class=\"has-inline-color has-luminous-vivid-orange-color\">AY\u00daDANOS<\/mark><\/strong> para que m\u00e1s personas conozcan esta informaci\u00f3n, <strong>Comp\u00e1rtelo<\/strong> en tus redes sociales. ?<\/p>\n","protected":false},"excerpt":{"rendered":"<p>Views: 14 . Por decreto se extiende por quinta ocasi\u00f3n el plazo y la Cobertura PARA la REGULARIZACI\u00d3N de veh\u00edculos usados de procedencia extranjera, mejor conocidos como \u201cAutos Chocolate\u201d; para que con ello OBTENGAN la documentaci\u00f3n que acredite su legal estancia en M\u00e9xico. AHORA el plazo de regularizaci\u00f3n de carros chocolate se amplia hasta el [&hellip;]<\/p>\n","protected":false},"author":3,"featured_media":23074,"comment_status":"closed","ping_status":"open","sticky":false,"template":"","format":"standard","meta":{"_jetpack_memberships_contains_paid_content":false,"footnotes":""},"categories":[4],"tags":[],"jetpack_sharing_enabled":true,"jetpack_featured_media_url":"https:\/\/www.salgadonoticias.com\/wp-content\/uploads\/2023\/07\/autos.jpg","_links":{"self":[{"href":"https:\/\/www.salgadonoticias.com\/index.php?rest_route=\/wp\/v2\/posts\/23070"}],"collection":[{"href":"https:\/\/www.salgadonoticias.com\/index.php?rest_route=\/wp\/v2\/posts"}],"about":[{"href":"https:\/\/www.salgadonoticias.com\/index.php?rest_route=\/wp\/v2\/types\/post"}],"author":[{"embeddable":true,"href":"https:\/\/www.salgadonoticias.com\/index.php?rest_route=\/wp\/v2\/users\/3"}],"replies":[{"embeddable":true,"href":"https:\/\/www.salgadonoticias.com\/index.php?rest_route=%2Fwp%2Fv2%2Fcomments&post=23070"}],"version-history":[{"count":5,"href":"https:\/\/www.salgadonoticias.com\/index.php?rest_route=\/wp\/v2\/posts\/23070\/revisions"}],"predecessor-version":[{"id":23087,"href":"https:\/\/www.salgadonoticias.com\/index.php?rest_route=\/wp\/v2\/posts\/23070\/revisions\/23087"}],"wp:featuredmedia":[{"embeddable":true,"href":"https:\/\/www.salgadonoticias.com\/index.php?rest_route=\/wp\/v2\/media\/23074"}],"wp:attachment":[{"href":"https:\/\/www.salgadonoticias.com\/index.php?rest_route=%2Fwp%2Fv2%2Fmedia&parent=23070"}],"wp:term":[{"taxonomy":"category","embeddable":true,"href":"https:\/\/www.salgadonoticias.com\/index.php?rest_route=%2Fwp%2Fv2%2Fcategories&post=23070"},{"taxonomy":"post_tag","embeddable":true,"href":"https:\/\/www.salgadonoticias.com\/index.php?rest_route=%2Fwp%2Fv2%2Ftags&post=23070"}],"curies":[{"name":"wp","href":"https:\/\/api.w.org\/{rel}","templated":true}]}}