{"id":23081,"date":"2023-07-04T00:45:00","date_gmt":"2023-07-04T06:45:00","guid":{"rendered":"http:\/\/www.salgadonoticias.com\/?p=23081"},"modified":"2023-07-04T13:16:12","modified_gmt":"2023-07-04T19:16:12","slug":"fondo-de-pensiones-no-prescribe-el-derecho-de-reclamarlo","status":"publish","type":"post","link":"https:\/\/www.salgadonoticias.com\/?p=23081","title":{"rendered":"NO prescribe Derecho de reclamar FONDO de PENSIONES,\u2026!!!"},"content":{"rendered":"<p>Views: 24<\/p>\n<p>.<\/p>\n\n\n\n<figure class=\"wp-block-embed is-type-video is-provider-youtube wp-block-embed-youtube wp-embed-aspect-16-9 wp-has-aspect-ratio\"><div class=\"wp-block-embed__wrapper\">\n<iframe loading=\"lazy\" title=\"No Prescribe Derecho de reclamar FONDO de PENSIONES\u2026.!!\ufffc\" width=\"640\" height=\"360\" src=\"https:\/\/www.youtube.com\/embed\/mlzfxWJ84es?feature=oembed\" frameborder=\"0\" allow=\"accelerometer; autoplay; clipboard-write; encrypted-media; gyroscope; picture-in-picture; web-share\" referrerpolicy=\"strict-origin-when-cross-origin\" allowfullscreen><\/iframe>\n<\/div><\/figure>\n\n\n\n<p><\/p>\n\n\n\n<p>.<\/p>\n\n\n\n<p>Este ANTECEDENTE:<\/p>\n\n\n\n<p>Surge despu\u00e9s de que, en un <strong>juicio <mark style=\"background-color:rgba(0, 0, 0, 0)\" class=\"has-inline-color has-vivid-red-color\">contencioso administrativo<\/mark><\/strong>, se reclam\u00f3 la <strong>devoluci\u00f3n<\/strong> de las <strong>aportaciones<\/strong> realizadas al <strong><em><u><mark style=\"background-color:#fcb900\" class=\"has-inline-color\">Fondo de Pensiones<\/mark><\/u><\/em><\/strong> para los Trabajadores al Servicio del Estado, (Nayarit era el demandado), pero el Tribunal de <strong>Justicia Administrativa<\/strong> <strong><mark style=\"background-color:rgba(0, 0, 0, 0)\" class=\"has-inline-color has-vivid-red-color\">confirm\u00f3<\/mark><\/strong> que la <strong>Trabajadora<\/strong> <strong>NO ten\u00eda derecho a recibir<\/strong> dichas aportaciones.<\/p>\n\n\n\n<p>.<\/p>\n\n\n\n<p>Ante lo anterior la <strong><mark style=\"background-color:rgba(0, 0, 0, 0);color:#015281\" class=\"has-inline-color\">Suprema Corte de Justicia<\/mark><\/strong> a trav\u00e9s del su Tribunal Colegiado <strong><mark style=\"background-color:rgba(0, 0, 0, 0);color:#9b0a0a\" class=\"has-inline-color\">DETERMIN\u00d3<\/mark> <\/strong>que el <strong>DERECHO<\/strong> para <strong><mark style=\"background-color:#f9dc8d\" class=\"has-inline-color\">reclamar la devoluci\u00f3n de las aportaciones<\/mark><\/strong> realizadas al Fondo de Pensiones es<strong> <mark style=\"background-color:rgba(0, 0, 0, 0)\" class=\"has-inline-color has-vivid-red-color\">IMPRESCRIPTIBLE<\/mark><\/strong>, esto porque dicho <strong><mark style=\"background-color:rgba(0, 0, 0, 0)\" class=\"has-inline-color has-luminous-vivid-orange-color\">fondo<\/mark><\/strong> est\u00e1 <strong><mark style=\"background-color:rgba(0, 0, 0, 0)\" class=\"has-inline-color has-luminous-vivid-orange-color\">conformado<\/mark><\/strong> con un <strong><mark style=\"background-color:rgba(0, 0, 0, 0)\" class=\"has-inline-color has-luminous-vivid-orange-color\">porcentaje del salario<\/mark><\/strong> del <strong>trabajador<\/strong> y <strong>otro<\/strong> aportado por el Estado, por lo cual <strong>constituye <mark style=\"background-color:rgba(0, 0, 0, 0)\" class=\"has-inline-color has-vivid-red-color\">parte<\/mark> del salario<\/strong> anticipado del empleado p\u00fablico.<\/p>\n\n\n\n<p>.<\/p>\n\n\n\n<p>La justificaci\u00f3n de la <strong><mark style=\"background-color:rgba(0, 0, 0, 0);color:#034a74\" class=\"has-inline-color\">SCJN<\/mark>, <\/strong>es debido a que el <strong>salario<\/strong> se <strong><mark style=\"background-color:#fcb900\" class=\"has-inline-color has-black-color\">integra<\/mark><\/strong> con los pagos por <strong><mark style=\"background-color:rgba(0, 0, 0, 0)\" class=\"has-inline-color has-vivid-red-color\">cuotas diarias<\/mark><\/strong>, <strong><mark style=\"background-color:rgba(0, 0, 0, 0)\" class=\"has-inline-color has-vivid-red-color\">gratificaciones, percepciones, habitaci\u00f3n, primas, comisiones<\/mark><\/strong>, <strong>prestaciones <mark style=\"background-color:rgba(0, 0, 0, 0)\" class=\"has-inline-color has-vivid-red-color\">en especie<\/mark><\/strong> y cualquier otra cantidad que se entregue al trabajador o servidor p\u00fablico por sus labores y en esa medida, el <strong>derecho<\/strong> al <mark style=\"background-color:rgba(0, 0, 0, 0)\" class=\"has-inline-color has-vivid-red-color\"><strong>pago<\/strong> <\/mark><mark style=\"background-color:rgba(0, 0, 0, 0)\" class=\"has-inline-color has-black-color\">o<\/mark><mark style=\"background-color:rgba(0, 0, 0, 0)\" class=\"has-inline-color has-vivid-red-color\"> <strong>devoluci\u00f3n<\/strong><\/mark> del <strong>fondo de retiro<\/strong> o de <strong>pensi\u00f3n<\/strong> por <strong><mark style=\"background-color:rgba(0, 0, 0, 0)\" class=\"has-inline-color has-vivid-red-color\">jubilaci\u00f3n, vejez, retiro por edad y tiempo de servicios o invalidez<\/mark><\/strong> <strong>se configura<\/strong> al <strong><mark style=\"background-color:#ff6900\" class=\"has-inline-color\">terminar la relaci\u00f3n jur\u00eddica<\/mark><\/strong>, ya sea por incapacidad permanente o debido al fallecimiento del servidor p\u00fablico, aun cuando \u00e9ste mantuvo una relaci\u00f3n meramente administrativa con el Fondo de Pensiones para los Trabajadores al Servicio del Estado.<\/p>\n\n\n\n<p>.<\/p>\n\n\n\n<p>En ese contexto, el art\u00edculo 18 de la ley de pensiones (abrogada), al establecer la <strong>prescripci\u00f3n<\/strong> de las acciones para <strong>exigir el pago<\/strong> de los conceptos indicados <strong>es <\/strong><mark style=\"background-color:#fcb900\" class=\"has-inline-color\"><strong>inaplicable<\/strong>,<\/mark> pues <strong>no puede imponerse un plazo al trabajador<\/strong> <strong><mark style=\"background-color:rgba(0, 0, 0, 0)\" class=\"has-inline-color has-vivid-red-color\">igual <\/mark><\/strong>que al <strong>servidor p\u00fablico<\/strong> o a sus beneficiarios para reclamar el numerario que es de su propiedad aunque sea <strong>administrado<\/strong> por <strong>el patr\u00f3n<\/strong> a trav\u00e9s del referido fondo de pensiones, creado exprofeso porque <strong>si excediera del plazo<\/strong> para requerirlo, eso <strong>equivaldr\u00eda a <mark style=\"background-color:rgba(0, 0, 0, 0)\" class=\"has-inline-color has-vivid-red-color\">perderlo<\/mark><\/strong>, o a que el beneficiado fuera precisamente el ente administrador.<\/p>\n\n\n\n<p>.<\/p>\n\n\n\n<p>As\u00ed, la protecci\u00f3n al <strong>derecho <\/strong>a la<strong> posesi\u00f3n<\/strong> reconocida, entra\u00f1a que las personas <strong><mark style=\"background-color:#abb8c3\" class=\"has-inline-color\">no pueden privar<\/mark> a otras <\/strong>de esas posesiones por su propia cuenta, <strong>ni ejercer violencia<\/strong> para hacer valer sus derechos.<\/p>\n\n\n\n<p>.<\/p>\n\n\n\n<p>Por lo tanto, desde <strong><mark style=\"background-color:rgba(0, 0, 0, 0)\" class=\"has-inline-color has-vivid-red-color\">esta<\/mark><mark style=\"background-color:rgba(0, 0, 0, 0)\" class=\"has-inline-color has-black-color\"> semana<\/mark><\/strong> esta resoluci\u00f3n es de<strong> APLICACI\u00d3N<\/strong> nacional y <strong><mark style=\"background-color:rgba(0, 0, 0, 0)\" class=\"has-inline-color has-luminous-vivid-orange-color\">OBLIGATORIA<\/mark><\/strong> para quien la <strong>conozca<\/strong> y la <strong><mark style=\"background-color:rgba(0, 0, 0, 0)\" class=\"has-inline-color has-vivid-red-color\">invoque<\/mark><\/strong>.<\/p>\n\n\n\n<p>.<\/p>\n\n\n\n<p>Si estas en el <strong><mark style=\"background-color:rgba(0, 0, 0, 0)\" class=\"has-inline-color has-vivid-red-color\">Extranjero <\/mark><\/strong>nosotros somos tu <strong><mark style=\"background-color:rgba(0, 0, 0, 0)\" class=\"has-inline-color has-vivid-green-cyan-color\">mejor<\/mark><\/strong> alternativa para <strong><mark style=\"background-color:rgba(0, 0, 0, 0)\" class=\"has-inline-color has-luminous-vivid-orange-color\">velar<\/mark><\/strong> por tus <strong><mark style=\"background-color:rgba(0, 0, 0, 0)\" class=\"has-inline-color has-vivid-cyan-blue-color\">intereses<\/mark><\/strong>.<\/p>\n\n\n\n<p>.<\/p>\n\n\n\n<p>Cuando<strong> necesites<\/strong> ayuda, <strong>asistencia<\/strong> o <strong>planeaci\u00f3n<\/strong> legal, <strong>solicita<\/strong> <strong>Cita Privada<\/strong> <a rel=\"noreferrer noopener\" href=\"mailto:bi@sm99.mx\" target=\"_blank\"><strong>Aqu\u00ed<\/strong><\/a><\/p>\n\n\n\n<p>La informaci\u00f3n que AQU\u00cd te presentamos <strong>deriva<\/strong> de los <strong>Peri\u00f3dicos Oficiales <\/strong>de la<strong> CdMx<\/strong>, <strong>Estado<\/strong> de Mex., Diario <strong>Oficial<\/strong> de la Federaci\u00f3n, Suprema Corte de<strong> Justicia<\/strong> de la Naci\u00f3n, por lo tanto es de <strong>aplicaci\u00f3n OBLIGATORIA<\/strong><\/p>\n\n\n\n<p><\/p>\n\n\n\n<p>Esta informaci\u00f3n procede de la Suprema Corte.<\/p>\n\n\n\n<p><\/p>\n\n\n\n<p><strong><mark style=\"background-color:rgba(0, 0, 0, 0)\" class=\"has-inline-color has-luminous-vivid-orange-color\">AY\u00daDANOS<\/mark><\/strong> para que m\u00e1s personas conozcan esta informaci\u00f3n, <strong>Comp\u00e1rtelo<\/strong> en tus redes sociales. ?<\/p>\n","protected":false},"excerpt":{"rendered":"<p>Views: 24 . . Este ANTECEDENTE: Surge despu\u00e9s de que, en un juicio contencioso administrativo, se reclam\u00f3 la devoluci\u00f3n de las aportaciones realizadas al Fondo de Pensiones para los Trabajadores al Servicio del Estado, (Nayarit era el demandado), pero el Tribunal de Justicia Administrativa confirm\u00f3 que la Trabajadora NO ten\u00eda derecho a recibir dichas aportaciones. [&hellip;]<\/p>\n","protected":false},"author":3,"featured_media":23083,"comment_status":"closed","ping_status":"open","sticky":false,"template":"","format":"standard","meta":{"_jetpack_memberships_contains_paid_content":false,"footnotes":""},"categories":[4],"tags":[],"jetpack_sharing_enabled":true,"jetpack_featured_media_url":"https:\/\/www.salgadonoticias.com\/wp-content\/uploads\/2023\/07\/pension.jpg","_links":{"self":[{"href":"https:\/\/www.salgadonoticias.com\/index.php?rest_route=\/wp\/v2\/posts\/23081"}],"collection":[{"href":"https:\/\/www.salgadonoticias.com\/index.php?rest_route=\/wp\/v2\/posts"}],"about":[{"href":"https:\/\/www.salgadonoticias.com\/index.php?rest_route=\/wp\/v2\/types\/post"}],"author":[{"embeddable":true,"href":"https:\/\/www.salgadonoticias.com\/index.php?rest_route=\/wp\/v2\/users\/3"}],"replies":[{"embeddable":true,"href":"https:\/\/www.salgadonoticias.com\/index.php?rest_route=%2Fwp%2Fv2%2Fcomments&post=23081"}],"version-history":[{"count":4,"href":"https:\/\/www.salgadonoticias.com\/index.php?rest_route=\/wp\/v2\/posts\/23081\/revisions"}],"predecessor-version":[{"id":23098,"href":"https:\/\/www.salgadonoticias.com\/index.php?rest_route=\/wp\/v2\/posts\/23081\/revisions\/23098"}],"wp:featuredmedia":[{"embeddable":true,"href":"https:\/\/www.salgadonoticias.com\/index.php?rest_route=\/wp\/v2\/media\/23083"}],"wp:attachment":[{"href":"https:\/\/www.salgadonoticias.com\/index.php?rest_route=%2Fwp%2Fv2%2Fmedia&parent=23081"}],"wp:term":[{"taxonomy":"category","embeddable":true,"href":"https:\/\/www.salgadonoticias.com\/index.php?rest_route=%2Fwp%2Fv2%2Fcategories&post=23081"},{"taxonomy":"post_tag","embeddable":true,"href":"https:\/\/www.salgadonoticias.com\/index.php?rest_route=%2Fwp%2Fv2%2Ftags&post=23081"}],"curies":[{"name":"wp","href":"https:\/\/api.w.org\/{rel}","templated":true}]}}