{"id":23127,"date":"2023-07-06T00:17:00","date_gmt":"2023-07-06T06:17:00","guid":{"rendered":"http:\/\/www.salgadonoticias.com\/?p=23127"},"modified":"2023-07-06T17:20:18","modified_gmt":"2023-07-06T23:20:18","slug":"23127","status":"publish","type":"post","link":"https:\/\/www.salgadonoticias.com\/?p=23127","title":{"rendered":"Para ACREDITAR Relaci\u00f3n Laboral solo con la firma de TITULAR que corresponda&#8230;!!!"},"content":{"rendered":"<p>Views: 15<\/p>\n<p>.<\/p>\n\n\n\n<figure class=\"wp-block-embed is-type-video is-provider-youtube wp-block-embed-youtube wp-embed-aspect-16-9 wp-has-aspect-ratio\"><div class=\"wp-block-embed__wrapper\">\n<iframe loading=\"lazy\" title=\"Para ACREDITAR Relaci\u00f3n Laboral s\u00f3lo con la firma de TITULAR que corresponda\ufffc\" width=\"640\" height=\"360\" src=\"https:\/\/www.youtube.com\/embed\/rCffeFYFWoA?feature=oembed\" frameborder=\"0\" allow=\"accelerometer; autoplay; clipboard-write; encrypted-media; gyroscope; picture-in-picture; web-share\" referrerpolicy=\"strict-origin-when-cross-origin\" allowfullscreen><\/iframe>\n<\/div><\/figure>\n\n\n\n<p>.<\/p>\n\n\n\n<p>Este ANTECEDENTE:<\/p>\n\n\n\n<p><\/p>\n\n\n\n<p>Surge luego de que, en un <strong>juicio de <mark style=\"background-color:rgba(0, 0, 0, 0)\" class=\"has-inline-color has-vivid-red-color\">nulidad<\/mark><\/strong>, el IMSS exhibi\u00f3 una <strong>certificaci\u00f3n<\/strong> de los <strong>estados de cuenta<\/strong> <strong><mark style=\"background-color:rgba(0, 0, 0, 0)\" class=\"has-inline-color has-vivid-red-color\">individuales<\/mark> <\/strong>de los trabajadores para as\u00ed <strong>acreditar<\/strong> la <strong><mark style=\"background-color:rgba(0, 0, 0, 0)\" class=\"has-inline-color has-vivid-red-color\">relaci\u00f3n laboral <\/mark><\/strong>entre \u00e9stos y el patr\u00f3n, <strong><mark style=\"background-color:#fcb900\" class=\"has-inline-color\">pero estos, NO fueron firmados por el titular de la subdelegaci\u00f3n correspondiente del IMSS<\/mark><\/strong>, sino por una persona que <strong>presumi\u00f3<\/strong> ser encargada del despacho de dicha subdelegaci\u00f3n.<\/p>\n\n\n\n<p>.<\/p>\n\n\n\n<p>Por lo que la <strong><mark style=\"background-color:rgba(0, 0, 0, 0);color:#024165\" class=\"has-inline-color\">Suprema Corte de Justicia<\/mark><\/strong>, <strong><mark style=\"background-color:rgba(0, 0, 0, 0);color:#850a0a\" class=\"has-inline-color\">DETERMIN\u00d3<\/mark><\/strong> que para que las <strong><mark style=\"background-color:#ebc55d\" class=\"has-inline-color\">Certificaciones<\/mark> <\/strong>expedidas por el IMSS de los <strong>estados de cuenta individuales<\/strong> de los trabajadores, <strong>DEBER\u00c1N<\/strong> ser <strong><mark style=\"background-color:rgba(0, 0, 0, 0)\" class=\"has-inline-color has-vivid-red-color\">FIRMADAS<\/mark><\/strong> por los <strong>titulares y\/o autoridades <mark style=\"background-color:rgba(0, 0, 0, 0);color:#3f0377\" class=\"has-inline-color\">FACULTADAS<\/mark> para ello<\/strong>, ya que <strong>s\u00f3lo as\u00ed<\/strong> ser\u00e1n <strong>Aptas <\/strong>y <strong>Suficientes <\/strong>para <strong><mark style=\"background-color:rgba(0, 0, 0, 0)\" class=\"has-inline-color has-luminous-vivid-orange-color\">acreditar la relaci\u00f3n laboral<\/mark><\/strong>.<\/p>\n\n\n\n<p>.<\/p>\n\n\n\n<p>La justificaci\u00f3n de la SCJN, porque si bien la Segunda Sala de la Suprema Corte de Justicia de la Naci\u00f3n <strong><mark style=\"background-color:rgba(0, 0, 0, 0)\" class=\"has-inline-color has-vivid-red-color\">emiti\u00f3<\/mark><\/strong> la tesis de <strong>jurisprudencia<\/strong> 2a.\/J. 202\/2007, de rubro: &#8220;ESTADOS DE CUENTA INDIVIDUALES DE LOS TRABAJADORES. SU CERTIFICACI\u00d3N POR PARTE DEL INSTITUTO MEXICANO DEL SEGURO SOCIAL <strong>TIENE VALOR PROBATORIO PLENO<\/strong>, POR LO QUE ES APTA PARA ACREDITAR LA RELACI\u00d3N LABORAL ENTRE AQU\u00c9LLOS Y EL PATR\u00d3N.&#8221;, lo <strong>cierto<\/strong> es que para que las <strong><mark style=\"background-color:rgba(0, 0, 0, 0)\" class=\"has-inline-color has-vivid-red-color\">certificaciones<\/mark><\/strong> de los <em><u>estados de cuenta individuales<\/u><\/em> de los trabajadores <strong><mark style=\"background-color:#fcb900\" class=\"has-inline-color\">SEAN aptas y suficientes<\/mark><\/strong> para <strong>acreditar la relaci\u00f3n laboral<\/strong> entre los trabajadores y el patr\u00f3n, deben ser <strong>FIRMADAS<\/strong> por la <strong>autoridad facultada para expedirlas<\/strong> y <mark style=\"background-color:rgba(0, 0, 0, 0)\" class=\"has-inline-color has-vivid-red-color\"><strong>NO<\/strong> por una diversa<\/mark>, como lo es en este caso la persona <strong>encargada<\/strong> del despacho de una <strong>subdelegaci\u00f3n<\/strong> del instituto mencionado, cuando los fundamentos<strong><mark style=\"background-color:rgba(0, 0, 0, 0)\" class=\"has-inline-color has-vivid-red-color\"> no corresponden <\/mark><\/strong>a su <strong>competencia para certificar<\/strong>, esa es <strong><mark style=\"background-color:#ff6900\" class=\"has-inline-color has-black-color\">exclusiva del titular de ese \u00f3rgano<\/mark><\/strong> operativo.<\/p>\n\n\n\n<p>.<\/p>\n\n\n\n<p>.<\/p>\n\n\n\n<p>Por lo tanto, desde<strong> esta semana<\/strong> esta resoluci\u00f3n es de<strong> <mark style=\"background-color:rgba(0, 0, 0, 0);color:#0720e3\" class=\"has-inline-color\">APLICACI\u00d3N<\/mark><\/strong> nacional y  <strong><mark style=\"background-color:rgba(0, 0, 0, 0)\" class=\"has-inline-color has-vivid-red-color\">OBLIGATORIA<\/mark><\/strong> para quien la <strong>conozca<\/strong> y la <strong>invoque.<\/strong><\/p>\n\n\n\n<p>.<\/p>\n\n\n\n<p>Si estas en el <strong><mark style=\"background-color:rgba(0, 0, 0, 0)\" class=\"has-inline-color has-vivid-red-color\">Extranjero <\/mark><\/strong>nosotros somos tu <strong><mark style=\"background-color:rgba(0, 0, 0, 0)\" class=\"has-inline-color has-vivid-green-cyan-color\">mejor<\/mark><\/strong> alternativa para <strong><mark style=\"background-color:rgba(0, 0, 0, 0)\" class=\"has-inline-color has-luminous-vivid-orange-color\">velar<\/mark><\/strong> por tus <strong><mark style=\"background-color:rgba(0, 0, 0, 0)\" class=\"has-inline-color has-vivid-cyan-blue-color\">intereses<\/mark><\/strong>.<\/p>\n\n\n\n<p>.<\/p>\n\n\n\n<p>Cuando<strong> necesites<\/strong> ayuda, <strong>asistencia<\/strong> o <strong>planeaci\u00f3n<\/strong> legal, <strong>solicita<\/strong> <strong>Cita Privada<\/strong> <a rel=\"noreferrer noopener\" href=\"mailto:bi@sm99.mx\" target=\"_blank\"><strong>Aqu\u00ed<\/strong><\/a><\/p>\n\n\n\n<p>La informaci\u00f3n que AQU\u00cd te presentamos <strong>deriva<\/strong> de los <strong>Peri\u00f3dicos Oficiales <\/strong>de la<strong> CdMx<\/strong>, <strong>Estado<\/strong> de Mex., Diario <strong>Oficial<\/strong> de la Federaci\u00f3n, Suprema Corte de<strong> Justicia<\/strong> de la Naci\u00f3n, por lo tanto es de <strong>aplicaci\u00f3n OBLIGATORIA<\/strong><\/p>\n\n\n\n<p><\/p>\n\n\n\n<p>Esta informaci\u00f3n procede de la SCJN.<\/p>\n\n\n\n<p><\/p>\n\n\n\n<p><strong><mark style=\"background-color:rgba(0, 0, 0, 0)\" class=\"has-inline-color has-luminous-vivid-orange-color\">AY\u00daDANOS<\/mark><\/strong> para que m\u00e1s personas conozcan esta informaci\u00f3n, <strong>Comp\u00e1rtelo<\/strong> en tus redes sociales. ?<\/p>\n","protected":false},"excerpt":{"rendered":"<p>Views: 15 . . Este ANTECEDENTE: Surge luego de que, en un juicio de nulidad, el IMSS exhibi\u00f3 una certificaci\u00f3n de los estados de cuenta individuales de los trabajadores para as\u00ed acreditar la relaci\u00f3n laboral entre \u00e9stos y el patr\u00f3n, pero estos, NO fueron firmados por el titular de la subdelegaci\u00f3n correspondiente del IMSS, sino [&hellip;]<\/p>\n","protected":false},"author":3,"featured_media":23132,"comment_status":"closed","ping_status":"open","sticky":false,"template":"","format":"standard","meta":{"_jetpack_memberships_contains_paid_content":false,"footnotes":""},"categories":[4],"tags":[],"jetpack_sharing_enabled":true,"jetpack_featured_media_url":"https:\/\/www.salgadonoticias.com\/wp-content\/uploads\/2023\/07\/FIRMA.jpg","_links":{"self":[{"href":"https:\/\/www.salgadonoticias.com\/index.php?rest_route=\/wp\/v2\/posts\/23127"}],"collection":[{"href":"https:\/\/www.salgadonoticias.com\/index.php?rest_route=\/wp\/v2\/posts"}],"about":[{"href":"https:\/\/www.salgadonoticias.com\/index.php?rest_route=\/wp\/v2\/types\/post"}],"author":[{"embeddable":true,"href":"https:\/\/www.salgadonoticias.com\/index.php?rest_route=\/wp\/v2\/users\/3"}],"replies":[{"embeddable":true,"href":"https:\/\/www.salgadonoticias.com\/index.php?rest_route=%2Fwp%2Fv2%2Fcomments&post=23127"}],"version-history":[{"count":9,"href":"https:\/\/www.salgadonoticias.com\/index.php?rest_route=\/wp\/v2\/posts\/23127\/revisions"}],"predecessor-version":[{"id":23151,"href":"https:\/\/www.salgadonoticias.com\/index.php?rest_route=\/wp\/v2\/posts\/23127\/revisions\/23151"}],"wp:featuredmedia":[{"embeddable":true,"href":"https:\/\/www.salgadonoticias.com\/index.php?rest_route=\/wp\/v2\/media\/23132"}],"wp:attachment":[{"href":"https:\/\/www.salgadonoticias.com\/index.php?rest_route=%2Fwp%2Fv2%2Fmedia&parent=23127"}],"wp:term":[{"taxonomy":"category","embeddable":true,"href":"https:\/\/www.salgadonoticias.com\/index.php?rest_route=%2Fwp%2Fv2%2Fcategories&post=23127"},{"taxonomy":"post_tag","embeddable":true,"href":"https:\/\/www.salgadonoticias.com\/index.php?rest_route=%2Fwp%2Fv2%2Ftags&post=23127"}],"curies":[{"name":"wp","href":"https:\/\/api.w.org\/{rel}","templated":true}]}}