{"id":23159,"date":"2023-07-10T00:30:00","date_gmt":"2023-07-10T06:30:00","guid":{"rendered":"http:\/\/www.salgadonoticias.com\/?p=23159"},"modified":"2023-07-10T12:27:52","modified_gmt":"2023-07-10T18:27:52","slug":"23159","status":"publish","type":"post","link":"https:\/\/www.salgadonoticias.com\/?p=23159","title":{"rendered":"Mas de 18 meses para Solicitar Pensi\u00f3n por Concubinato &#8230;\u2026!!!"},"content":{"rendered":"<p>Views: 36<\/p>\n<p>.<\/p>\n\n\n\n<figure class=\"wp-block-embed is-type-video is-provider-youtube wp-block-embed-youtube wp-embed-aspect-16-9 wp-has-aspect-ratio\"><div class=\"wp-block-embed__wrapper\">\n<iframe loading=\"lazy\" title=\"M\u00e1s De 18 meses para solicitar Pensi\u00f3n por CONC\u00daBINATO\ufffc \u2026!!\" width=\"640\" height=\"360\" src=\"https:\/\/www.youtube.com\/embed\/mBCyUhljww8?feature=oembed\" frameborder=\"0\" allow=\"accelerometer; autoplay; clipboard-write; encrypted-media; gyroscope; picture-in-picture; web-share\" referrerpolicy=\"strict-origin-when-cross-origin\" allowfullscreen><\/iframe>\n<\/div><\/figure>\n\n\n\n<p>.<\/p>\n\n\n\n<p>El ANTECEDENTE:<\/p>\n\n\n\n<p>Surge luego de que, una mujer <strong>promoviera <mark style=\"background-color:rgba(0, 0, 0, 0)\" class=\"has-inline-color has-vivid-red-color\">amparo<\/mark><\/strong> indirecto contra la <strong>negativa<\/strong> por parte del <strong>ISSSTE<\/strong> de otorgarle la <strong>pensi\u00f3n por <mark style=\"background-color:rgba(0, 0, 0, 0)\" class=\"has-inline-color has-vivid-red-color\">concubinato<\/mark><\/strong>, al considerar <strong>ilegal<\/strong> la determinaci\u00f3n de <strong>prescripci\u00f3n<\/strong> de ese derecho lo cual se sustent\u00f3 en el punto 3 de las &#8220;<strong>Pol\u00edticas para el registro de probables deudos con fecha posterior al fallecimiento del trabajador y pensionado directo finado<\/strong>&#8220;, que prev\u00e9 un plazo de 18 meses posteriores al fallecimiento del trabajador o pensionado para solicitar dicha pensi\u00f3n.<\/p>\n\n\n\n<p>.<\/p>\n\n\n\n<p>La <strong><mark style=\"background-color:rgba(0, 0, 0, 0);color:#010e74\" class=\"has-inline-color\">Suprema Corte de Justicia<\/mark><\/strong> ante lo anterior <strong><mark style=\"background-color:rgba(0, 0, 0, 0);color:#9d0101\" class=\"has-inline-color\">DETERMIN\u00d3<\/mark> <\/strong>que el <strong><mark style=\"background-color:rgba(0, 0, 0, 0);color:#300656\" class=\"has-inline-color\">Derecho<\/mark> <\/strong>para <strong><mark style=\"background-color:rgba(0, 0, 0, 0)\" class=\"has-inline-color has-luminous-vivid-orange-color\">solicitar<\/mark><\/strong> la pensi\u00f3n por concubinato <strong><mark style=\"background-color:#deb64a\" class=\"has-inline-color\">NO PRESCRIBE<\/mark><\/strong>, por lo tanto, es <strong><mark style=\"background-color:#afddf9\" class=\"has-inline-color has-black-color\">Ilegal<\/mark><\/strong> <strong>APLICAR<\/strong> lo citado en el punto 3 de las pol\u00edticas citadas donde dispone que dicha solicitud de otorgamiento debe presentarse dentro de un periodo que <strong>no exceda<\/strong> los <strong>18 meses<\/strong> <strong>posteriores<\/strong> al <strong>fallecimiento<\/strong> de la o el trabajador o pensionado.<\/p>\n\n\n\n<p>.<\/p>\n\n\n\n<p class=\"has-text-align-justify\">La <strong><mark style=\"background-color:rgba(0, 0, 0, 0)\" class=\"has-inline-color has-vivid-red-color\">justificaci\u00f3n<\/mark><\/strong> de la <strong>SCJN<\/strong> es porque, conforme al art\u00edculo 186 de la Ley del Instituto de Seguridad y Servicios Sociales de los Trabajadores del Estado, vigente hasta el 31 de marzo de 2007 (de contenido similar al diverso 248 de la vigente) y a la tesis de jurisprudencia 2a.\/J. 114\/2009, de la Segunda Sala de la Suprema Corte de Justicia de la Naci\u00f3n, <strong><mark style=\"background-color:#fcb900\" class=\"has-inline-color\">el derecho a la pensi\u00f3n por concubinato es imprescriptible<\/mark><\/strong>. <\/p>\n\n\n\n<p class=\"has-text-align-justify\">Asimismo, el <strong>otorgamiento de una pensi\u00f3n<\/strong> est\u00e1 inmerso <strong>dentro<\/strong> del <strong><mark style=\"background-color:rgba(0, 0, 0, 0)\" class=\"has-inline-color has-vivid-red-color\">derecho a la seguridad social<\/mark><\/strong> contenido en el art\u00edculo 123, apartado B, fracci\u00f3n XI, inciso a), de la Constituci\u00f3n Pol\u00edtica de los Estados Unidos Mexicanos, del que deriva el principio de previsi\u00f3n social. <\/p>\n\n\n\n<p class=\"has-text-align-justify\">Ahora bien, de los art\u00edculos 73, 74, 75, fracci\u00f3n II (correlativo del actual 131, fracci\u00f3n II) y 186 de la citada ley se advierte que el <strong>derecho a la pensi\u00f3n<\/strong> se <strong><mark style=\"background-color:rgba(0, 0, 0, 0)\" class=\"has-inline-color has-vivid-red-color\">origina<\/mark> por la muerte del trabajador<\/strong> por <strong>causas <mark style=\"background-color:rgba(0, 0, 0, 0)\" class=\"has-inline-color has-vivid-red-color\">ajenas<\/mark> al servicio<\/strong>, as\u00ed como por la de un pensionado por jubilaci\u00f3n, retiro por edad y tiempo de servicios, cesant\u00eda en edad avanzada o invalidez, <strong>dando <mark style=\"background-color:rgba(0, 0, 0, 0)\" class=\"has-inline-color has-vivid-red-color\">origen<\/mark><\/strong> a la <strong>pensi\u00f3n por concubinato<\/strong>, entre otras, teniendo derecho a \u00e9sta la concubina sola o en concurrencia con los hijos, y que ese <strong>derecho es <mark style=\"background-color:#fcb900\" class=\"has-inline-color\">imprescriptible<\/mark><\/strong>, ya que su <strong><mark style=\"background-color:rgba(0, 0, 0, 0)\" class=\"has-inline-color has-vivid-red-color\">funci\u00f3n esencial<\/mark><\/strong> es permitir la subsistencia de los trabajadores, pensionados o sus beneficiarios. <\/p>\n\n\n\n<p class=\"has-text-align-justify\">En tales condiciones, para el <strong>otorgamiento<\/strong> de la <strong>pensi\u00f3n por <mark style=\"background-color:rgba(0, 0, 0, 0)\" class=\"has-inline-color has-vivid-red-color\">concubinato<\/mark><\/strong> <strong>solamente<\/strong> se requiere <strong>acreditar<\/strong> esa <strong><mark style=\"background-color:rgba(0, 0, 0, 0)\" class=\"has-inline-color has-vivid-red-color\">calidad<\/mark><\/strong> y los dem\u00e1s requisitos previstos en dicha ley en caso del fallecimiento de un pensionado, sin que la solicitud para su otorgamiento <strong>est\u00e9 condicionada a un plazo<\/strong> determinado.<\/p>\n\n\n\n<p>.<\/p>\n\n\n\n<p>Por lo tanto, desde<strong> esta semana<\/strong> esta resoluci\u00f3n es de<strong> <mark style=\"background-color:rgba(0, 0, 0, 0);color:#0720e3\" class=\"has-inline-color\">APLICACI\u00d3N<\/mark><\/strong> nacional y  <strong><mark style=\"background-color:rgba(0, 0, 0, 0)\" class=\"has-inline-color has-vivid-red-color\">OBLIGATORIA<\/mark><\/strong> para quien la <strong>conozca<\/strong> y la <strong>invoque.<\/strong><\/p>\n\n\n\n<p>.<\/p>\n\n\n\n<p>Si estas en el <strong><mark style=\"background-color:rgba(0, 0, 0, 0)\" class=\"has-inline-color has-vivid-red-color\">Extranjero <\/mark><\/strong>nosotros somos tu <strong><mark style=\"background-color:rgba(0, 0, 0, 0)\" class=\"has-inline-color has-vivid-green-cyan-color\">mejor<\/mark><\/strong> alternativa para <strong><mark style=\"background-color:rgba(0, 0, 0, 0)\" class=\"has-inline-color has-luminous-vivid-orange-color\">velar<\/mark><\/strong> por tus <strong><mark style=\"background-color:rgba(0, 0, 0, 0)\" class=\"has-inline-color has-vivid-cyan-blue-color\">intereses<\/mark><\/strong>.<\/p>\n\n\n\n<p>.<\/p>\n\n\n\n<p>Cuando<strong> necesites<\/strong> ayuda, <strong>asistencia<\/strong> o <strong>planeaci\u00f3n<\/strong> legal, <strong>solicita<\/strong> <strong>Cita Privada<\/strong> <a rel=\"noreferrer noopener\" href=\"mailto:bi@sm99.mx\" target=\"_blank\"><strong>Aqu\u00ed<\/strong><\/a><\/p>\n\n\n\n<p>La informaci\u00f3n que AQU\u00cd te presentamos <strong>deriva<\/strong> de los <strong>Peri\u00f3dicos Oficiales <\/strong>de la<strong> CdMx<\/strong>, <strong>Estado<\/strong> de Mex., Diario <strong>Oficial<\/strong> de la Federaci\u00f3n, Suprema Corte de<strong> Justicia<\/strong> de la Naci\u00f3n, por lo tanto es de <strong>aplicaci\u00f3n OBLIGATORIA<\/strong><\/p>\n\n\n\n<p><\/p>\n\n\n\n<p>Esta informaci\u00f3n procede de la SCJN.<\/p>\n\n\n\n<p><\/p>\n\n\n\n<p><strong><mark style=\"background-color:rgba(0, 0, 0, 0)\" class=\"has-inline-color has-luminous-vivid-orange-color\">AY\u00daDANOS<\/mark><\/strong> para que m\u00e1s personas conozcan esta informaci\u00f3n, <strong>Comp\u00e1rtelo<\/strong> en tus redes sociales. ?<\/p>\n","protected":false},"excerpt":{"rendered":"<p>Views: 36 . . El ANTECEDENTE: Surge luego de que, una mujer promoviera amparo indirecto contra la negativa por parte del ISSSTE de otorgarle la pensi\u00f3n por concubinato, al considerar ilegal la determinaci\u00f3n de prescripci\u00f3n de ese derecho lo cual se sustent\u00f3 en el punto 3 de las &#8220;Pol\u00edticas para el registro de probables deudos [&hellip;]<\/p>\n","protected":false},"author":3,"featured_media":23160,"comment_status":"closed","ping_status":"open","sticky":false,"template":"","format":"standard","meta":{"_jetpack_memberships_contains_paid_content":false,"footnotes":""},"categories":[4],"tags":[],"jetpack_sharing_enabled":true,"jetpack_featured_media_url":"https:\/\/www.salgadonoticias.com\/wp-content\/uploads\/2023\/07\/CONCUBINATO.jpg","_links":{"self":[{"href":"https:\/\/www.salgadonoticias.com\/index.php?rest_route=\/wp\/v2\/posts\/23159"}],"collection":[{"href":"https:\/\/www.salgadonoticias.com\/index.php?rest_route=\/wp\/v2\/posts"}],"about":[{"href":"https:\/\/www.salgadonoticias.com\/index.php?rest_route=\/wp\/v2\/types\/post"}],"author":[{"embeddable":true,"href":"https:\/\/www.salgadonoticias.com\/index.php?rest_route=\/wp\/v2\/users\/3"}],"replies":[{"embeddable":true,"href":"https:\/\/www.salgadonoticias.com\/index.php?rest_route=%2Fwp%2Fv2%2Fcomments&post=23159"}],"version-history":[{"count":9,"href":"https:\/\/www.salgadonoticias.com\/index.php?rest_route=\/wp\/v2\/posts\/23159\/revisions"}],"predecessor-version":[{"id":23188,"href":"https:\/\/www.salgadonoticias.com\/index.php?rest_route=\/wp\/v2\/posts\/23159\/revisions\/23188"}],"wp:featuredmedia":[{"embeddable":true,"href":"https:\/\/www.salgadonoticias.com\/index.php?rest_route=\/wp\/v2\/media\/23160"}],"wp:attachment":[{"href":"https:\/\/www.salgadonoticias.com\/index.php?rest_route=%2Fwp%2Fv2%2Fmedia&parent=23159"}],"wp:term":[{"taxonomy":"category","embeddable":true,"href":"https:\/\/www.salgadonoticias.com\/index.php?rest_route=%2Fwp%2Fv2%2Fcategories&post=23159"},{"taxonomy":"post_tag","embeddable":true,"href":"https:\/\/www.salgadonoticias.com\/index.php?rest_route=%2Fwp%2Fv2%2Ftags&post=23159"}],"curies":[{"name":"wp","href":"https:\/\/api.w.org\/{rel}","templated":true}]}}