{"id":23189,"date":"2023-07-11T00:27:00","date_gmt":"2023-07-11T06:27:00","guid":{"rendered":"http:\/\/www.salgadonoticias.com\/?p=23189"},"modified":"2023-07-11T14:40:53","modified_gmt":"2023-07-11T20:40:53","slug":"juicio-amparorecursos-solo-a-traves-del-portal-en-linea-del-poder-judicial","status":"publish","type":"post","link":"https:\/\/www.salgadonoticias.com\/?p=23189","title":{"rendered":"Recursos en Juicios de Amparo SOLO a trav\u00e9s del Portal en L\u00ednea del Poder Judicial\u2026!!!"},"content":{"rendered":"<p>Views: 14<\/p>\n<p>.<\/p>\n\n\n\n<figure class=\"wp-block-embed is-type-video is-provider-youtube wp-block-embed-youtube wp-embed-aspect-16-9 wp-has-aspect-ratio\"><div class=\"wp-block-embed__wrapper\">\n<iframe loading=\"lazy\" title=\"Recursos\ufffc en Juicios de Amparo, s\u00f3lo a trav\u00e9s del Portal en L\u00ednea del Poder Judicial\u2026.!!!\ufffc\" width=\"640\" height=\"360\" src=\"https:\/\/www.youtube.com\/embed\/BHZioM5K_8k?feature=oembed\" frameborder=\"0\" allow=\"accelerometer; autoplay; clipboard-write; encrypted-media; gyroscope; picture-in-picture; web-share\" referrerpolicy=\"strict-origin-when-cross-origin\" allowfullscreen><\/iframe>\n<\/div><\/figure>\n\n\n\n<p>.<\/p>\n\n\n\n<p>El ANTECEDENTE<\/p>\n\n\n\n<p>Surge luego del <strong><mark style=\"background-color:rgba(0, 0, 0, 0)\" class=\"has-inline-color has-vivid-red-color\">desacuerdo<\/mark><\/strong> entre los <strong>Tribunales<\/strong>, ya que unos dec\u00edan que Si era posible <strong>interponer recursos<\/strong> por el <strong>correo electr\u00f3nico <mark style=\"background-color:rgba(0, 0, 0, 0)\" class=\"has-inline-color has-vivid-red-color\">institucional<\/mark><\/strong>, otros dec\u00edan que <strong><mark style=\"background-color:rgba(0, 0, 0, 0)\" class=\"has-inline-color has-vivid-red-color\">\u00daNICAMENTE <\/mark><\/strong>deber\u00eda ser a trav\u00e9s del <strong>Portal de Servicios en L\u00ednea del Poder Judicial<\/strong> de la Federaci\u00f3n.<\/p>\n\n\n\n<p>.<\/p>\n\n\n\n<p>Por lo que la <strong><mark style=\"background-color:rgba(0, 0, 0, 0);color:#023b5c\" class=\"has-inline-color\">Suprema Corte de Justicia<\/mark>, <\/strong>ante lo anterior <strong><mark style=\"background-color:rgba(0, 0, 0, 0);color:#740101\" class=\"has-inline-color\">DETERMIN\u00d3<\/mark><\/strong> que la <strong>Interposici\u00f3n de Recursos<\/strong> en juicios de amparo, <strong><mark style=\"background-color:#fcb900\" class=\"has-inline-color\">SOLO<\/mark> <\/strong>deben realizarse a trav\u00e9s del <strong><mark style=\"background-color:#3cdca1\" class=\"has-inline-color\">Portal de Servicios en L\u00ednea del Poder Judicial de la Federaci\u00f3n<\/mark><\/strong>, esto porque al hacerlo mediante el <span style=\"text-decoration: underline;\">correo electr\u00f3nico<\/span> institucional de los \u00f3rganos jurisdiccionales <strong>NO es posible<\/strong> <strong><mark style=\"background-color:rgba(0, 0, 0, 0)\" class=\"has-inline-color has-luminous-vivid-orange-color\">VERIFICAR<\/mark><\/strong> que el <span style=\"text-decoration: underline;\">promovente cuente<\/span> con <mark style=\"background-color:rgba(0, 0, 0, 0)\" class=\"has-inline-color has-vivid-red-color\"><strong>firma electr\u00f3nica v\u00e1lida y vigente<\/strong>.<\/mark><\/p>\n\n\n\n<p>.<\/p>\n\n\n\n<p>La justificaci\u00f3n de la <strong>SCJN<\/strong> fue conforme a los art\u00edculos 3, p\u00e1rrafos primero, cuarto y quinto, as\u00ed como 80, p\u00e1rrafo segundo, ambos de la <strong><mark style=\"background-color:rgba(0, 0, 0, 0)\" class=\"has-inline-color has-vivid-red-color\">Ley de Amparo<\/mark><\/strong> y los diversos aplicables de los acuerdos generales que regulan la <strong>tramitaci\u00f3n<\/strong> del juicio de amparo en <strong>forma electr\u00f3nica<\/strong>, el <strong><mark style=\"background-color:#fcb900\" class=\"has-inline-color\">\u00fanico medio habilitado<\/mark><\/strong> para <strong>INTERPONER RECURSO<\/strong> por esa v\u00eda es el <strong><mark style=\"background-color:rgba(0, 0, 0, 0)\" class=\"has-inline-color has-vivid-red-color\">Portal de Servicios en L\u00ednea del Poder Judicial de la Federaci\u00f3n<\/mark><\/strong>.<\/p>\n\n\n\n<p>Con ello se dota de <strong><mark style=\"background-color:rgba(0, 0, 0, 0)\" class=\"has-inline-color has-vivid-red-color\">certeza jur\u00eddica<\/mark><\/strong> a la <strong>actuaci\u00f3n procesal y a las partes<\/strong>, ya que permite que el receptor <strong>identifique <\/strong>de manera fiable y segura <strong><mark style=\"background-color:#ff6900\" class=\"has-inline-color\">al autor del documento electr\u00f3nico<\/mark><\/strong> remitido, toda vez que puede <strong>constatarse<\/strong> si el <strong>certificado <\/strong>de la <strong>firma<\/strong> respectiva es reconocido, <strong>vigente y v\u00e1lido<\/strong>, lo que se hace constar en la evidencia criptogr\u00e1fica correspondiente. <\/p>\n\n\n\n<p>Esto porque, cuando la <strong>remisi\u00f3n<\/strong> del recurso se hace a trav\u00e9s de la direcci\u00f3n de <strong>correo electr\u00f3nico institucional<\/strong> de los \u00f3rganos jurisdiccionales tales aspectos <strong><mark style=\"background-color:#fcb900\" class=\"has-inline-color\">NO pueden corroborarse<\/mark><\/strong>, ni se asienta constancia de ello en documento alguno. <\/p>\n\n\n\n<p>Adem\u00e1s, de los distintos <strong><mark style=\"background-color:rgba(0, 0, 0, 0)\" class=\"has-inline-color has-vivid-red-color\">acuerdos<\/mark> generales<\/strong> emitidos en el contexto de la pandemia por el virus SARS-CoV-2 (COVID-19), se advierte que <strong>no se habilit\u00f3<\/strong> el uso del correo <strong>electr\u00f3nico <mark style=\"background-color:rgba(0, 0, 0, 0)\" class=\"has-inline-color has-vivid-red-color\">institucional<\/mark><\/strong> para la interposici\u00f3n de <strong>recursos<\/strong> en el juicio de amparo.<\/p>\n\n\n\n<p><\/p>\n\n\n\n<p>.<\/p>\n\n\n\n<p>Por lo tanto, desde<strong> esta semana<\/strong> esta resoluci\u00f3n es de<strong> <mark style=\"background-color:rgba(0, 0, 0, 0);color:#0720e3\" class=\"has-inline-color\">APLICACI\u00d3N<\/mark><\/strong> nacional y  <strong><mark style=\"background-color:rgba(0, 0, 0, 0)\" class=\"has-inline-color has-vivid-red-color\">OBLIGATORIA<\/mark><\/strong> para quien la <strong>conozca<\/strong> y la <strong>invoque.<\/strong><\/p>\n\n\n\n<p>.<\/p>\n\n\n\n<p>Si estas en el <strong><mark style=\"background-color:rgba(0, 0, 0, 0)\" class=\"has-inline-color has-vivid-red-color\">Extranjero <\/mark><\/strong>nosotros somos tu <strong><mark style=\"background-color:rgba(0, 0, 0, 0)\" class=\"has-inline-color has-vivid-green-cyan-color\">mejor<\/mark><\/strong> alternativa para <strong><mark style=\"background-color:rgba(0, 0, 0, 0)\" class=\"has-inline-color has-luminous-vivid-orange-color\">velar<\/mark><\/strong> por tus <strong><mark style=\"background-color:rgba(0, 0, 0, 0)\" class=\"has-inline-color has-vivid-cyan-blue-color\">intereses<\/mark><\/strong>.<\/p>\n\n\n\n<p>.<\/p>\n\n\n\n<p>Cuando<strong> necesites<\/strong> ayuda, <strong>asistencia<\/strong> o <strong>planeaci\u00f3n<\/strong> legal, <strong>solicita<\/strong> <strong>Cita Privada<\/strong> <a rel=\"noreferrer noopener\" href=\"mailto:bi@sm99.mx\" target=\"_blank\"><strong>Aqu\u00ed<\/strong><\/a><\/p>\n\n\n\n<p>La informaci\u00f3n que AQU\u00cd te presentamos <strong>deriva<\/strong> de los <strong>Peri\u00f3dicos Oficiales <\/strong>de la<strong> CdMx<\/strong>, <strong>Estado<\/strong> de Mex., Diario <strong>Oficial<\/strong> de la Federaci\u00f3n, Suprema Corte de<strong> Justicia<\/strong> de la Naci\u00f3n, por lo tanto es de <strong>aplicaci\u00f3n OBLIGATORIA<\/strong><\/p>\n\n\n\n<p><\/p>\n\n\n\n<p>Esta informaci\u00f3n procede de la SCJN.<\/p>\n\n\n\n<p><\/p>\n\n\n\n<p><strong><mark style=\"background-color:rgba(0, 0, 0, 0)\" class=\"has-inline-color has-luminous-vivid-orange-color\">AY\u00daDANOS<\/mark><\/strong> para que m\u00e1s personas conozcan esta informaci\u00f3n, <strong>Comp\u00e1rtelo<\/strong> en tus redes sociales. ?<\/p>\n","protected":false},"excerpt":{"rendered":"<p>Views: 14 . . El ANTECEDENTE Surge luego del desacuerdo entre los Tribunales, ya que unos dec\u00edan que Si era posible interponer recursos por el correo electr\u00f3nico institucional, otros dec\u00edan que \u00daNICAMENTE deber\u00eda ser a trav\u00e9s del Portal de Servicios en L\u00ednea del Poder Judicial de la Federaci\u00f3n. . Por lo que la Suprema Corte [&hellip;]<\/p>\n","protected":false},"author":3,"featured_media":23193,"comment_status":"closed","ping_status":"open","sticky":false,"template":"","format":"standard","meta":{"_jetpack_memberships_contains_paid_content":false,"footnotes":""},"categories":[4],"tags":[],"jetpack_sharing_enabled":true,"jetpack_featured_media_url":"https:\/\/www.salgadonoticias.com\/wp-content\/uploads\/2023\/07\/RECURSO.jpg","_links":{"self":[{"href":"https:\/\/www.salgadonoticias.com\/index.php?rest_route=\/wp\/v2\/posts\/23189"}],"collection":[{"href":"https:\/\/www.salgadonoticias.com\/index.php?rest_route=\/wp\/v2\/posts"}],"about":[{"href":"https:\/\/www.salgadonoticias.com\/index.php?rest_route=\/wp\/v2\/types\/post"}],"author":[{"embeddable":true,"href":"https:\/\/www.salgadonoticias.com\/index.php?rest_route=\/wp\/v2\/users\/3"}],"replies":[{"embeddable":true,"href":"https:\/\/www.salgadonoticias.com\/index.php?rest_route=%2Fwp%2Fv2%2Fcomments&post=23189"}],"version-history":[{"count":5,"href":"https:\/\/www.salgadonoticias.com\/index.php?rest_route=\/wp\/v2\/posts\/23189\/revisions"}],"predecessor-version":[{"id":23202,"href":"https:\/\/www.salgadonoticias.com\/index.php?rest_route=\/wp\/v2\/posts\/23189\/revisions\/23202"}],"wp:featuredmedia":[{"embeddable":true,"href":"https:\/\/www.salgadonoticias.com\/index.php?rest_route=\/wp\/v2\/media\/23193"}],"wp:attachment":[{"href":"https:\/\/www.salgadonoticias.com\/index.php?rest_route=%2Fwp%2Fv2%2Fmedia&parent=23189"}],"wp:term":[{"taxonomy":"category","embeddable":true,"href":"https:\/\/www.salgadonoticias.com\/index.php?rest_route=%2Fwp%2Fv2%2Fcategories&post=23189"},{"taxonomy":"post_tag","embeddable":true,"href":"https:\/\/www.salgadonoticias.com\/index.php?rest_route=%2Fwp%2Fv2%2Ftags&post=23189"}],"curies":[{"name":"wp","href":"https:\/\/api.w.org\/{rel}","templated":true}]}}