{"id":23200,"date":"2023-07-12T00:30:00","date_gmt":"2023-07-12T06:30:00","guid":{"rendered":"http:\/\/www.salgadonoticias.com\/?p=23200"},"modified":"2023-07-12T13:37:10","modified_gmt":"2023-07-12T19:37:10","slug":"23200","status":"publish","type":"post","link":"https:\/\/www.salgadonoticias.com\/?p=23200","title":{"rendered":"CERTIFICACIONES de Instituciones de Cr\u00e9dito, SOLO con la Personalidad y Facultades de quien Certifica\u2026!!!"},"content":{"rendered":"<p>Views: 14<\/p>\n<p>.<\/p>\n\n\n\n<figure class=\"wp-block-embed is-type-video is-provider-youtube wp-block-embed-youtube wp-embed-aspect-16-9 wp-has-aspect-ratio\"><div class=\"wp-block-embed__wrapper\">\n<iframe loading=\"lazy\" title=\"CERTIFICACIONES de Instituciones de Cr\u00e9d SOLO con la Personalidad y Facultades de qui\u00e9n Certifica\ufffc\" width=\"640\" height=\"360\" src=\"https:\/\/www.youtube.com\/embed\/Zb2nwxBiweM?feature=oembed\" frameborder=\"0\" allow=\"accelerometer; autoplay; clipboard-write; encrypted-media; gyroscope; picture-in-picture; web-share\" referrerpolicy=\"strict-origin-when-cross-origin\" allowfullscreen><\/iframe>\n<\/div><\/figure>\n\n\n\n<p>.<\/p>\n\n\n\n<p>El ANTECEDENTE:<\/p>\n\n\n\n<p>Surge luego de un Tribunal Colegiado y un Pleno de Circuito, sostuvieron <strong>posturas <mark style=\"background-color:rgba(0, 0, 0, 0)\" class=\"has-inline-color has-vivid-red-color\">contrarias<\/mark><\/strong> al aclarar si para que surta efectos la <strong>presunci\u00f3n<\/strong> de <strong><mark style=\"background-color:rgba(0, 0, 0, 0)\" class=\"has-inline-color has-vivid-red-color\">legalidad<\/mark> <\/strong>de los <strong>documentos <mark style=\"background-color:rgba(0, 0, 0, 0)\" class=\"has-inline-color has-vivid-red-color\">certificados<\/mark><\/strong>, exhibidos en t\u00e9rminos del art\u00edculo 100 de la Ley de <strong><mark style=\"background-color:#abb8c3\" class=\"has-inline-color\">Instituciones de Cr\u00e9dito<\/mark><\/strong> el Tribunal dec\u00eda que para cumplir con la exigencia de ese art\u00edculo, <strong><mark style=\"background-color:rgba(0, 0, 0, 0)\" class=\"has-inline-color has-vivid-red-color\">bastaba<\/mark><\/strong> con que en la<strong><mark style=\"background-color:#ff6900\" class=\"has-inline-color has-black-color\"> certificaci\u00f3n<\/mark><\/strong> se asienten los <strong>datos<\/strong> relativos al nombre del <strong><mark style=\"background-color:rgba(0, 0, 0, 0)\" class=\"has-inline-color has-vivid-red-color\">funcionario<\/mark><\/strong> previamente autorizado para tal efecto <strong>y los datos<\/strong> de <strong><mark style=\"background-color:#7bdcb5\" class=\"has-inline-color\">inscripci\u00f3n del nombramiento<\/mark><\/strong> respectivo en el Registro P\u00fablico de Comercio y el por el contrario, el Pleno resolvi\u00f3 que los <strong><mark style=\"background-color:#fcb900\" class=\"has-inline-color\">documentos certificados y exhibidos<\/mark><\/strong> en t\u00e9rminos de ese art\u00edculo, deben a<strong>compa\u00f1arse<\/strong> SOLO con los documentos que <strong><mark style=\"background-color:rgba(0, 0, 0, 0)\" class=\"has-inline-color has-vivid-red-color\">acrediten la personalidad<\/mark><\/strong> y las <strong><mark style=\"background-color:rgba(0, 0, 0, 0)\" class=\"has-inline-color has-vivid-red-color\">facultades del funcionario<\/mark><\/strong> autorizado para tales efectos.<\/p>\n\n\n\n<p>.<\/p>\n\n\n\n<p>Ante lo anterior la <strong><mark style=\"background-color:rgba(0, 0, 0, 0);color:#090689\" class=\"has-inline-color\">Suprema Corte de Justicia<\/mark>, <mark style=\"background-color:rgba(0, 0, 0, 0);color:#ae0505\" class=\"has-inline-color\">DETERMIN\u00d3<\/mark><\/strong> que, los <strong><mark style=\"background-color:#f4c84e\" class=\"has-inline-color\">Documentos Certificados<\/mark><\/strong> presentados en Juicios mercantiles por las Instituciones de cr\u00e9dito,<strong> DEBEN acompa\u00f1arse<\/strong> con el <span style=\"text-decoration: underline;\">documento<\/span> que <strong>ACREDITE<\/strong> la <strong><mark style=\"background-color:rgba(0, 0, 0, 0)\" class=\"has-inline-color has-luminous-vivid-orange-color\">personalidad y las facultades<\/mark><\/strong> del funcionario <strong><mark style=\"background-color:#61f0b7\" class=\"has-inline-color\">autorizado<\/mark><\/strong> para realiza dicha certificaci\u00f3n. Ya que <strong><mark style=\"background-color:#ff6900\" class=\"has-inline-color\">s\u00f3lo as\u00ed gozar\u00e1n del mismo valor probatorio<\/mark><\/strong> que:<\/p>\n\n\n\n<ul>\n<li>Los<strong><mark style=\"background-color:rgba(0, 0, 0, 0)\" class=\"has-inline-color has-vivid-red-color\"> libros,<\/mark><\/strong><\/li>\n\n\n\n<li><strong>Registros<\/strong> y <strong><mark style=\"background-color:rgba(0, 0, 0, 0)\" class=\"has-inline-color has-vivid-red-color\">documentos<\/mark><\/strong> microfilmados o grabados en discos \u00f3pticos, o conservados a trav\u00e9s de cualquier otro medio autorizado<\/li>\n<\/ul>\n\n\n\n<p>.<\/p>\n\n\n\n<p>La justificaci\u00f3n de la <strong><mark style=\"background-color:rgba(0, 0, 0, 0);color:#2a07e3\" class=\"has-inline-color\">SCJN<\/mark>,<\/strong> se basa en la <strong>congruencia<\/strong> con los <strong>principios de <mark style=\"background-color:rgba(0, 0, 0, 0)\" class=\"has-inline-color has-vivid-red-color\">proximidad<\/mark><\/strong> y <strong>facilidad <mark style=\"background-color:rgba(0, 0, 0, 0)\" class=\"has-inline-color has-vivid-red-color\">probatoria<\/mark><\/strong>, as\u00ed como de la aplicaci\u00f3n anal\u00f3gica de los criterios emitidos por la Primera Sala al resolver las contradicciones de tesis 128\/2018 y 206\/2020, ya que <strong><mark style=\"background-color:rgba(0, 0, 0, 0)\" class=\"has-inline-color has-vivid-green-cyan-color\">corresponde<\/mark><\/strong> a las <strong>instituciones de cr\u00e9dito<\/strong> SOPORTAR la carga de la <strong>prueba<\/strong> de <strong>demostrar<\/strong> la autenticidad de la <strong>personalidad<\/strong> y las <strong>funciones<\/strong> de los que certifican la informaci\u00f3n aportada <strong><mark style=\"background-color:#fcb900\" class=\"has-inline-color\">dentro de un juicio mercantil<\/mark><\/strong>, en t\u00e9rminos del art\u00edculo 100 de la ley comentada.<\/p>\n\n\n\n<p>Esto, con la <strong>finalidad<\/strong> de DOTAR a los <strong>jueces<\/strong> de <strong>mayores <mark style=\"background-color:rgba(0, 0, 0, 0)\" class=\"has-inline-color has-vivid-red-color\">elementos<\/mark><\/strong> que, en conjunto, le <strong>permitan resolver una controversia<\/strong> en torno a la <strong><mark style=\"background-color:#ff6900\" class=\"has-inline-color\">autenticidad de la informaci\u00f3n<\/mark><\/strong> aportada. <\/p>\n\n\n\n<p>Pero <strong>SIN<\/strong> que pueda <strong>estimarse<\/strong> como una <strong><mark style=\"background-color:rgba(0, 0, 0, 0)\" class=\"has-inline-color has-vivid-red-color\">imposici\u00f3n<\/mark> excesiva<\/strong> en detrimento del principio de igualdad procesal de las partes, toda vez que las <strong>instituciones de <mark style=\"background-color:rgba(0, 0, 0, 0)\" class=\"has-inline-color has-vivid-red-color\">cr\u00e9dito<\/mark><\/strong> tienen a su alcance los estados financieros y dem\u00e1s documentos derivados de las operaciones bancarias efectuadas por los usuarios, tambi\u00e9n la <strong><mark style=\"background-color:rgba(0, 0, 0, 0)\" class=\"has-inline-color has-vivid-red-color\">relaci\u00f3n de nombramientos<\/mark> y <mark style=\"background-color:#abb8c3\" class=\"has-inline-color\">funciones de su personal<\/mark><\/strong>. De ah\u00ed que las instituciones de cr\u00e9dito gozan de mayor facilidad para aportar tales probanzas.<\/p>\n\n\n\n<p>.<\/p>\n\n\n\n<p>.<\/p>\n\n\n\n<p>Por lo tanto, desde<strong> esta semana<\/strong> esta resoluci\u00f3n es de<strong> <mark style=\"background-color:rgba(0, 0, 0, 0);color:#0720e3\" class=\"has-inline-color\">APLICACI\u00d3N<\/mark><\/strong> nacional y  <strong><mark style=\"background-color:rgba(0, 0, 0, 0)\" class=\"has-inline-color has-vivid-red-color\">OBLIGATORIA<\/mark><\/strong> para quien la <strong>conozca<\/strong> y la <strong>invoque.<\/strong><\/p>\n\n\n\n<p>.<\/p>\n\n\n\n<p>Si estas en el <strong><mark style=\"background-color:rgba(0, 0, 0, 0)\" class=\"has-inline-color has-vivid-red-color\">Extranjero <\/mark><\/strong>nosotros somos tu <strong><mark style=\"background-color:rgba(0, 0, 0, 0)\" class=\"has-inline-color has-vivid-green-cyan-color\">mejor<\/mark><\/strong> alternativa para <strong><mark style=\"background-color:rgba(0, 0, 0, 0)\" class=\"has-inline-color has-luminous-vivid-orange-color\">velar<\/mark><\/strong> por tus <strong><mark style=\"background-color:rgba(0, 0, 0, 0)\" class=\"has-inline-color has-vivid-cyan-blue-color\">intereses<\/mark><\/strong>.<\/p>\n\n\n\n<p>.<\/p>\n\n\n\n<p>Cuando<strong> necesites<\/strong> ayuda, <strong>asistencia<\/strong> o <strong>planeaci\u00f3n<\/strong> legal, <strong>solicita<\/strong> <strong>Cita Privada<\/strong> <a rel=\"noreferrer noopener\" href=\"mailto:bi@sm99.mx\" target=\"_blank\"><strong>Aqu\u00ed<\/strong><\/a><\/p>\n\n\n\n<p>La informaci\u00f3n que AQU\u00cd te presentamos <strong>deriva<\/strong> de los <strong>Peri\u00f3dicos Oficiales <\/strong>de la<strong> CdMx<\/strong>, <strong>Estado<\/strong> de Mex., Diario <strong>Oficial<\/strong> de la Federaci\u00f3n, Suprema Corte de<strong> Justicia<\/strong> de la Naci\u00f3n, por lo tanto es de <strong>aplicaci\u00f3n OBLIGATORIA<\/strong><\/p>\n\n\n\n<p><\/p>\n\n\n\n<p>Esta informaci\u00f3n procede de la SCJN.<\/p>\n\n\n\n<p><\/p>\n\n\n\n<p><strong><mark style=\"background-color:rgba(0, 0, 0, 0)\" class=\"has-inline-color has-luminous-vivid-orange-color\">AY\u00daDANOS<\/mark><\/strong> para que m\u00e1s personas conozcan esta informaci\u00f3n, <strong>Comp\u00e1rtelo<\/strong> en tus redes sociales. ?<\/p>\n","protected":false},"excerpt":{"rendered":"<p>Views: 14 . . El ANTECEDENTE: Surge luego de un Tribunal Colegiado y un Pleno de Circuito, sostuvieron posturas contrarias al aclarar si para que surta efectos la presunci\u00f3n de legalidad de los documentos certificados, exhibidos en t\u00e9rminos del art\u00edculo 100 de la Ley de Instituciones de Cr\u00e9dito el Tribunal dec\u00eda que para cumplir con [&hellip;]<\/p>\n","protected":false},"author":3,"featured_media":23205,"comment_status":"closed","ping_status":"open","sticky":false,"template":"","format":"standard","meta":{"_jetpack_memberships_contains_paid_content":false,"footnotes":""},"categories":[4],"tags":[],"jetpack_sharing_enabled":true,"jetpack_featured_media_url":"https:\/\/www.salgadonoticias.com\/wp-content\/uploads\/2023\/07\/CERTIFICADO.jpg","_links":{"self":[{"href":"https:\/\/www.salgadonoticias.com\/index.php?rest_route=\/wp\/v2\/posts\/23200"}],"collection":[{"href":"https:\/\/www.salgadonoticias.com\/index.php?rest_route=\/wp\/v2\/posts"}],"about":[{"href":"https:\/\/www.salgadonoticias.com\/index.php?rest_route=\/wp\/v2\/types\/post"}],"author":[{"embeddable":true,"href":"https:\/\/www.salgadonoticias.com\/index.php?rest_route=\/wp\/v2\/users\/3"}],"replies":[{"embeddable":true,"href":"https:\/\/www.salgadonoticias.com\/index.php?rest_route=%2Fwp%2Fv2%2Fcomments&post=23200"}],"version-history":[{"count":10,"href":"https:\/\/www.salgadonoticias.com\/index.php?rest_route=\/wp\/v2\/posts\/23200\/revisions"}],"predecessor-version":[{"id":23223,"href":"https:\/\/www.salgadonoticias.com\/index.php?rest_route=\/wp\/v2\/posts\/23200\/revisions\/23223"}],"wp:featuredmedia":[{"embeddable":true,"href":"https:\/\/www.salgadonoticias.com\/index.php?rest_route=\/wp\/v2\/media\/23205"}],"wp:attachment":[{"href":"https:\/\/www.salgadonoticias.com\/index.php?rest_route=%2Fwp%2Fv2%2Fmedia&parent=23200"}],"wp:term":[{"taxonomy":"category","embeddable":true,"href":"https:\/\/www.salgadonoticias.com\/index.php?rest_route=%2Fwp%2Fv2%2Fcategories&post=23200"},{"taxonomy":"post_tag","embeddable":true,"href":"https:\/\/www.salgadonoticias.com\/index.php?rest_route=%2Fwp%2Fv2%2Ftags&post=23200"}],"curies":[{"name":"wp","href":"https:\/\/api.w.org\/{rel}","templated":true}]}}