{"id":23372,"date":"2023-07-21T00:30:00","date_gmt":"2023-07-21T06:30:00","guid":{"rendered":"http:\/\/www.salgadonoticias.com\/?p=23372"},"modified":"2023-07-21T15:05:03","modified_gmt":"2023-07-21T21:05:03","slug":"seran-jueces-en-materia-administrativa-quienes-resolveran-juicios-por-pensiones-otorgadas-por-el-imss","status":"publish","type":"post","link":"https:\/\/www.salgadonoticias.com\/?p=23372","title":{"rendered":"Jueces Administrativos quienes resuelvan Juicios de Pensiones otorgadas por el IMSS \u2026!!!"},"content":{"rendered":"<p>Views: 21<\/p>\n<p>.<\/p>\n\n\n\n<figure class=\"wp-block-embed is-type-video is-provider-youtube wp-block-embed-youtube wp-embed-aspect-16-9 wp-has-aspect-ratio\"><div class=\"wp-block-embed__wrapper\">\n<iframe loading=\"lazy\" title=\"Jueces Administrativos los indicados en Juicios de Pensiones otorgadas por el IMSS \u2026!!!\" width=\"640\" height=\"360\" src=\"https:\/\/www.youtube.com\/embed\/J6hTPG8lJjc?feature=oembed\" frameborder=\"0\" allow=\"accelerometer; autoplay; clipboard-write; encrypted-media; gyroscope; picture-in-picture; web-share\" referrerpolicy=\"strict-origin-when-cross-origin\" allowfullscreen><\/iframe>\n<\/div><\/figure>\n\n\n\n<p>.<\/p>\n\n\n\n<p>El ANTECEDENTE<\/p>\n\n\n\n<p>De la luego de que Tribunales contendientes tuvieron <strong>criterios <mark style=\"background-color:rgba(0, 0, 0, 0)\" class=\"has-inline-color has-vivid-red-color\">distintos<\/mark><\/strong> sobre la competencia de <strong>que \u00f3rgano<\/strong> jurisdiccional que debe <strong>CONOCER<\/strong> un juicio de amparo indirecto cuando<strong> se reclama<\/strong> la <strong><mark style=\"background-color:#ff6900\" class=\"has-inline-color\">cuantificaci\u00f3n de pensiones otorgadas por el IMSS<\/mark><\/strong>, estos porque unos dec\u00edan que era el Juzgado de Distrito en Materia Administrativa y el otro que otros que era el especializado en materia de trabajo.<\/p>\n\n\n\n<p>.<\/p>\n\n\n\n<p>La <strong><mark style=\"background-color:rgba(0, 0, 0, 0);color:#083087\" class=\"has-inline-color\">Suprema Corte de Justicia<\/mark><\/strong>, <strong><mark style=\"background-color:rgba(0, 0, 0, 0);color:#ac0505\" class=\"has-inline-color\">DETERMIN\u00d3<\/mark><\/strong> que ser\u00e1n los <strong><mark style=\"background-color:rgba(0, 0, 0, 0);color:#400378\" class=\"has-inline-color\">JUZGADOS<\/mark><\/strong> de Distrito <strong><mark style=\"background-color:rgba(0, 0, 0, 0);color:#41047a\" class=\"has-inline-color\">especializados<\/mark><\/strong> en <strong><mark style=\"background-color:rgba(0, 0, 0, 0);color:#3b046e\" class=\"has-inline-color\">Materia Administrativa<\/mark><\/strong>, los <strong><mark style=\"background-color:#fcb900\" class=\"has-inline-color\">\u00daNICOS<\/mark><\/strong> con <strong>competencia<\/strong> para <strong><mark style=\"background-color:rgba(0, 0, 0, 0)\" class=\"has-inline-color has-luminous-vivid-orange-color\">CONOCER<\/mark><\/strong> los juicios de <strong>Amparo <mark style=\"background-color:rgba(0, 0, 0, 0)\" class=\"has-inline-color has-vivid-red-color\">Indirecto<\/mark><\/strong> promovido contra la <strong>cuantificaci\u00f3n<\/strong> de una <strong><mark style=\"background-color:rgba(0, 0, 0, 0)\" class=\"has-inline-color has-vivid-red-color\">pensi\u00f3n<\/mark><\/strong> otorgada por el <strong>IMSS<\/strong>. <\/p>\n\n\n\n<p>.<\/p>\n\n\n\n<p>La<strong><mark style=\"background-color:rgba(0, 0, 0, 0)\" class=\"has-inline-color has-vivid-red-color\"> justificaci\u00f3n<\/mark><\/strong> de la <strong>SCJN <\/strong>es conforme a los criterios sustentados por esta Segunda Sala en las jurisprudencias:<\/p>\n\n\n\n<p> 2a.\/J. 24\/2009, de rubro: &#8220;<strong>COMPETENCIA<\/strong> POR MATERIA DE LOS TRIBUNALES COLEGIADOS DE CIRCUITO ESPECIALIZADOS. <strong>DEBE <mark style=\"background-color:rgba(0, 0, 0, 0)\" class=\"has-inline-color has-vivid-red-color\">DETERMINARSE<\/mark><\/strong> ATENDIENDO A LA <strong>NATURALEZA<\/strong> DEL <strong>ACTO <mark style=\"background-color:rgba(0, 0, 0, 0)\" class=\"has-inline-color has-vivid-red-color\">RECLAMADO<\/mark><\/strong> Y DE LA AUTORIDAD RESPONSABLE, <strong><mark style=\"background-color:#fcb900\" class=\"has-inline-color\">Y NO A LOS CONCEPTOS DE VIOLACI\u00d3N<\/mark><\/strong> O AGRAVIOS FORMULADOS.&#8221; y <\/p>\n\n\n\n<p>2a.\/J. 145\/2015 (10a.) de t\u00edtulo y subt\u00edtulo: &#8220;COMPETENCIA POR MATERIA PARA CONOCER DEL RECURSO DE REVISI\u00d3N INTERPUESTO CONTRA LA SENTENCIA DICTADA EN EL JUICIO DE AMPARO INDIRECTO POR UN JUEZ DE DISTRITO CON COMPETENCIA MIXTA. SE DETERMINA ATENDIENDO A LA NATURALEZA DEL ACTO RECLAMADO Y DE LA AUTORIDAD RESPONSABLE.&#8221;, en la cual se fija la <strong>competencia<\/strong> por <strong><mark style=\"background-color:rgba(0, 0, 0, 0)\" class=\"has-inline-color has-vivid-red-color\">materia de los Jueces<\/mark><\/strong> de Distrito y se debe <strong>considerar<\/strong> tanto la <strong><mark style=\"background-color:rgba(0, 0, 0, 0)\" class=\"has-inline-color has-vivid-red-color\">naturaleza <\/mark><\/strong>del acto reclamado como la de la <strong><mark style=\"background-color:rgba(0, 0, 0, 0)\" class=\"has-inline-color has-vivid-red-color\">autoridad<\/mark><\/strong> <strong>responsable<\/strong>. <\/p>\n\n\n\n<p>Porque, si bien es cierto que las <strong>pensiones<\/strong> tienen como fuente una <strong>relaci\u00f3n de trabajo<\/strong>, tambi\u00e9n lo es que la surgida entre la persona pensionada y el IMSS <strong>constituye <\/strong>una <strong><mark style=\"background-color:rgba(0, 0, 0, 0)\" class=\"has-inline-color has-vivid-red-color\">nueva <\/mark>relaci\u00f3n<\/strong> de naturaleza <strong><mark style=\"background-color:#fcb900\" class=\"has-inline-color\">administrativa<\/mark><\/strong>, toda vez que la <strong>relaci\u00f3n laboral <mark style=\"background-color:rgba(0, 0, 0, 0)\" class=\"has-inline-color has-vivid-red-color\">no puede considerarse<\/mark> extendida<\/strong> despu\u00e9s de concedida la pensi\u00f3n respectiva, porque la pensi\u00f3n tiene su justificaci\u00f3n en el otorgamiento de prestaciones en dinero derivadas del cumplimiento de ciertos requisitos, que permitan la subsistencia del trabajador o de sus beneficiarios despu\u00e9s de concluida la relaci\u00f3n de trabajo, motivo por el cual <strong><mark style=\"background-color:#ff6900\" class=\"has-inline-color\">la pensi\u00f3n no puede constituirse como una prestaci\u00f3n de tipo laboral<\/mark><\/strong>. <\/p>\n\n\n\n<p>Consecuentemente, cuando <strong>se reclama<\/strong> en un juicio de amparo indirecto la <strong><mark style=\"background-color:rgba(0, 0, 0, 0)\" class=\"has-inline-color has-vivid-red-color\">indebida cuantificaci\u00f3n<\/mark><\/strong> de una pensi\u00f3n a cargo del Instituto Mexicano del Seguro Social, <strong>ya sea<\/strong> <strong><mark style=\"background-color:rgba(0, 0, 0, 0)\" class=\"has-inline-color has-vivid-red-color\">por la forma<\/mark><\/strong> en que se realiz\u00f3 su c\u00e1lculo o por la <strong>inexacta aplicaci\u00f3n<\/strong> de los porcentajes o incrementos correspondientes, al tratarse de <strong>un acto y de autoridades de naturaleza administrativa<\/strong>, la <strong><mark style=\"background-color:rgba(0, 0, 0, 0)\" class=\"has-inline-color has-vivid-red-color\">competencia<\/mark><\/strong> <strong>debe corresponder<\/strong> a los <strong><mark style=\"background-color:#fcb900\" class=\"has-inline-color\">Juzgados de Distrito en Materia Administrativa<\/mark><\/strong> cuando exista esa competencia especial.<\/p>\n\n\n\n<p>. <\/p>\n\n\n\n<p>Esta es una resoluci\u00f3n de <strong><mark style=\"background-color:#fcb900\" class=\"has-inline-color\">aplicaci\u00f3n<\/mark><\/strong> <strong><mark style=\"background-color:rgba(0, 0, 0, 0)\" class=\"has-inline-color has-vivid-red-color\">OBLIGATORIA <\/mark><\/strong>en todo el pa\u00eds a partir de esta semana.<\/p>\n\n\n\n<p>.<\/p>\n\n\n\n<p>Si estas en el <strong><mark style=\"background-color:rgba(0, 0, 0, 0)\" class=\"has-inline-color has-vivid-red-color\">Extranjero <\/mark><\/strong>nosotros somos tu <strong><mark style=\"background-color:rgba(0, 0, 0, 0)\" class=\"has-inline-color has-vivid-green-cyan-color\">mejor<\/mark><\/strong> alternativa para <strong><mark style=\"background-color:rgba(0, 0, 0, 0)\" class=\"has-inline-color has-luminous-vivid-orange-color\">velar<\/mark><\/strong> por tus <strong><mark style=\"background-color:rgba(0, 0, 0, 0)\" class=\"has-inline-color has-vivid-cyan-blue-color\">intereses<\/mark><\/strong>, escr\u00edbenos o ll\u00e1manos al Tel <strong>55581-11311<\/strong>.<\/p>\n\n\n\n<p>.<\/p>\n\n\n\n<p>Cuando<strong> necesites<\/strong> ayuda, <strong>asistencia<\/strong> o <strong>planeaci\u00f3n<\/strong> legal, <strong>solicita<\/strong> <strong>Cita Privada<\/strong> <a rel=\"noreferrer noopener\" href=\"mailto:bi@sm99.mx\" target=\"_blank\"><strong>Aqu\u00ed<\/strong><\/a><\/p>\n\n\n\n<p>La informaci\u00f3n que AQU\u00cd te presentamos <strong>deriva<\/strong> de los <strong>Peri\u00f3dicos Oficiales <\/strong>de la<strong> CdMx<\/strong>, <strong>Estado<\/strong> de Mex., Diario <strong>Oficial<\/strong> de la Federaci\u00f3n, Suprema Corte de<strong> Justicia<\/strong> de la Naci\u00f3n, por lo tanto es de <strong>aplicaci\u00f3n <mark style=\"background-color:rgba(0, 0, 0, 0);color:#f20c0c\" class=\"has-inline-color\">OBLIGATORIA<\/mark><\/strong><\/p>\n\n\n\n<p>La <strong>informaci\u00f3n<\/strong> de hoy procede de la SCJN<\/p>\n\n\n\n<p><strong><mark style=\"background-color:rgba(0, 0, 0, 0)\" class=\"has-inline-color has-luminous-vivid-orange-color\">AY\u00daDANOS<\/mark><\/strong> para que m\u00e1s personas conozcan esta informaci\u00f3n, <strong>Comp\u00e1rtelo<\/strong> en tus redes sociales. <\/p>\n\n\n\n<p id=\"block-36d9afd1-ea59-46a8-bc82-7e7f4e832a8b\"><\/p>\n","protected":false},"excerpt":{"rendered":"<p>Views: 21 . . El ANTECEDENTE De la luego de que Tribunales contendientes tuvieron criterios distintos sobre la competencia de que \u00f3rgano jurisdiccional que debe CONOCER un juicio de amparo indirecto cuando se reclama la cuantificaci\u00f3n de pensiones otorgadas por el IMSS, estos porque unos dec\u00edan que era el Juzgado de Distrito en Materia Administrativa [&hellip;]<\/p>\n","protected":false},"author":3,"featured_media":23377,"comment_status":"closed","ping_status":"open","sticky":false,"template":"","format":"standard","meta":{"_jetpack_memberships_contains_paid_content":false,"footnotes":""},"categories":[4],"tags":[],"jetpack_sharing_enabled":true,"jetpack_featured_media_url":"https:\/\/www.salgadonoticias.com\/wp-content\/uploads\/2023\/07\/juez.jpg","_links":{"self":[{"href":"https:\/\/www.salgadonoticias.com\/index.php?rest_route=\/wp\/v2\/posts\/23372"}],"collection":[{"href":"https:\/\/www.salgadonoticias.com\/index.php?rest_route=\/wp\/v2\/posts"}],"about":[{"href":"https:\/\/www.salgadonoticias.com\/index.php?rest_route=\/wp\/v2\/types\/post"}],"author":[{"embeddable":true,"href":"https:\/\/www.salgadonoticias.com\/index.php?rest_route=\/wp\/v2\/users\/3"}],"replies":[{"embeddable":true,"href":"https:\/\/www.salgadonoticias.com\/index.php?rest_route=%2Fwp%2Fv2%2Fcomments&post=23372"}],"version-history":[{"count":10,"href":"https:\/\/www.salgadonoticias.com\/index.php?rest_route=\/wp\/v2\/posts\/23372\/revisions"}],"predecessor-version":[{"id":23411,"href":"https:\/\/www.salgadonoticias.com\/index.php?rest_route=\/wp\/v2\/posts\/23372\/revisions\/23411"}],"wp:featuredmedia":[{"embeddable":true,"href":"https:\/\/www.salgadonoticias.com\/index.php?rest_route=\/wp\/v2\/media\/23377"}],"wp:attachment":[{"href":"https:\/\/www.salgadonoticias.com\/index.php?rest_route=%2Fwp%2Fv2%2Fmedia&parent=23372"}],"wp:term":[{"taxonomy":"category","embeddable":true,"href":"https:\/\/www.salgadonoticias.com\/index.php?rest_route=%2Fwp%2Fv2%2Fcategories&post=23372"},{"taxonomy":"post_tag","embeddable":true,"href":"https:\/\/www.salgadonoticias.com\/index.php?rest_route=%2Fwp%2Fv2%2Ftags&post=23372"}],"curies":[{"name":"wp","href":"https:\/\/api.w.org\/{rel}","templated":true}]}}