{"id":23404,"date":"2023-07-22T12:30:00","date_gmt":"2023-07-22T18:30:00","guid":{"rendered":"http:\/\/www.salgadonoticias.com\/?p=23404"},"modified":"2023-07-21T14:45:07","modified_gmt":"2023-07-21T20:45:07","slug":"23404","status":"publish","type":"post","link":"https:\/\/www.salgadonoticias.com\/?p=23404","title":{"rendered":"M\u00e1s de 330 empresas SUSPENDIDAS del programa IMMEX&#8230;!!!"},"content":{"rendered":"<p>Views: 14<\/p>\n<p>.<\/p>\n\n\n\n<p>La <strong>Secretaria de Econom\u00eda<\/strong> (SE) da a conocer la lista de <strong>334 empresas<\/strong> y sus n\u00fameros de afiliaci\u00f3n al <em><strong>Programa de la Industria Manufacturera, Maquiladora y de Servicios de Exportaci\u00f3n<\/strong><\/em> <strong>(IMMEX)<\/strong>, <strong><mark style=\"background-color:#5df2b7\" class=\"has-inline-color\">SUSPENDIDAS<\/mark><\/strong> por <strong><mark style=\"background-color:rgba(0, 0, 0, 0)\" class=\"has-inline-color has-vivid-red-color\">NO haber presentado<\/mark><\/strong> (en mayo) el <strong>reporte<\/strong> de las <strong>ventas y exportaciones<\/strong> del 2022.<\/p>\n\n\n\n<p>.<\/p>\n\n\n\n<p>Cabe destacar que los titulares<strong> suspendidos <\/strong>tienen como <strong>fecha l\u00edmite<\/strong> el<strong> \u00faltimo d\u00eda h\u00e1bil de agosto <\/strong>del actual<em>, para exhibir el reporte, y corregir su situaci\u00f3n fiscal;\u00a0<\/em>de no hacerlo, el IMMEX ser\u00e1 cancelado definitivamente a partir del 1o. de septiembre de este a\u00f1o.<\/p>\n\n\n\n<p>.<\/p>\n\n\n\n<p>\u00a0El\u00a0<mark style=\"background-color:rgba(0, 0, 0, 0);color:#a90c0c\" class=\"has-inline-color\"><strong>programa IMMEX<\/strong>\u00a0<\/mark>permite a la empresa afiliada, entre otros:<\/p>\n\n\n\n<ul>\n<li>Realizar importaciones temporales; por ejemplo, de insumos para la producci\u00f3n de mercanc\u00edas de exportaci\u00f3n; o de maquinaria y equipo para sus procesos.<\/li>\n\n\n\n<li>Aplicar el cr\u00e9dito fiscal en el IVA a pagar por la importaci\u00f3n temporal, si cuentan con el registro de empresas certificadas en la modalidad del IVA y del IESPS<\/li>\n\n\n\n<li>Realizar transferencias de mercanc\u00edas \u201cimportadas temporalmente\u201d, con pedimentos virtuales<\/li>\n\n\n\n<li>Enajenar las mercanc\u00edas importadas temporalmente a otras IMMEX, a 0 % del IVA<\/li>\n<\/ul>\n\n\n\n<p>.<\/p>\n\n\n\n<p>As\u00ed aparece el listado:<\/p>\n\n\n\n<figure class=\"wp-block-image size-full\"><a href=\"http:\/\/www.salgadonoticias.com\/wp-content\/uploads\/2023\/07\/image-2.png\"><img loading=\"lazy\" decoding=\"async\" width=\"842\" height=\"605\" src=\"http:\/\/www.salgadonoticias.com\/wp-content\/uploads\/2023\/07\/image-2.png\" alt=\"\" class=\"wp-image-23407\" srcset=\"https:\/\/www.salgadonoticias.com\/wp-content\/uploads\/2023\/07\/image-2.png 842w, https:\/\/www.salgadonoticias.com\/wp-content\/uploads\/2023\/07\/image-2-300x216.png 300w, https:\/\/www.salgadonoticias.com\/wp-content\/uploads\/2023\/07\/image-2-768x552.png 768w\" sizes=\"(max-width: 842px) 100vw, 842px\" \/><\/a><\/figure>\n\n\n\n<p><\/p>\n\n\n\n<p>Da click aqu\u00ed ? para ver listado completo&#8230;<\/p>\n\n\n\n<p><a href=\"https:\/\/www.dof.gob.mx\/nota_detalle.php?codigo=5696335&amp;fecha=21\/07\/2023#gsc.tab=0\">https:\/\/www.dof.gob.mx\/nota_detalle.php?codigo=5696335&amp;fecha=21\/07\/2023#gsc.tab=0<\/a><\/p>\n\n\n\n<p>.<\/p>\n\n\n\n<p>Si estas en el <strong><mark style=\"background-color:rgba(0, 0, 0, 0)\" class=\"has-inline-color has-vivid-red-color\">Extranjero <\/mark><\/strong>nosotros somos tu <strong><mark style=\"background-color:rgba(0, 0, 0, 0)\" class=\"has-inline-color has-vivid-green-cyan-color\">mejor<\/mark><\/strong> alternativa para <strong><mark style=\"background-color:rgba(0, 0, 0, 0)\" class=\"has-inline-color has-luminous-vivid-orange-color\">velar<\/mark><\/strong> por tus <strong><mark style=\"background-color:rgba(0, 0, 0, 0)\" class=\"has-inline-color has-vivid-cyan-blue-color\">intereses<\/mark><\/strong>, escr\u00edbenos o ll\u00e1manos al Tel <strong>55581-11311<\/strong>.<\/p>\n\n\n\n<p>.<\/p>\n\n\n\n<p>Cuando<strong> necesites<\/strong> ayuda, <strong>asistencia<\/strong> o <strong>planeaci\u00f3n<\/strong> legal, <strong>solicita<\/strong> <strong>Cita Privada<\/strong> <a rel=\"noreferrer noopener\" href=\"mailto:bi@sm99.mx\" target=\"_blank\"><strong>Aqu\u00ed<\/strong><\/a><\/p>\n\n\n\n<p>La informaci\u00f3n que AQU\u00cd te presentamos <strong>deriva<\/strong> de los <strong>Peri\u00f3dicos Oficiales <\/strong>de la<strong> CdMx<\/strong>, <strong>Estado<\/strong> de Mex., Diario <strong>Oficial<\/strong> de la Federaci\u00f3n, Suprema Corte de<strong> Justicia<\/strong> de la Naci\u00f3n, por lo tanto es de <strong>aplicaci\u00f3n <mark style=\"background-color:rgba(0, 0, 0, 0);color:#f20c0c\" class=\"has-inline-color\">OBLIGATORIA<\/mark><\/strong><\/p>\n\n\n\n<p>La <strong>informaci\u00f3n<\/strong> de hoy procede del Diario Oficial<\/p>\n\n\n\n<p><strong><mark style=\"background-color:rgba(0, 0, 0, 0)\" class=\"has-inline-color has-luminous-vivid-orange-color\">AY\u00daDANOS<\/mark><\/strong> para que m\u00e1s personas conozcan esta informaci\u00f3n, <strong>Comp\u00e1rtelo<\/strong> en tus redes sociales. <\/p>\n\n\n\n<p id=\"block-36d9afd1-ea59-46a8-bc82-7e7f4e832a8b\"><\/p>\n","protected":false},"excerpt":{"rendered":"<p>Views: 14 . La Secretaria de Econom\u00eda (SE) da a conocer la lista de 334 empresas y sus n\u00fameros de afiliaci\u00f3n al Programa de la Industria Manufacturera, Maquiladora y de Servicios de Exportaci\u00f3n (IMMEX), SUSPENDIDAS por NO haber presentado (en mayo) el reporte de las ventas y exportaciones del 2022. . Cabe destacar que los [&hellip;]<\/p>\n","protected":false},"author":3,"featured_media":23408,"comment_status":"closed","ping_status":"open","sticky":false,"template":"","format":"standard","meta":{"_jetpack_memberships_contains_paid_content":false,"footnotes":""},"categories":[4],"tags":[],"jetpack_sharing_enabled":true,"jetpack_featured_media_url":"https:\/\/www.salgadonoticias.com\/wp-content\/uploads\/2023\/07\/immex.jpg","_links":{"self":[{"href":"https:\/\/www.salgadonoticias.com\/index.php?rest_route=\/wp\/v2\/posts\/23404"}],"collection":[{"href":"https:\/\/www.salgadonoticias.com\/index.php?rest_route=\/wp\/v2\/posts"}],"about":[{"href":"https:\/\/www.salgadonoticias.com\/index.php?rest_route=\/wp\/v2\/types\/post"}],"author":[{"embeddable":true,"href":"https:\/\/www.salgadonoticias.com\/index.php?rest_route=\/wp\/v2\/users\/3"}],"replies":[{"embeddable":true,"href":"https:\/\/www.salgadonoticias.com\/index.php?rest_route=%2Fwp%2Fv2%2Fcomments&post=23404"}],"version-history":[{"count":2,"href":"https:\/\/www.salgadonoticias.com\/index.php?rest_route=\/wp\/v2\/posts\/23404\/revisions"}],"predecessor-version":[{"id":23409,"href":"https:\/\/www.salgadonoticias.com\/index.php?rest_route=\/wp\/v2\/posts\/23404\/revisions\/23409"}],"wp:featuredmedia":[{"embeddable":true,"href":"https:\/\/www.salgadonoticias.com\/index.php?rest_route=\/wp\/v2\/media\/23408"}],"wp:attachment":[{"href":"https:\/\/www.salgadonoticias.com\/index.php?rest_route=%2Fwp%2Fv2%2Fmedia&parent=23404"}],"wp:term":[{"taxonomy":"category","embeddable":true,"href":"https:\/\/www.salgadonoticias.com\/index.php?rest_route=%2Fwp%2Fv2%2Fcategories&post=23404"},{"taxonomy":"post_tag","embeddable":true,"href":"https:\/\/www.salgadonoticias.com\/index.php?rest_route=%2Fwp%2Fv2%2Ftags&post=23404"}],"curies":[{"name":"wp","href":"https:\/\/api.w.org\/{rel}","templated":true}]}}