{"id":23428,"date":"2023-07-25T00:40:00","date_gmt":"2023-07-25T06:40:00","guid":{"rendered":"http:\/\/www.salgadonoticias.com\/?p=23428"},"modified":"2023-07-25T17:59:49","modified_gmt":"2023-07-25T23:59:49","slug":"23428","status":"publish","type":"post","link":"https:\/\/www.salgadonoticias.com\/?p=23428","title":{"rendered":"Terminado Juicio Sucesorio, NO proceden Acciones en CONTRA del Fallecido\u2026!!!"},"content":{"rendered":"<p>Views: 24<\/p>\n<p>.<\/p>\n\n\n\n<figure class=\"wp-block-embed is-type-video is-provider-youtube wp-block-embed-youtube wp-embed-aspect-16-9 wp-has-aspect-ratio\"><div class=\"wp-block-embed__wrapper\">\n<iframe loading=\"lazy\" title=\"Terminado Juicio Sucesorio NO proceden Acciones en CONTRA del fallecido\" width=\"640\" height=\"360\" src=\"https:\/\/www.youtube.com\/embed\/i1X6UiQT8NU?feature=oembed\" frameborder=\"0\" allow=\"accelerometer; autoplay; clipboard-write; encrypted-media; gyroscope; picture-in-picture; web-share\" referrerpolicy=\"strict-origin-when-cross-origin\" allowfullscreen><\/iframe>\n<\/div><\/figure>\n\n\n\n<p>.<\/p>\n\n\n\n<p>Este ANTECEDENTE surge:<\/p>\n\n\n\n<p>Luego de que tribunales tuvieran <strong><mark style=\"background-color:rgba(0, 0, 0, 0)\" class=\"has-inline-color has-vivid-red-color\">discrepancia<\/mark><\/strong> <strong>entre si, <\/strong>una vez <strong>CONLUIDO<\/strong> un juicio <strong><mark style=\"background-color:#ff6900\" class=\"has-inline-color\">intestamentario<\/mark><\/strong> <strong>se puede ejercer <mark style=\"background-color:rgba(0, 0, 0, 0)\" class=\"has-inline-color has-vivid-red-color\">acciones personales<\/mark><\/strong> en contra de los herederos o <strong>NO<\/strong>, <strong>aun cuando ya se <mark style=\"background-color:rgba(0, 0, 0, 0)\" class=\"has-inline-color has-vivid-red-color\">adjudicaron<\/mark> los bienes<\/strong> que formaron parte de la <strong>masa <mark style=\"background-color:rgba(0, 0, 0, 0)\" class=\"has-inline-color has-vivid-red-color\">hereditaria<\/mark><\/strong>.<\/p>\n\n\n\n<p>.<\/p>\n\n\n\n<p>La <strong><mark style=\"background-color:rgba(0, 0, 0, 0);color:#08257f\" class=\"has-inline-color\">Suprema Corte de Justicia<\/mark>, <\/strong>ante lo anterior <strong><mark style=\"background-color:rgba(0, 0, 0, 0);color:#9b0808\" class=\"has-inline-color\">DETERMIN\u00d3<\/mark><\/strong> que <strong><mark style=\"background-color:#efbe39\" class=\"has-inline-color\">TERMINADO<\/mark> <\/strong>el<strong> <span style=\"text-decoration: underline;\">Juicio Sucesorio<\/span><\/strong> y <strong>adjudicados<\/strong> los <strong>bienes<\/strong> a los herederos, <strong><mark style=\"background-color:#73f5c1\" class=\"has-inline-color\">NO se pueden ejercerse acciones personales<\/mark><\/strong> <strong>por terceros<\/strong> en contra de \u00e9stos, en virtud de que la <strong>relaci\u00f3n <mark style=\"background-color:rgba(0, 0, 0, 0)\" class=\"has-inline-color has-vivid-red-color\">jur\u00eddica<\/mark><\/strong> que les un\u00eda con el de cujus ha terminado.<\/p>\n\n\n\n<p>.<\/p>\n\n\n\n<p>La justificaci\u00f3n de la <strong>SCJN<\/strong> es porque toda vez que la <strong>causahabiencia<\/strong> <strong><mark style=\"background-color:rgba(0, 0, 0, 0)\" class=\"has-inline-color has-vivid-red-color\">S\u00d3LO puede tener lugar<\/mark><\/strong> mientras <strong>contin\u00faa vigente la relaci\u00f3n jur\u00eddica<\/strong> en la cual el causahabiente <strong><mark style=\"background-color:rgba(0, 0, 0, 0)\" class=\"has-inline-color has-vivid-red-color\">se sustituye<\/mark><\/strong> y una vez que ha dejado de surtir efectos y se ha dado por <strong>terminada la relaci\u00f3n jur\u00eddica<\/strong> basada en una obligaci\u00f3n personal que el <strong>de cujus<\/strong> adquiri\u00f3 en vida, ya <strong>no hay<\/strong> <strong>obligaciones que cumplir<\/strong> ni derechos correlativos para exigir su cumplimiento una vez que se ha repartido y adjudicado el patrimonio del de cujus.<\/p>\n\n\n\n<p>Lo anterior, es debido a que, por una ficci\u00f3n jur\u00eddica, <strong>todas las obligaciones<\/strong> <strong><mark style=\"background-color:#fcb900\" class=\"has-inline-color\">personales<\/mark><\/strong> <strong><mark style=\"background-color:rgba(0, 0, 0, 0)\" class=\"has-inline-color has-vivid-red-color\">terminan<\/mark><\/strong> precisamente ante la <strong>declaraci\u00f3n judicial<\/strong> del <strong>reparto del <mark style=\"background-color:rgba(0, 0, 0, 0)\" class=\"has-inline-color has-vivid-red-color\">patrimonio<\/mark><\/strong> a los herederos quienes integran dichos bienes a su patrimonio <strong><mark style=\"background-color:#ff6900\" class=\"has-inline-color\">sin m\u00e1s carga<\/mark><\/strong> que las obligaciones reales y directas que de ellos deriven. <\/p>\n\n\n\n<p>Entonces, una vez que <strong>concluy\u00f3 el <mark style=\"background-color:rgba(0, 0, 0, 0)\" class=\"has-inline-color has-vivid-red-color\">juicio sucesorio<\/mark><\/strong> y se <strong>adjudicaron los bienes de la herencia<\/strong>, <strong><mark style=\"background-color:#fcb900\" class=\"has-inline-color\">no es posible considerar al heredero<\/mark><\/strong> como causahabiente de las obligaciones personales del fallecido, dado que <strong>los bienes ya fueron incorporados<\/strong> <strong><mark style=\"background-color:rgba(0, 0, 0, 0)\" class=\"has-inline-color has-vivid-red-color\">a su patrimonio<\/mark><\/strong> <strong><mark style=\"background-color:#ff6900\" class=\"has-inline-color\">(libres de las cargas adquiridas a t\u00edtulo personal durante la vida del de cujus)<\/mark><\/strong> y por ende no pueden ejercitarse acciones personales en contra de los herederos porque <strong>la relaci\u00f3n<\/strong> jur\u00eddica que un\u00eda al tercero con el de cujus <strong>ya es <mark style=\"background-color:rgba(0, 0, 0, 0)\" class=\"has-inline-color has-vivid-red-color\">inexistente<\/mark><\/strong>.<\/p>\n\n\n\n<p>.<\/p>\n\n\n\n<p>Esta es una resoluci\u00f3n de <strong><mark style=\"background-color:#fcb900\" class=\"has-inline-color\">aplicaci\u00f3n<\/mark><\/strong> <strong><mark style=\"background-color:rgba(0, 0, 0, 0)\" class=\"has-inline-color has-vivid-red-color\">OBLIGATORIA <\/mark><\/strong>en todo el pa\u00eds a partir de esta semana.<\/p>\n\n\n\n<p>.<\/p>\n\n\n\n<p>Si estas en el <strong><mark style=\"background-color:rgba(0, 0, 0, 0)\" class=\"has-inline-color has-vivid-red-color\">Extranjero <\/mark><\/strong>nosotros somos tu <strong><mark style=\"background-color:rgba(0, 0, 0, 0)\" class=\"has-inline-color has-vivid-green-cyan-color\">mejor<\/mark><\/strong> alternativa para <strong><mark style=\"background-color:rgba(0, 0, 0, 0)\" class=\"has-inline-color has-luminous-vivid-orange-color\">velar<\/mark><\/strong> por tus <strong><mark style=\"background-color:rgba(0, 0, 0, 0)\" class=\"has-inline-color has-vivid-cyan-blue-color\">intereses<\/mark><\/strong>, escr\u00edbenos o ll\u00e1manos al Tel <strong>55581-11311<\/strong>.<\/p>\n\n\n\n<p>.<\/p>\n\n\n\n<p>Cuando<strong> necesites<\/strong> ayuda, <strong>asistencia<\/strong> o <strong>planeaci\u00f3n<\/strong> legal, <strong>solicita<\/strong> <strong>Cita Privada<\/strong> <a rel=\"noreferrer noopener\" href=\"mailto:bi@sm99.mx\" target=\"_blank\"><strong>Aqu\u00ed<\/strong><\/a><\/p>\n\n\n\n<p>La informaci\u00f3n que AQU\u00cd te presentamos <strong>deriva<\/strong> de los <strong>Peri\u00f3dicos Oficiales <\/strong>de la<strong> CdMx<\/strong>, <strong>Estado<\/strong> de Mex., Diario <strong>Oficial<\/strong> de la Federaci\u00f3n, Suprema Corte de<strong> Justicia<\/strong> de la Naci\u00f3n, por lo tanto es de <strong>aplicaci\u00f3n <mark style=\"background-color:rgba(0, 0, 0, 0);color:#f20c0c\" class=\"has-inline-color\">OBLIGATORIA<\/mark><\/strong><\/p>\n\n\n\n<p>La <strong>informaci\u00f3n<\/strong> de hoy procede de la Suprema Corte<\/p>\n\n\n\n<p><strong><mark style=\"background-color:rgba(0, 0, 0, 0)\" class=\"has-inline-color has-luminous-vivid-orange-color\">AY\u00daDANOS<\/mark><\/strong> para que m\u00e1s personas conozcan esta informaci\u00f3n, <strong>Comp\u00e1rtelo<\/strong> en tus redes sociales. <\/p>\n\n\n\n<p id=\"block-36d9afd1-ea59-46a8-bc82-7e7f4e832a8b\"><\/p>\n","protected":false},"excerpt":{"rendered":"<p>Views: 24 . . Este ANTECEDENTE surge: Luego de que tribunales tuvieran discrepancia entre si, una vez CONLUIDO un juicio intestamentario se puede ejercer acciones personales en contra de los herederos o NO, aun cuando ya se adjudicaron los bienes que formaron parte de la masa hereditaria. . La Suprema Corte de Justicia, ante lo [&hellip;]<\/p>\n","protected":false},"author":3,"featured_media":23436,"comment_status":"closed","ping_status":"open","sticky":false,"template":"","format":"standard","meta":{"_jetpack_memberships_contains_paid_content":false,"footnotes":""},"categories":[4],"tags":[],"jetpack_sharing_enabled":true,"jetpack_featured_media_url":"https:\/\/www.salgadonoticias.com\/wp-content\/uploads\/2023\/07\/testamento.jpg","_links":{"self":[{"href":"https:\/\/www.salgadonoticias.com\/index.php?rest_route=\/wp\/v2\/posts\/23428"}],"collection":[{"href":"https:\/\/www.salgadonoticias.com\/index.php?rest_route=\/wp\/v2\/posts"}],"about":[{"href":"https:\/\/www.salgadonoticias.com\/index.php?rest_route=\/wp\/v2\/types\/post"}],"author":[{"embeddable":true,"href":"https:\/\/www.salgadonoticias.com\/index.php?rest_route=\/wp\/v2\/users\/3"}],"replies":[{"embeddable":true,"href":"https:\/\/www.salgadonoticias.com\/index.php?rest_route=%2Fwp%2Fv2%2Fcomments&post=23428"}],"version-history":[{"count":6,"href":"https:\/\/www.salgadonoticias.com\/index.php?rest_route=\/wp\/v2\/posts\/23428\/revisions"}],"predecessor-version":[{"id":23454,"href":"https:\/\/www.salgadonoticias.com\/index.php?rest_route=\/wp\/v2\/posts\/23428\/revisions\/23454"}],"wp:featuredmedia":[{"embeddable":true,"href":"https:\/\/www.salgadonoticias.com\/index.php?rest_route=\/wp\/v2\/media\/23436"}],"wp:attachment":[{"href":"https:\/\/www.salgadonoticias.com\/index.php?rest_route=%2Fwp%2Fv2%2Fmedia&parent=23428"}],"wp:term":[{"taxonomy":"category","embeddable":true,"href":"https:\/\/www.salgadonoticias.com\/index.php?rest_route=%2Fwp%2Fv2%2Fcategories&post=23428"},{"taxonomy":"post_tag","embeddable":true,"href":"https:\/\/www.salgadonoticias.com\/index.php?rest_route=%2Fwp%2Fv2%2Ftags&post=23428"}],"curies":[{"name":"wp","href":"https:\/\/api.w.org\/{rel}","templated":true}]}}