{"id":23440,"date":"2023-07-26T00:57:00","date_gmt":"2023-07-26T06:57:00","guid":{"rendered":"http:\/\/www.salgadonoticias.com\/?p=23440"},"modified":"2023-07-26T15:34:50","modified_gmt":"2023-07-26T21:34:50","slug":"23440","status":"publish","type":"post","link":"https:\/\/www.salgadonoticias.com\/?p=23440","title":{"rendered":"Factura OBJETADA pero DEDUCIDA, Si es PRUEBA en Juicio Mercantil\u2026!!!"},"content":{"rendered":"<p>Views: 24<\/p>\n<p>.<\/p>\n\n\n\n<figure class=\"wp-block-embed is-type-video is-provider-youtube wp-block-embed-youtube wp-embed-aspect-16-9 wp-has-aspect-ratio\"><div class=\"wp-block-embed__wrapper\">\n<iframe loading=\"lazy\" title=\"Factura OBJETADA pero DEDUCIDA, Si es PRUEBA en Juicio Mercantil ..!!\" width=\"640\" height=\"360\" src=\"https:\/\/www.youtube.com\/embed\/ytjOygr9hbY?feature=oembed\" frameborder=\"0\" allow=\"accelerometer; autoplay; clipboard-write; encrypted-media; gyroscope; picture-in-picture; web-share\" referrerpolicy=\"strict-origin-when-cross-origin\" allowfullscreen><\/iframe>\n<\/div><\/figure>\n\n\n\n<p><\/p>\n\n\n\n<p>.<\/p>\n\n\n\n<p>Este ANTECEDENTE:<\/p>\n\n\n\n<p>Surge debido a que en v\u00eda <strong>Ordinaria Mercantil<\/strong> se demand\u00f3 el <strong><mark style=\"background-color:#ff6900\" class=\"has-inline-color\">pago<\/mark><\/strong> de diversas <strong><mark style=\"background-color:#ff6900\" class=\"has-inline-color\">facturas<\/mark><\/strong> que amparaban la <strong>prestaci\u00f3n de <mark style=\"background-color:rgba(0, 0, 0, 0)\" class=\"has-inline-color has-vivid-red-color\">servicios<\/mark><\/strong> de publicidad. <\/p>\n\n\n\n<p>En la respuesta a la demandada, se argument\u00f3 que <strong><mark style=\"background-color:#fcb900\" class=\"has-inline-color\">NO recibieron los Servicios amparados en ellas<\/mark><\/strong>. <\/p>\n\n\n\n<p>Pero el juzgado consider\u00f3 que quien <strong><mark style=\"background-color:rgba(0, 0, 0, 0)\" class=\"has-inline-color has-vivid-red-color\">demando<\/mark><\/strong> s\u00ed demostr\u00f3 los elementos de la acci\u00f3n y <strong><mark style=\"background-color:rgba(0, 0, 0, 0)\" class=\"has-inline-color has-vivid-red-color\">conden\u00f3<\/mark><\/strong> a la demandada al <strong><mark style=\"background-color:rgba(0, 0, 0, 0)\" class=\"has-inline-color has-vivid-red-color\">pago<\/mark> de las facturas<\/strong>; inconforme interpuso recurso de Apelaci\u00f3n, pero <strong>nuevamente <\/strong>se le <strong><mark style=\"background-color:#f78da7\" class=\"has-inline-color\">conden\u00f3 al pago<\/mark><\/strong>, debido a que se acredit\u00f3 que la apelante <strong><mark style=\"background-color:#fcb900\" class=\"has-inline-color\">dio efectos fiscales a las facturas<\/mark><\/strong> motivo del juicio, lo que permit\u00eda presumir que <strong><mark style=\"background-color:rgba(0, 0, 0, 0)\" class=\"has-inline-color has-vivid-red-color\">si recibi\u00f3<\/mark><\/strong> los servicios ah\u00ed amparados.<\/p>\n\n\n\n<p>.<\/p>\n\n\n\n<p>La <strong><mark style=\"background-color:rgba(0, 0, 0, 0);color:#1a06a4\" class=\"has-inline-color\">Suprema Corte de Justicia<\/mark>,<\/strong> <strong><mark style=\"background-color:rgba(0, 0, 0, 0);color:#b60808\" class=\"has-inline-color\">DETERMIN\u00d3<\/mark><\/strong> que, en un <span style=\"text-decoration: underline;\">juicio mercanti<\/span>l si se <strong>objetan<\/strong> las <strong>facturas<\/strong> que se le presentaron para su <strong>pago<\/strong>, bajo la hip\u00f3tesis de que no se recibieron los servicios descritos en ellas, pero <strong><mark style=\"background-color:#e2bb51\" class=\"has-inline-color\">se COMPRUEBA<\/mark><\/strong> que fueron <strong><span style=\"text-decoration: underline;\"><mark style=\"background-color:rgba(0, 0, 0, 0)\" class=\"has-inline-color has-vivid-red-color\">Aprovechadas<\/mark><\/span><\/strong> para <strong><mark style=\"background-color:#97f2ce\" class=\"has-inline-color\">Efectos Fiscales<\/mark><\/strong>, ello constituye un acto propio que, por regla general, no puede ser desconocido, y se genera la <strong>presunci\u00f3n<\/strong> de que la <strong>operaci\u00f3n<\/strong> se Realiz\u00f3 y los <strong>servicios fueron recibidos<\/strong>, y por tanto <strong><mark style=\"background-color:rgba(0, 0, 0, 0)\" class=\"has-inline-color has-luminous-vivid-orange-color\">deben ser pagadas<\/mark><\/strong>.<\/p>\n\n\n\n<p>.<\/p>\n\n\n\n<p>La justificaci\u00f3n de la <strong><mark style=\"background-color:rgba(0, 0, 0, 0);color:#33069e\" class=\"has-inline-color\">SCJN<\/mark> <\/strong>a lo anterior, es porque cuando se <strong><mark style=\"background-color:rgba(0, 0, 0, 0)\" class=\"has-inline-color has-vivid-red-color\">emite un comprobante fiscal<\/mark> <\/strong>a favor de una persona y <strong><mark style=\"background-color:#8ed1fc\" class=\"has-inline-color\">\u00e9sta le da efectos fiscales<\/mark><\/strong>, <span style=\"text-decoration: underline;\">APROVECH\u00c1NDOLO<\/span> para <mark style=\"background-color:#fcb900\" class=\"has-inline-color\"><strong>deducci\u00f3n<\/strong> <\/mark>del <strong>Impuesto sobre la Renta<\/strong> (ISR), ello representa un acto propio, ya que <strong><mark style=\"background-color:#78dfb9\" class=\"has-inline-color\">reconoci\u00f3<\/mark><\/strong> ante la autoridad hacendaria la <strong><span style=\"text-decoration: underline;\"><mark style=\"background-color:rgba(0, 0, 0, 0);color:#d00e85\" class=\"has-inline-color\">celebraci\u00f3n de la operaci\u00f3n amparada en la factura<\/mark><\/span><\/strong> y con ello la <strong>realizaci\u00f3n<\/strong> de un <strong>gasto<\/strong> como pago de una contraprestaci\u00f3n por los servicios obtenidos, <strong><mark style=\"background-color:rgba(0, 0, 0, 0)\" class=\"has-inline-color has-vivid-red-color\">m\u00e1xime <\/mark><\/strong>que las <strong>declaraciones<\/strong> en materia <mark style=\"background-color:rgba(0, 0, 0, 0)\" class=\"has-inline-color has-vivid-red-color\"><strong>fiscal<\/strong><\/mark> <strong>se rigen<\/strong>, salvo disposici\u00f3n en contrario, por el <strong>principio de <mark style=\"background-color:rgba(0, 0, 0, 0)\" class=\"has-inline-color has-vivid-red-color\">autodeterminaci\u00f3n<\/mark><\/strong> de las contribuciones, reconocido en el art\u00edculo 6o. del C\u00f3digo Fiscal de la Federaci\u00f3n, el cual <strong>genera <\/strong>la <strong><mark style=\"background-color:rgba(0, 0, 0, 0)\" class=\"has-inline-color has-vivid-red-color\">presunci\u00f3n<\/mark><\/strong> de que lo declarado por el contribuyente es cierto y sucedi\u00f3 en esos t\u00e9rminos; por ende, si se <strong>aprovecha<\/strong> una <strong>factura para efectos fiscales<\/strong> debe actuar en consecuencia y, en esa medida, <strong>no podr\u00e1 desconocerse<\/strong> en el <strong>juicio<\/strong> promovido para <strong>obtener su pago<\/strong>. <\/p>\n\n\n\n<p>Ante <strong>dicha <mark style=\"background-color:rgba(0, 0, 0, 0)\" class=\"has-inline-color has-vivid-red-color\">hip\u00f3tesis<\/mark><\/strong>, el \u00f3rgano jurisdiccional deber\u00e1 desestimar cualquier alegaci\u00f3n o prueba tendente a <strong>desconocer <\/strong>o <strong><mark style=\"background-color:rgba(0, 0, 0, 0)\" class=\"has-inline-color has-vivid-red-color\">contradecir<\/mark><\/strong> los actos previos que la demandada configur\u00f3 como propios. <\/p>\n\n\n\n<p>En contrapartida, <strong>podr\u00e1 <mark style=\"background-color:rgba(0, 0, 0, 0)\" class=\"has-inline-color has-vivid-red-color\">presumir<\/mark><\/strong>, a partir de esos actos propios debidamente probados, que <strong><mark style=\"background-color:#fcb900\" class=\"has-inline-color\">celebr\u00f3 la operaci\u00f3n<\/mark><\/strong> descrita en la factura y recibi\u00f3 los servicios contratados.<\/p>\n\n\n\n<p>.<\/p>\n\n\n\n<p>Esta resoluci\u00f3n puede <strong><mark>ARGUMENTARSE<\/mark><\/strong> a partir de esta semana en todo el pa\u00eds<strong>.<\/strong><\/p>\n\n\n\n<p>.<\/p>\n\n\n\n<p>Si estas en el <strong><mark style=\"background-color:rgba(0, 0, 0, 0)\" class=\"has-inline-color has-vivid-red-color\">Extranjero <\/mark><\/strong>nosotros somos tu <strong><mark style=\"background-color:rgba(0, 0, 0, 0)\" class=\"has-inline-color has-vivid-green-cyan-color\">mejor<\/mark><\/strong> alternativa para <strong><mark style=\"background-color:rgba(0, 0, 0, 0)\" class=\"has-inline-color has-luminous-vivid-orange-color\">velar<\/mark><\/strong> por tus <strong><mark style=\"background-color:rgba(0, 0, 0, 0)\" class=\"has-inline-color has-vivid-cyan-blue-color\">intereses<\/mark><\/strong>, escr\u00edbenos o ll\u00e1manos al Tel <strong>55581-11311<\/strong>.<\/p>\n\n\n\n<p>.<\/p>\n\n\n\n<p>Cuando<strong> necesites<\/strong> ayuda, <strong>asistencia<\/strong> o <strong>planeaci\u00f3n<\/strong> legal, <strong>solicita<\/strong> <strong>Cita Privada<\/strong> <a rel=\"noreferrer noopener\" href=\"mailto:bi@sm99.mx\" target=\"_blank\"><strong>Aqu\u00ed<\/strong><\/a><\/p>\n\n\n\n<p>La informaci\u00f3n que AQU\u00cd te presentamos <strong>deriva<\/strong> de los <strong>Peri\u00f3dicos Oficiales <\/strong>de la<strong> CdMx<\/strong>, <strong>Estado<\/strong> de Mex., Diario <strong>Oficial<\/strong> de la Federaci\u00f3n, Suprema Corte de<strong> Justicia<\/strong> de la Naci\u00f3n, por lo tanto es de <strong>aplicaci\u00f3n <mark style=\"background-color:rgba(0, 0, 0, 0);color:#f20c0c\" class=\"has-inline-color\">OBLIGATORIA<\/mark><\/strong><\/p>\n\n\n\n<p>La <strong>informaci\u00f3n<\/strong> de hoy procede de la Suprema Corte<\/p>\n\n\n\n<p><strong><mark style=\"background-color:rgba(0, 0, 0, 0)\" class=\"has-inline-color has-luminous-vivid-orange-color\">AY\u00daDANOS<\/mark><\/strong> para que m\u00e1s personas conozcan esta informaci\u00f3n, <strong>Comp\u00e1rtelo<\/strong> en tus redes sociales. <\/p>\n\n\n\n<p id=\"block-36d9afd1-ea59-46a8-bc82-7e7f4e832a8b\"><\/p>\n","protected":false},"excerpt":{"rendered":"<p>Views: 24 . . Este ANTECEDENTE: Surge debido a que en v\u00eda Ordinaria Mercantil se demand\u00f3 el pago de diversas facturas que amparaban la prestaci\u00f3n de servicios de publicidad. En la respuesta a la demandada, se argument\u00f3 que NO recibieron los Servicios amparados en ellas. Pero el juzgado consider\u00f3 que quien demando s\u00ed demostr\u00f3 los [&hellip;]<\/p>\n","protected":false},"author":3,"featured_media":23445,"comment_status":"closed","ping_status":"open","sticky":false,"template":"","format":"standard","meta":{"_jetpack_memberships_contains_paid_content":false,"footnotes":""},"categories":[4],"tags":[],"jetpack_sharing_enabled":true,"jetpack_featured_media_url":"https:\/\/www.salgadonoticias.com\/wp-content\/uploads\/2023\/07\/fACTURAS.jpg","_links":{"self":[{"href":"https:\/\/www.salgadonoticias.com\/index.php?rest_route=\/wp\/v2\/posts\/23440"}],"collection":[{"href":"https:\/\/www.salgadonoticias.com\/index.php?rest_route=\/wp\/v2\/posts"}],"about":[{"href":"https:\/\/www.salgadonoticias.com\/index.php?rest_route=\/wp\/v2\/types\/post"}],"author":[{"embeddable":true,"href":"https:\/\/www.salgadonoticias.com\/index.php?rest_route=\/wp\/v2\/users\/3"}],"replies":[{"embeddable":true,"href":"https:\/\/www.salgadonoticias.com\/index.php?rest_route=%2Fwp%2Fv2%2Fcomments&post=23440"}],"version-history":[{"count":16,"href":"https:\/\/www.salgadonoticias.com\/index.php?rest_route=\/wp\/v2\/posts\/23440\/revisions"}],"predecessor-version":[{"id":23481,"href":"https:\/\/www.salgadonoticias.com\/index.php?rest_route=\/wp\/v2\/posts\/23440\/revisions\/23481"}],"wp:featuredmedia":[{"embeddable":true,"href":"https:\/\/www.salgadonoticias.com\/index.php?rest_route=\/wp\/v2\/media\/23445"}],"wp:attachment":[{"href":"https:\/\/www.salgadonoticias.com\/index.php?rest_route=%2Fwp%2Fv2%2Fmedia&parent=23440"}],"wp:term":[{"taxonomy":"category","embeddable":true,"href":"https:\/\/www.salgadonoticias.com\/index.php?rest_route=%2Fwp%2Fv2%2Fcategories&post=23440"},{"taxonomy":"post_tag","embeddable":true,"href":"https:\/\/www.salgadonoticias.com\/index.php?rest_route=%2Fwp%2Fv2%2Ftags&post=23440"}],"curies":[{"name":"wp","href":"https:\/\/api.w.org\/{rel}","templated":true}]}}