{"id":23540,"date":"2023-08-01T00:30:00","date_gmt":"2023-08-01T06:30:00","guid":{"rendered":"http:\/\/www.salgadonoticias.com\/?p=23540"},"modified":"2023-08-01T17:38:23","modified_gmt":"2023-08-01T23:38:23","slug":"23540","status":"publish","type":"post","link":"https:\/\/www.salgadonoticias.com\/?p=23540","title":{"rendered":"La falta de env\u00edo de CFDI\u2019S, No impide CUMPLIR con el pago\u2026!!!"},"content":{"rendered":"<p>Views: 14<\/p>\n<p>.<\/p>\n\n\n\n<figure class=\"wp-block-embed is-type-video is-provider-youtube wp-block-embed-youtube wp-embed-aspect-16-9 wp-has-aspect-ratio\"><div class=\"wp-block-embed__wrapper\">\n<iframe loading=\"lazy\" title=\"La falta de env\u00edo de CFDI\u2019S, No impide CUMPLIR con el pago\ufffc \u2026!!!\" width=\"640\" height=\"360\" src=\"https:\/\/www.youtube.com\/embed\/sLiMuuvbjtU?feature=oembed\" frameborder=\"0\" allow=\"accelerometer; autoplay; clipboard-write; encrypted-media; gyroscope; picture-in-picture; web-share\" referrerpolicy=\"strict-origin-when-cross-origin\" allowfullscreen><\/iframe>\n<\/div><\/figure>\n\n\n\n<p>.<\/p>\n\n\n\n<p>El ANTECEDENTE:<\/p>\n\n\n\n<p>Una <strong>empresa<\/strong> demand\u00f3 en la <strong>v\u00eda <mark style=\"background-color:rgba(0, 0, 0, 0)\" class=\"has-inline-color has-vivid-red-color\">oral<\/mark> mercantil<\/strong> a otra el cumplimiento de un <strong>contrato<\/strong> de <strong><mark style=\"background-color:rgba(0, 0, 0, 0)\" class=\"has-inline-color has-vivid-red-color\">arrendamiento<\/mark><\/strong> y con ello el <strong>pago de <mark style=\"background-color:rgba(0, 0, 0, 0)\" class=\"has-inline-color has-vivid-red-color\">rentas<\/mark><\/strong> las cuales estaban consignadas en <strong>facturas <mark style=\"background-color:rgba(0, 0, 0, 0)\" class=\"has-inline-color has-vivid-red-color\">electr\u00f3nicas<\/mark><\/strong>.<\/p>\n\n\n\n<p>La demandada <strong>reconoci\u00f3<\/strong> la existencia de la relaci\u00f3n contractual y comercial, pero <mark style=\"background-color:#fcb900\" class=\"has-inline-color\"><strong>neg\u00f3<\/strong> procedente al pago de las facturas adeudadas<\/mark>, <strong><mark style=\"background-color:rgba(0, 0, 0, 0)\" class=\"has-inline-color has-vivid-red-color\">argumentando<\/mark><\/strong> que <strong>NO se le enviaron<\/strong> por <strong><mark style=\"background-color:rgba(0, 0, 0, 0)\" class=\"has-inline-color has-vivid-red-color\">correo<\/mark> electr\u00f3nico<\/strong> y esto imped\u00eda cumplir con su obligaci\u00f3n, esto porque <strong>dicho env\u00edo<\/strong> <strong><mark style=\"background-color:#ff6900\" class=\"has-inline-color\">fue pactado por las partes<\/mark><\/strong>, pero las facturas exhibidas como <strong>prueba<\/strong> conten\u00edan los requisitos se\u00f1alados en el C\u00f3digo Fiscal de la Federaci\u00f3n, por lo que se presum\u00edan <strong><mark style=\"background-color:rgba(0, 0, 0, 0)\" class=\"has-inline-color has-vivid-red-color\">v\u00e1lidas<\/mark><\/strong>.<\/p>\n\n\n\n<p>.<\/p>\n\n\n\n<p>La<mark style=\"background-color:rgba(0, 0, 0, 0);color:#01056e\" class=\"has-inline-color\"> <strong>Suprema Corte de Justica<\/strong><\/mark><strong><mark style=\"background-color:rgba(0, 0, 0, 0);color:#9b0808\" class=\"has-inline-color\"> DETERMIN\u00d2<\/mark><\/strong> que la <strong>OMISI\u00d2N<\/strong> de <strong>cumplir<\/strong> \u2013<strong><mark style=\"background-color:#ff6900\" class=\"has-inline-color\">entre empresas<\/mark><\/strong>\u2013 el <strong>pacto<\/strong> de <strong>env\u00edo<\/strong> de <span style=\"text-decoration: underline;\">facturas a un correo electr\u00f3nico<\/span> <strong><mark style=\"background-color:#53e5ab\" class=\"has-inline-color\">NO IMPIDE <u>cumplir<\/u> con la obligaci\u00f3n de PAGO.<\/mark><\/strong><\/p>\n\n\n\n<p>.<\/p>\n\n\n\n<p>La justificaci\u00f3n de la <strong><mark style=\"background-color:rgba(0, 0, 0, 0);color:#200775\" class=\"has-inline-color\">SCJN<\/mark> <\/strong>a lo anterior es porque en el supuesto de que las <strong><mark style=\"background-color:rgba(0, 0, 0, 0)\" class=\"has-inline-color has-vivid-red-color\">facturas electr\u00f3nicas<\/mark><\/strong> <strong>CUMPLEN<\/strong> con los <strong>requisitos<\/strong> PREVISTOS en el <span style=\"text-decoration: underline;\">C\u00f3digo Fiscal de la Federaci\u00f3n<\/span>, estas se presumen <strong><mark style=\"background-color:#fcb900\" class=\"has-inline-color\">v\u00e1lidas<\/mark><\/strong>, salvo prueba en contrario.<\/p>\n\n\n\n<p>Por lo tanto, cuando se <strong>adminiculan<\/strong> con <strong><mark style=\"background-color:rgba(0, 0, 0, 0)\" class=\"has-inline-color has-vivid-red-color\">diversos medios de prueba<\/mark><\/strong> que permiten acreditar hechos vinculados con la relaci\u00f3n contractual, es <strong><mark style=\"background-color:#b1def9\" class=\"has-inline-color\">suficiente la generaci\u00f3n de las facturas electr\u00f3nicas para que proceda su pago<\/mark><\/strong>, sin que obste la omisi\u00f3n de cumplir el pacto de su env\u00edo a un correo electr\u00f3nico, ya que dicho env\u00edo ya que <strong><mark style=\"background-color:#fcb900\" class=\"has-inline-color has-black-color\">s\u00f3lo es un medio para facilitar administrativamente la contabilidad electr\u00f3nica<\/mark><\/strong> del cliente, ya que no lo deja en estado de indefensi\u00f3n, esto porque el puede <strong>visualizar<\/strong> el <strong>CFDI<\/strong> ingresando al buz\u00f3n SAT. &nbsp;<\/p>\n\n\n\n<p>Adem\u00e1s, no puede considerarse que <strong>dicha omisi\u00f3n<\/strong> implique que <strong><mark style=\"background-color:rgba(0, 0, 0, 0)\" class=\"has-inline-color has-vivid-red-color\">el contrato<\/mark><\/strong> no se encuentra cumplido, dado que no constituye la <strong>obligaci\u00f3n <mark style=\"background-color:rgba(0, 0, 0, 0)\" class=\"has-inline-color has-vivid-red-color\">principal<\/mark> <\/strong>pues, por ejemplo, en el caso del arrendamiento aqu\u00e9lla consiste en la entrega del bien arrendado.<\/p>\n\n\n\n<p>.<\/p>\n\n\n\n<p>Esta resoluci\u00f3n ya puede <strong><mark><mark style=\"background-color:#c6a5e5\" class=\"has-inline-color has-black-color\">ARGUMENTARSE<\/mark><\/mark><\/strong> en todo el pa\u00eds a partir de esta semana.<\/p>\n\n\n\n<p>.<\/p>\n\n\n\n<p>.<\/p>\n\n\n\n<p>Si estas en el <strong><mark style=\"background-color:rgba(0, 0, 0, 0)\" class=\"has-inline-color has-vivid-red-color\">extranjero<\/mark><\/strong> nosotros somos tu <strong><mark style=\"background-color:rgba(0, 0, 0, 0)\" class=\"has-inline-color has-vivid-green-cyan-color\">mejor<\/mark><\/strong> alternativa para<strong><mark style=\"background-color:rgba(0, 0, 0, 0)\" class=\"has-inline-color has-luminous-vivid-orange-color\"> velar<\/mark><\/strong> por tus <strong><mark style=\"background-color:rgba(0, 0, 0, 0)\" class=\"has-inline-color has-vivid-cyan-blue-color\">intereses<\/mark><\/strong>, escr\u00edbenos o ll\u00e1manos al Tel <strong>55581-11311<\/strong>.<\/p>\n\n\n\n<p>.<\/p>\n\n\n\n<p>Cuando <strong>necesites<\/strong> ayuda, <strong>asistencia<\/strong> o <strong>planeaci\u00f3n<\/strong> legal, <strong>solicita Cita Privada<\/strong> <a rel=\"noreferrer noopener\" href=\"mailto:bi@sm99.mx\" target=\"_blank\"><strong>Aqu\u00ed<\/strong><\/a><\/p>\n\n\n\n<p>.<\/p>\n\n\n\n<p>La informaci\u00f3n que AQU\u00cd te presentamos <strong>deriva<\/strong> de los <strong>Peri\u00f3dicos Oficiales<\/strong> de la <strong>CdMx, Estado <\/strong>de M\u00e9x., Diario <strong>Oficial<\/strong> de la Federaci\u00f3n, Suprema Corte de <strong>Justicia<\/strong> de la Naci\u00f3n, lo tanto es de <strong>aplicaci\u00f3n Obligatoria.<\/strong><\/p>\n\n\n\n<p>La informaci\u00f3n de hoy procede de la Suprema Corte<\/p>\n\n\n\n<p><strong><mark style=\"background-color:rgba(0, 0, 0, 0)\" class=\"has-inline-color has-luminous-vivid-orange-color\">Ayudanos<\/mark> <\/strong>para que m\u00e1s personas conozcan esta informaci\u00f3n, <strong>Comp\u00e1rtelo<\/strong> en tus redes sociales.<\/p>\n\n\n\n<p><\/p>\n","protected":false},"excerpt":{"rendered":"<p>Views: 14 . . El ANTECEDENTE: Una empresa demand\u00f3 en la v\u00eda oral mercantil a otra el cumplimiento de un contrato de arrendamiento y con ello el pago de rentas las cuales estaban consignadas en facturas electr\u00f3nicas. La demandada reconoci\u00f3 la existencia de la relaci\u00f3n contractual y comercial, pero neg\u00f3 procedente al pago de las [&hellip;]<\/p>\n","protected":false},"author":3,"featured_media":23543,"comment_status":"closed","ping_status":"open","sticky":false,"template":"","format":"standard","meta":{"_jetpack_memberships_contains_paid_content":false,"footnotes":""},"categories":[4],"tags":[],"jetpack_sharing_enabled":true,"jetpack_featured_media_url":"https:\/\/www.salgadonoticias.com\/wp-content\/uploads\/2023\/08\/Facturas-Arr.jpg","_links":{"self":[{"href":"https:\/\/www.salgadonoticias.com\/index.php?rest_route=\/wp\/v2\/posts\/23540"}],"collection":[{"href":"https:\/\/www.salgadonoticias.com\/index.php?rest_route=\/wp\/v2\/posts"}],"about":[{"href":"https:\/\/www.salgadonoticias.com\/index.php?rest_route=\/wp\/v2\/types\/post"}],"author":[{"embeddable":true,"href":"https:\/\/www.salgadonoticias.com\/index.php?rest_route=\/wp\/v2\/users\/3"}],"replies":[{"embeddable":true,"href":"https:\/\/www.salgadonoticias.com\/index.php?rest_route=%2Fwp%2Fv2%2Fcomments&post=23540"}],"version-history":[{"count":8,"href":"https:\/\/www.salgadonoticias.com\/index.php?rest_route=\/wp\/v2\/posts\/23540\/revisions"}],"predecessor-version":[{"id":23563,"href":"https:\/\/www.salgadonoticias.com\/index.php?rest_route=\/wp\/v2\/posts\/23540\/revisions\/23563"}],"wp:featuredmedia":[{"embeddable":true,"href":"https:\/\/www.salgadonoticias.com\/index.php?rest_route=\/wp\/v2\/media\/23543"}],"wp:attachment":[{"href":"https:\/\/www.salgadonoticias.com\/index.php?rest_route=%2Fwp%2Fv2%2Fmedia&parent=23540"}],"wp:term":[{"taxonomy":"category","embeddable":true,"href":"https:\/\/www.salgadonoticias.com\/index.php?rest_route=%2Fwp%2Fv2%2Fcategories&post=23540"},{"taxonomy":"post_tag","embeddable":true,"href":"https:\/\/www.salgadonoticias.com\/index.php?rest_route=%2Fwp%2Fv2%2Ftags&post=23540"}],"curies":[{"name":"wp","href":"https:\/\/api.w.org\/{rel}","templated":true}]}}