{"id":23660,"date":"2023-08-09T00:25:00","date_gmt":"2023-08-09T05:25:00","guid":{"rendered":"http:\/\/www.salgadonoticias.com\/?p=23660"},"modified":"2023-08-09T16:57:09","modified_gmt":"2023-08-09T21:57:09","slug":"23660","status":"publish","type":"post","link":"https:\/\/www.salgadonoticias.com\/?p=23660","title":{"rendered":"Abogado de Juicio Civil, NO puede promover Amparo en nombre de su Cliente&#8230;!!!"},"content":{"rendered":"<p>Views: 19<\/p>\n<p>.<\/p>\n\n\n\n<figure class=\"wp-block-embed is-type-video is-provider-youtube wp-block-embed-youtube wp-embed-aspect-16-9 wp-has-aspect-ratio\"><div class=\"wp-block-embed__wrapper\">\n<iframe loading=\"lazy\" title=\"Abogado de Juicio Civil, No PUEDE promover Amparo en nombre de su Cliente\ufffc ..!!!\" width=\"640\" height=\"360\" src=\"https:\/\/www.youtube.com\/embed\/pfv4_VS8e_U?feature=oembed\" frameborder=\"0\" allow=\"accelerometer; autoplay; clipboard-write; encrypted-media; gyroscope; picture-in-picture; web-share\" referrerpolicy=\"strict-origin-when-cross-origin\" allowfullscreen><\/iframe>\n<\/div><\/figure>\n\n\n\n<p>.<\/p>\n\n\n\n<p>Este ANTECEDENTE se da:<\/p>\n\n\n\n<p>luego de que el <span style=\"text-decoration: underline;\"><strong>abogado patrono<\/strong><\/span> de un caso promovi\u00f3 juicio de <strong><mark style=\"background-color:rgba(0, 0, 0, 0)\" class=\"has-inline-color has-vivid-red-color\">AMPARO<\/mark> <\/strong>en nombre de su autorizante, esto en <mark style=\"background-color:#fcb900\" class=\"has-inline-color\"><strong>contra<\/strong> la <strong>resoluci\u00f3n<\/strong><\/mark><strong> <\/strong>del tribunal de <strong><mark style=\"background-color:rgba(0, 0, 0, 0)\" class=\"has-inline-color has-vivid-red-color\">apelaci\u00f3n<\/mark><\/strong>.<\/p>\n\n\n\n<p>.<\/p>\n\n\n\n<p>As\u00ed la <strong><mark style=\"background-color:rgba(0, 0, 0, 0);color:#0727e3\" class=\"has-inline-color\">Suprema Corte de Justicia<\/mark> <\/strong>a trav\u00e9s de su Tribunal Colegiado <strong><mark style=\"background-color:rgba(0, 0, 0, 0);color:#8f0202\" class=\"has-inline-color\">DETERMIN\u00d3<\/mark> <\/strong>que el <strong><mark style=\"background-color:rgba(0, 0, 0, 0);color:#501e80\" class=\"has-inline-color\">Abogado<\/mark> <\/strong>Patrono autorizado por las partes en un Juicio, <mark style=\"background-color:#a7dbc6\" class=\"has-inline-color\"><strong>CARECE <\/strong>de <strong>LEGITIMIDAD<\/strong> para <strong>PROMOVER<\/strong> juicio de <strong>AMPARO<\/strong><\/mark> directo en <strong><mark style=\"background-color:rgba(0, 0, 0, 0)\" class=\"has-inline-color has-luminous-vivid-orange-color\">nombre de su autorizante<\/mark><\/strong>, pues su participaci\u00f3n se limita s\u00f3lo al juicio natural. (Art. 47 C\u00f3digo de Procedimientos Civiles del Edo. de Chiapas)<\/p>\n\n\n\n<p>.<\/p>\n\n\n\n<p>La justificaci\u00f3n de la <strong>SCJN<\/strong> es porque si bien el citado art\u00edculo 47 <strong>faculta<\/strong> al <strong>abogado patrono<\/strong> para:<\/p>\n\n\n\n<ul>\n<li><strong>O\u00edr<\/strong> notificaciones,<\/li>\n\n\n\n<li><strong>Promover e interponer<\/strong> los recursos que procedan en el <strong>juicio civil<\/strong>,<\/li>\n\n\n\n<li><strong>Rendir pruebas<\/strong> y alegar en audiencias;<\/li>\n<\/ul>\n\n\n\n<p>Es decir, cualquier acto que resulte necesario para la defensa de los derechos de su autorizante, esto <strong><mark style=\"background-color:rgba(0, 0, 0, 0);color:#b20a60\" class=\"has-inline-color\">no constituye una transferencia de la representaci\u00f3n legal<\/mark><\/strong>, pues no contiene la designaci\u00f3n de ejercer una acci\u00f3n diversa en nombre de su delegante, <strong><mark style=\"background-color:#fcb900\" class=\"has-inline-color\">\u00fanicamente se le permitirle entablar una defensa y los actos que resulten necesarios dentro del procedimiento de origen<\/mark><\/strong>, as\u00ed como los relacionados con la <strong>acci\u00f3n<\/strong> ejercida, <strong>defensa <\/strong>o <strong>excepci\u00f3n<\/strong> planteada, sin posibilidad de hacerla extensiva a una acci\u00f3n diferente como lo es el juicio de amparo, pues como lo expuso el doctor Cipriano G\u00f3mez Lara en la obra &#8220;Teor\u00eda General del Proceso&#8221;, M\u00e9xico, 1974, UNAM, <strong>dicha figura jur\u00eddica <\/strong>se <strong><mark style=\"background-color:rgba(0, 0, 0, 0)\" class=\"has-inline-color has-vivid-red-color\">limita<\/mark><\/strong> a:<\/p>\n\n\n\n<ul>\n<li>Asesorar, <\/li>\n\n\n\n<li>Aconsejar, <\/li>\n\n\n\n<li>Orientar, <\/li>\n\n\n\n<li>Guiar a su cliente<\/li>\n\n\n\n<li>Lo acompa\u00f1a a las diligencias o actos procesales, y <\/li>\n\n\n\n<li>Habla por \u00e9l; <\/li>\n\n\n\n<li><\/li>\n\n\n\n<li>Pero, aqu\u00e9l <strong>nunca puede actuar <mark style=\"background-color:rgba(0, 0, 0, 0)\" class=\"has-inline-color has-vivid-red-color\">solo<\/mark><\/strong>, siempre lo deber\u00e1 hacer ante la presencia de la parte en el sentido material, acompa\u00f1\u00e1ndola o asesor\u00e1ndola. <\/li>\n\n\n\n<li><\/li>\n\n\n\n<li>Por tanto, <strong>la firma<\/strong> del promovente en la <strong>demanda de amparo <mark style=\"background-color:rgba(0, 0, 0, 0)\" class=\"has-inline-color has-vivid-red-color\">directo<\/mark><\/strong> no puede sustituirse por la del designado en t\u00e9rminos del art\u00edculo citado, en raz\u00f3n de que <strong>debe provenir <mark style=\"background-color:rgba(0, 0, 0, 0)\" class=\"has-inline-color has-vivid-red-color\">directamente<\/mark> <\/strong>de quien figura como <strong><mark style=\"background-color:#ff6900\" class=\"has-inline-color\">quejoso, de su representante legal o apoderado<\/mark><\/strong>, porque es el titular de la acci\u00f3n y el <strong><mark style=\"background-color:rgba(0, 0, 0, 0)\" class=\"has-inline-color has-vivid-red-color\">\u00fanico<\/mark><\/strong> legitimado para decidir cu\u00e1les actos son los que, en su concepto, le ocasionan <strong>perjuicio<\/strong> y de qu\u00e9 manera <strong><mark style=\"background-color:rgba(0, 0, 0, 0)\" class=\"has-inline-color has-vivid-red-color\">lesionan sus derechos<\/mark><\/strong> humanos, conforme al principio de instancia de parte agraviada que rige en el juicio de amparo.<\/li>\n<\/ul>\n\n\n\n<p>.<\/p>\n\n\n\n<p>.<\/p>\n\n\n\n<p>Esta resoluci\u00f3n ya puede <strong><mark><mark style=\"background-color:#de9ee5\" class=\"has-inline-color has-black-color\">ARGUMENTARSE<\/mark><\/mark><\/strong> en todo el pa\u00eds a partir de esta semana.<\/p>\n\n\n\n<p>.<\/p>\n\n\n\n<p>Si estas en el <strong><mark style=\"background-color:rgba(0, 0, 0, 0)\" class=\"has-inline-color has-vivid-red-color\">extranjero<\/mark><\/strong> nosotros somos tu <strong><mark style=\"background-color:rgba(0, 0, 0, 0)\" class=\"has-inline-color has-vivid-green-cyan-color\">mejor<\/mark><\/strong> alternativa para<strong><mark style=\"background-color:rgba(0, 0, 0, 0)\" class=\"has-inline-color has-luminous-vivid-orange-color\"> velar<\/mark><\/strong> por tus <strong><mark style=\"background-color:rgba(0, 0, 0, 0)\" class=\"has-inline-color has-vivid-cyan-blue-color\">intereses<\/mark><\/strong>, escr\u00edbenos o ll\u00e1manos al Tel <strong>55581-11311<\/strong>.<\/p>\n\n\n\n<p>.<\/p>\n\n\n\n<p>Cuando <strong>necesites<\/strong> ayuda, <strong>asistencia<\/strong> o <strong>planeaci\u00f3n<\/strong> legal, <strong>solicita Cita Privada<\/strong> <a rel=\"noreferrer noopener\" href=\"mailto:bi@sm99.mx\" target=\"_blank\"><strong>Aqu\u00ed<\/strong><\/a><\/p>\n\n\n\n<p>.<\/p>\n\n\n\n<p>La informaci\u00f3n que AQU\u00cd te presentamos <strong>deriva<\/strong> de los <strong>Peri\u00f3dicos Oficiales<\/strong> de la <strong>CdMx, Estado <\/strong>de M\u00e9x., Diario <strong>Oficial<\/strong> de la Federaci\u00f3n, Suprema Corte de <strong>Justicia<\/strong> de la Naci\u00f3n, lo tanto es de <strong>aplicaci\u00f3n Obligatoria.<\/strong><\/p>\n\n\n\n<p>La informaci\u00f3n de hoy procede de la Suprema Corte<\/p>\n\n\n\n<p><strong><mark style=\"background-color:rgba(0, 0, 0, 0)\" class=\"has-inline-color has-luminous-vivid-orange-color\">Ay\u00fadanos<\/mark> <\/strong>para que m\u00e1s personas conozcan esta informaci\u00f3n, <strong>Comp\u00e1rtelo<\/strong> en tus redes sociales.<\/p>\n","protected":false},"excerpt":{"rendered":"<p>Views: 19 . . Este ANTECEDENTE se da: luego de que el abogado patrono de un caso promovi\u00f3 juicio de AMPARO en nombre de su autorizante, esto en contra la resoluci\u00f3n del tribunal de apelaci\u00f3n. . As\u00ed la Suprema Corte de Justicia a trav\u00e9s de su Tribunal Colegiado DETERMIN\u00d3 que el Abogado Patrono autorizado por [&hellip;]<\/p>\n","protected":false},"author":3,"featured_media":23664,"comment_status":"closed","ping_status":"open","sticky":false,"template":"","format":"standard","meta":{"_jetpack_memberships_contains_paid_content":false,"footnotes":""},"categories":[4],"tags":[],"jetpack_sharing_enabled":true,"jetpack_featured_media_url":"https:\/\/www.salgadonoticias.com\/wp-content\/uploads\/2023\/08\/amparo-1.jpg","_links":{"self":[{"href":"https:\/\/www.salgadonoticias.com\/index.php?rest_route=\/wp\/v2\/posts\/23660"}],"collection":[{"href":"https:\/\/www.salgadonoticias.com\/index.php?rest_route=\/wp\/v2\/posts"}],"about":[{"href":"https:\/\/www.salgadonoticias.com\/index.php?rest_route=\/wp\/v2\/types\/post"}],"author":[{"embeddable":true,"href":"https:\/\/www.salgadonoticias.com\/index.php?rest_route=\/wp\/v2\/users\/3"}],"replies":[{"embeddable":true,"href":"https:\/\/www.salgadonoticias.com\/index.php?rest_route=%2Fwp%2Fv2%2Fcomments&post=23660"}],"version-history":[{"count":10,"href":"https:\/\/www.salgadonoticias.com\/index.php?rest_route=\/wp\/v2\/posts\/23660\/revisions"}],"predecessor-version":[{"id":23695,"href":"https:\/\/www.salgadonoticias.com\/index.php?rest_route=\/wp\/v2\/posts\/23660\/revisions\/23695"}],"wp:featuredmedia":[{"embeddable":true,"href":"https:\/\/www.salgadonoticias.com\/index.php?rest_route=\/wp\/v2\/media\/23664"}],"wp:attachment":[{"href":"https:\/\/www.salgadonoticias.com\/index.php?rest_route=%2Fwp%2Fv2%2Fmedia&parent=23660"}],"wp:term":[{"taxonomy":"category","embeddable":true,"href":"https:\/\/www.salgadonoticias.com\/index.php?rest_route=%2Fwp%2Fv2%2Fcategories&post=23660"},{"taxonomy":"post_tag","embeddable":true,"href":"https:\/\/www.salgadonoticias.com\/index.php?rest_route=%2Fwp%2Fv2%2Ftags&post=23660"}],"curies":[{"name":"wp","href":"https:\/\/api.w.org\/{rel}","templated":true}]}}