{"id":23717,"date":"2023-08-13T01:15:00","date_gmt":"2023-08-13T06:15:00","guid":{"rendered":"http:\/\/www.salgadonoticias.com\/?p=23717"},"modified":"2023-08-10T19:08:12","modified_gmt":"2023-08-11T00:08:12","slug":"decreto-para-proteger-y-reconocer-lugares-sagrados-de-los-pueblos-indigenas","status":"publish","type":"post","link":"https:\/\/www.salgadonoticias.com\/?p=23717","title":{"rendered":"Decreto para proteger y reconocer lugares sagrados de los pueblos ind\u00edgenas&#8230;!!!"},"content":{"rendered":"<p>Views: 10<\/p>\n<p>.<\/p>\n\n\n\n<p><strong>Decreto<\/strong> por el que se <strong><mark style=\"background-color:rgba(0, 0, 0, 0);color:#8c0101\" class=\"has-inline-color\">reconocen, protegen, preservan y salvaguardan<\/mark><\/strong> los <strong><mark style=\"background-color:#73ebbb\" class=\"has-inline-color\">lugares y sitios sagrados<\/mark><\/strong>, y las rutas de peregrinaci\u00f3n de los <span style=\"text-decoration: underline;\">pueblos<\/span> <strong><mark style=\"background-color:#90bbd6\" class=\"has-inline-color\">huichol, cora, tepehuano, mexicanero<\/mark><\/strong> (de Jalisco, de Nayarit, Durango y San Luis Potos\u00ed).<\/p>\n\n\n\n<p>.<\/p>\n\n\n\n<p>El documento tambi\u00e9n indica la creaci\u00f3n de la <strong><mark style=\"background-color:rgba(0, 0, 0, 0);color:#a6055d\" class=\"has-inline-color\">Comisi\u00f3n presidencial<\/mark><\/strong>, con car\u00e1cter permanente, la cual estar\u00e1 <strong>encargada<\/strong> de que se cumpla todo lo relacionado la protecci\u00f3n de los <strong><mark style=\"background-color:#ffffff\" class=\"has-inline-color\">lugares y sitios Sagrados<\/mark>.<\/strong><\/p>\n\n\n\n<p>.<\/p>\n\n\n\n<p>Estar\u00e1 integrada por las personas titulares de las Secretar\u00edas de:<\/p>\n\n\n\n<ul>\n<li>Gobernaci\u00f3n;<\/li>\n\n\n\n<li>Bienestar;<\/li>\n\n\n\n<li>Medio Ambiente y Recursos Naturales;<\/li>\n\n\n\n<li>Desarrollo Agrario, Territorial y Urbano;<\/li>\n\n\n\n<li>Cultura e;<\/li>\n\n\n\n<li>Instituto Nacional de los Pueblos Ind\u00edgenas;<\/li>\n\n\n\n<li>Instituto Nacional de Antropolog\u00eda e Historia;<\/li>\n\n\n\n<li>Procuradur\u00eda Agraria y:<\/li>\n\n\n\n<li>Comisi\u00f3n Nacional del Agua.<\/li>\n<\/ul>\n\n\n\n<p>.<\/p>\n\n\n\n<p>Adem\u00e1s, se estableci\u00f3 que los pueblos <strong><mark style=\"background-color:#90bbd6\" class=\"has-inline-color\">huichol, cora, tepehuano, mexicanero<\/mark><\/strong> , por conducto de sus autoridades tradicionales&nbsp;y representantes, nombrados conforme a sus sistemas normativos, usos y costumbres, as\u00ed como las personas&nbsp;titulares de la SEP y del INEGI son&nbsp;invitados permanentes.<\/p>\n\n\n\n<p>.<\/p>\n\n\n\n<p>Si estas en el <strong><mark style=\"background-color:rgba(0, 0, 0, 0)\" class=\"has-inline-color has-vivid-red-color\">extranjero<\/mark><\/strong> nosotros somos tu <strong><mark style=\"background-color:rgba(0, 0, 0, 0)\" class=\"has-inline-color has-vivid-green-cyan-color\">mejor<\/mark><\/strong> alternativa para<strong><mark style=\"background-color:rgba(0, 0, 0, 0)\" class=\"has-inline-color has-luminous-vivid-orange-color\"> velar<\/mark><\/strong> por tus <strong><mark style=\"background-color:rgba(0, 0, 0, 0)\" class=\"has-inline-color has-vivid-cyan-blue-color\">intereses<\/mark><\/strong>, escr\u00edbenos o ll\u00e1manos al Tel <strong>55581-11311<\/strong>.<\/p>\n\n\n\n<p>.<\/p>\n\n\n\n<p>Cuando <strong>necesites<\/strong> ayuda, <strong>asistencia<\/strong> o <strong>planeaci\u00f3n<\/strong> legal, <strong>solicita Cita Privada<\/strong> <a rel=\"noreferrer noopener\" href=\"mailto:bi@sm99.mx\" target=\"_blank\"><strong>Aqu\u00ed<\/strong><\/a><\/p>\n\n\n\n<p>.<\/p>\n\n\n\n<p>La informaci\u00f3n que AQU\u00cd te presentamos <strong>deriva<\/strong> de los <strong>Peri\u00f3dicos Oficiales<\/strong> de la <strong>CdMx, Estado <\/strong>de M\u00e9x., Diario <strong>Oficial<\/strong> de la Federaci\u00f3n, Suprema Corte de <strong>Justicia<\/strong> de la Naci\u00f3n, lo tanto es de <strong>aplicaci\u00f3n Obligatoria.<\/strong><\/p>\n\n\n\n<p>La informaci\u00f3n de hoy procede del Diario Oficial<\/p>\n\n\n\n<p><strong><mark style=\"background-color:rgba(0, 0, 0, 0)\" class=\"has-inline-color has-luminous-vivid-orange-color\">Ay\u00fadanos<\/mark> <\/strong>para que m\u00e1s personas conozcan esta informaci\u00f3n, <strong>Comp\u00e1rtelo<\/strong> en tus redes sociales.<\/p>\n","protected":false},"excerpt":{"rendered":"<p>Views: 10 . Decreto por el que se reconocen, protegen, preservan y salvaguardan los lugares y sitios sagrados, y las rutas de peregrinaci\u00f3n de los pueblos huichol, cora, tepehuano, mexicanero (de Jalisco, de Nayarit, Durango y San Luis Potos\u00ed). . El documento tambi\u00e9n indica la creaci\u00f3n de la Comisi\u00f3n presidencial, con car\u00e1cter permanente, la cual [&hellip;]<\/p>\n","protected":false},"author":3,"featured_media":23726,"comment_status":"closed","ping_status":"open","sticky":false,"template":"","format":"standard","meta":{"_jetpack_memberships_contains_paid_content":false,"footnotes":""},"categories":[4],"tags":[],"jetpack_sharing_enabled":true,"jetpack_featured_media_url":"https:\/\/www.salgadonoticias.com\/wp-content\/uploads\/2023\/08\/sagrados.jpg","_links":{"self":[{"href":"https:\/\/www.salgadonoticias.com\/index.php?rest_route=\/wp\/v2\/posts\/23717"}],"collection":[{"href":"https:\/\/www.salgadonoticias.com\/index.php?rest_route=\/wp\/v2\/posts"}],"about":[{"href":"https:\/\/www.salgadonoticias.com\/index.php?rest_route=\/wp\/v2\/types\/post"}],"author":[{"embeddable":true,"href":"https:\/\/www.salgadonoticias.com\/index.php?rest_route=\/wp\/v2\/users\/3"}],"replies":[{"embeddable":true,"href":"https:\/\/www.salgadonoticias.com\/index.php?rest_route=%2Fwp%2Fv2%2Fcomments&post=23717"}],"version-history":[{"count":5,"href":"https:\/\/www.salgadonoticias.com\/index.php?rest_route=\/wp\/v2\/posts\/23717\/revisions"}],"predecessor-version":[{"id":23727,"href":"https:\/\/www.salgadonoticias.com\/index.php?rest_route=\/wp\/v2\/posts\/23717\/revisions\/23727"}],"wp:featuredmedia":[{"embeddable":true,"href":"https:\/\/www.salgadonoticias.com\/index.php?rest_route=\/wp\/v2\/media\/23726"}],"wp:attachment":[{"href":"https:\/\/www.salgadonoticias.com\/index.php?rest_route=%2Fwp%2Fv2%2Fmedia&parent=23717"}],"wp:term":[{"taxonomy":"category","embeddable":true,"href":"https:\/\/www.salgadonoticias.com\/index.php?rest_route=%2Fwp%2Fv2%2Fcategories&post=23717"},{"taxonomy":"post_tag","embeddable":true,"href":"https:\/\/www.salgadonoticias.com\/index.php?rest_route=%2Fwp%2Fv2%2Ftags&post=23717"}],"curies":[{"name":"wp","href":"https:\/\/api.w.org\/{rel}","templated":true}]}}