{"id":2373,"date":"2013-07-12T23:50:16","date_gmt":"2013-07-13T05:50:16","guid":{"rendered":"http:\/\/www.lasintesis.com\/?p=2373"},"modified":"2013-07-12T11:02:27","modified_gmt":"2013-07-12T17:02:27","slug":"el-13-de-julio-se-instituye-como-dia-del-policia-federal","status":"publish","type":"post","link":"https:\/\/www.salgadonoticias.com\/?p=2373","title":{"rendered":"El 13 de Julio se instituye como &#8220;D\u00eda del Polic\u00eda Federal&#8221; &#8230;&#8230;"},"content":{"rendered":"<p>Views: 8<\/p><p><a href=\"http:\/\/www.lasintesis.com\/wp-content\/uploads\/2013\/07\/policia1.jpg\"><img loading=\"lazy\" decoding=\"async\" src=\"http:\/\/www.lasintesis.com\/wp-content\/uploads\/2013\/07\/policia1.jpg\" alt=\"\" title=\"policia1\" width=\"273\" height=\"184\" class=\"alignleft size-full wp-image-2374\" \/><\/a><\/p>\n<p>Por ello las instituciones policiales del orden federal reconocer\u00e1n en este d\u00eda la labor desempe\u00f1ada por sus integrantes y entregar\u00e1n en ceremonia solemne los reconocimientos y est\u00edmulos que sean procedentes en t\u00e9rminos de la normatividad aplicable, sin perjuicio de las conmemoraciones que con tal motivo realicen otras corporaciones policiales en los \u00e1mbitos local o municipal.<\/p>\n<p><a href=\"http:\/\/dof.gob.mx\/nota_detalle.php?codigo=5306503&#038;fecha=12\/07\/2013\" title=\"decreto\" target=\"_blank\">Ver Decreto completo&#8230;.<\/a><\/p>\n","protected":false},"excerpt":{"rendered":"<p>Views: 8 Por ello las instituciones policiales del orden federal reconocer\u00e1n en este d\u00eda la labor desempe\u00f1ada por sus integrantes y entregar\u00e1n en ceremonia solemne los reconocimientos y est\u00edmulos que sean procedentes en t\u00e9rminos de la normatividad aplicable, sin perjuicio de las conmemoraciones que con tal motivo realicen otras corporaciones policiales en los \u00e1mbitos local [&hellip;]<\/p>\n","protected":false},"author":3,"featured_media":0,"comment_status":"closed","ping_status":"open","sticky":false,"template":"","format":"standard","meta":{"_jetpack_memberships_contains_paid_content":false,"footnotes":""},"categories":[4,1],"tags":[],"jetpack_sharing_enabled":true,"jetpack_featured_media_url":"","_links":{"self":[{"href":"https:\/\/www.salgadonoticias.com\/index.php?rest_route=\/wp\/v2\/posts\/2373"}],"collection":[{"href":"https:\/\/www.salgadonoticias.com\/index.php?rest_route=\/wp\/v2\/posts"}],"about":[{"href":"https:\/\/www.salgadonoticias.com\/index.php?rest_route=\/wp\/v2\/types\/post"}],"author":[{"embeddable":true,"href":"https:\/\/www.salgadonoticias.com\/index.php?rest_route=\/wp\/v2\/users\/3"}],"replies":[{"embeddable":true,"href":"https:\/\/www.salgadonoticias.com\/index.php?rest_route=%2Fwp%2Fv2%2Fcomments&post=2373"}],"version-history":[{"count":2,"href":"https:\/\/www.salgadonoticias.com\/index.php?rest_route=\/wp\/v2\/posts\/2373\/revisions"}],"predecessor-version":[{"id":2377,"href":"https:\/\/www.salgadonoticias.com\/index.php?rest_route=\/wp\/v2\/posts\/2373\/revisions\/2377"}],"wp:attachment":[{"href":"https:\/\/www.salgadonoticias.com\/index.php?rest_route=%2Fwp%2Fv2%2Fmedia&parent=2373"}],"wp:term":[{"taxonomy":"category","embeddable":true,"href":"https:\/\/www.salgadonoticias.com\/index.php?rest_route=%2Fwp%2Fv2%2Fcategories&post=2373"},{"taxonomy":"post_tag","embeddable":true,"href":"https:\/\/www.salgadonoticias.com\/index.php?rest_route=%2Fwp%2Fv2%2Ftags&post=2373"}],"curies":[{"name":"wp","href":"https:\/\/api.w.org\/{rel}","templated":true}]}}