{"id":23749,"date":"2023-08-15T00:52:00","date_gmt":"2023-08-15T05:52:00","guid":{"rendered":"http:\/\/www.salgadonoticias.com\/?p=23749"},"modified":"2023-08-15T14:52:27","modified_gmt":"2023-08-15T19:52:27","slug":"23749","status":"publish","type":"post","link":"https:\/\/www.salgadonoticias.com\/?p=23749","title":{"rendered":"Usuarios de Bancos con DERECHO a ELEGIR donde TRAMITAR su Demanda&#8230;!!!"},"content":{"rendered":"<p>Views: 21<\/p>\n<p>.<\/p>\n\n\n\n<figure class=\"wp-block-embed is-type-video is-provider-youtube wp-block-embed-youtube wp-embed-aspect-16-9 wp-has-aspect-ratio\"><div class=\"wp-block-embed__wrapper\">\n<iframe loading=\"lazy\" title=\"Usuarios de Bancos con DERECHO a ELEGIR donde TRAMITAR su Demanda \u2026!!!\" width=\"640\" height=\"360\" src=\"https:\/\/www.youtube.com\/embed\/-lSoCVyVaCo?feature=oembed\" frameborder=\"0\" allow=\"accelerometer; autoplay; clipboard-write; encrypted-media; gyroscope; picture-in-picture; web-share\" referrerpolicy=\"strict-origin-when-cross-origin\" allowfullscreen><\/iframe>\n<\/div><\/figure>\n\n\n\n<p>.<\/p>\n\n\n\n<p>Este ANTECEDENTE<\/p>\n\n\n\n<p>Se da luego que un <strong>juez <mark style=\"background-color:rgba(0, 0, 0, 0)\" class=\"has-inline-color has-vivid-red-color\">desech\u00f3<\/mark><\/strong> una demanda por <strong>incompetencia territorial<\/strong>, debido a que <strong>una persona<\/strong> <strong><mark style=\"background-color:#fcb900\" class=\"has-inline-color\">pusiera una direcci\u00f3n procesal diferente a su domicilio particular,<\/mark><\/strong> en su <strong><mark style=\"background-color:#ff6900\" class=\"has-inline-color\">demanda contra un banco<\/mark><\/strong>, apoy\u00e1ndose en la jurisprudencia 1a.\/J. 1\/2019 (10a.) de t\u00edtulo y subt\u00edtulo: &#8220;COMPETENCIA POR SUMISI\u00d3N EXPRESA. LA REGLA ESTABLECIDA EN EL ART\u00cdCULO 1093 DEL C\u00d3DIGO DE COMERCIO, NO RESULTA APLICABLE A LAS CL\u00c1USULAS ESTIPULADAS EN CONTRATOS BANCARIOS DE ADHESI\u00d3N CUANDO SE ADVIERTA VULNERACI\u00d3N A LA GARANT\u00cdA DE ACCESO A LA IMPARTICI\u00d3N DE JUSTICIA.&#8221;<\/p>\n\n\n\n<p>.<\/p>\n\n\n\n<p>La <strong><mark><mark style=\"background-color:#ffffff;color:#050db2\" class=\"has-inline-color\">Suprema Corte de Justicia<\/mark><\/mark>, ante esto<\/strong> <strong><mark><mark style=\"background-color:#ffffff;color:#890505\" class=\"has-inline-color\">DETERMIN\u00d3<\/mark><\/mark><\/strong> que el <strong><mark><mark style=\"background-color:#8cc4e7\" class=\"has-inline-color\">CLIENTE<\/mark><\/mark><\/strong> cuenta con el <strong><mark><mark style=\"background-color:#ffffff;color:#52059b\" class=\"has-inline-color\">DERECHO<\/mark><mark style=\"background-color:#ffffff\" class=\"has-inline-color\"> <\/mark><\/mark><\/strong>de<strong> <mark style=\"background-color:rgba(0, 0, 0, 0);color:#ab0707\" class=\"has-inline-color\">ELEGIR<\/mark><\/strong> en que jurisdicci\u00f3n <mark><mark style=\"background-color:#ffffff\" class=\"has-inline-color\">quiere <\/mark><span style=\"text-decoration: underline;\"><em><mark style=\"background-color:#ffffff\" class=\"has-inline-color\"><strong>tramitar su demanda<\/strong><\/mark><\/em><\/span><\/mark><strong><span style=\"text-decoration: underline;\"><em> contra una instituci\u00f3n bancaria<\/em><\/span><\/strong>. Y para que as\u00ed proceda los jueces deben tomar en cuenta la jurisprudencia 1a.\/J. 1\/2019 (10a.)<\/p>\n\n\n\n<p>.<\/p>\n\n\n\n<p>La justificaci\u00f3n de la <strong><mark style=\"background-color:rgba(0, 0, 0, 0);color:#0720e3\" class=\"has-inline-color\">SCJN<\/mark><\/strong> a lo anterior, es porque de la sentencia relativa a la contradicci\u00f3n de tesis 192\/2018, que dio origen a la tesis de <strong><mark style=\"background-color:rgba(0, 0, 0, 0)\" class=\"has-inline-color has-luminous-vivid-orange-color\">jurisprudencia 1a.\/J. 1\/2019 (10a.)<\/mark><\/strong>, se colige que \u00e9sta <strong>consiste<\/strong> en un <strong><mark style=\"background-color:#fcb900\" class=\"has-inline-color\">beneficio procesal<\/mark><\/strong> hacia los<strong> USUARIOS<\/strong> de <strong>servicios financieros<\/strong>, en el que se puede <strong><mark style=\"background-color:rgba(0, 0, 0, 0);color:#990202\" class=\"has-inline-color\">inaplicar<\/mark><\/strong> el <em><u>pacto de sumisi\u00f3n expresa inserto en un contrato de adhesi\u00f3n<\/u><\/em>, cuando se advierta una vulneraci\u00f3n al derecho de acceso a la justicia.<\/p>\n\n\n\n<p>De esta forma, el criterio en cuesti\u00f3n no es una regla absoluta, sino que debe entenderse como un<mark style=\"background-color:#fcb900\" class=\"has-inline-color\"> <strong>beneficio procesal<\/strong><\/mark> en el cual debe prevalecer el deseo del <strong><mark style=\"background-color:rgba(0, 0, 0, 0)\" class=\"has-inline-color has-vivid-red-color\">particular<\/mark><\/strong> de <strong><mark style=\"background-color:#acf7d9\" class=\"has-inline-color\">someterse a una jurisdicci\u00f3n distinta a donde reside<\/mark><\/strong>; de ah\u00ed que si la pr\u00f3rroga de jurisdicci\u00f3n corresponde a las partes, es claro que cuando el <strong>usuario<\/strong> de servicios financieros <strong>se\u00f1ala<\/strong> un <strong>domicilio procesal en determinado lugar y es su deseo tramitar un juicio en esa jurisdicci\u00f3n<\/strong> <em>\u2013donde cobrar\u00e1 aplicaci\u00f3n la regla de sumisi\u00f3n t\u00e1cita\u2013<\/em> <strong>NO hay motivo para obligarlo a acudir a una distinta<\/strong>. <\/p>\n\n\n\n<p>Por tanto, la<strong><mark style=\"background-color:rgba(0, 0, 0, 0)\" class=\"has-inline-color has-vivid-red-color\"> jurisprudencia<\/mark><\/strong> citada <strong>no puede aplicarse<\/strong> cuando el usuario financiero expresamente opte por <strong><mark style=\"background-color:rgba(0, 0, 0, 0)\" class=\"has-inline-color has-vivid-red-color\">tramitar el juicio en una jurisdicci\u00f3n distinta a la de su domicilio particular<\/mark><\/strong>; m\u00e1xime si la instituci\u00f3n de cr\u00e9dito tiene la infraestructura o representaci\u00f3n en los lugares en donde se desenvuelva la controversia.<\/p>\n\n\n\n<p>.<\/p>\n\n\n\n<p>Esta resoluci\u00f3n ya es de <strong>Aplicaci\u00f3n <mark style=\"background-color:rgba(0, 0, 0, 0);color:#910404\" class=\"has-inline-color\">OBLIGATORIA<\/mark> <\/strong> en todo el pa\u00eds.<\/p>\n\n\n\n<p>.<\/p>\n\n\n\n<p>.<\/p>\n\n\n\n<p>Si estas en el <strong><mark style=\"background-color:rgba(0, 0, 0, 0)\" class=\"has-inline-color has-vivid-red-color\">extranjero<\/mark><\/strong> nosotros somos tu <strong><mark style=\"background-color:rgba(0, 0, 0, 0)\" class=\"has-inline-color has-vivid-green-cyan-color\">mejor<\/mark><\/strong> alternativa para<strong><mark style=\"background-color:rgba(0, 0, 0, 0)\" class=\"has-inline-color has-luminous-vivid-orange-color\"> velar<\/mark><\/strong> por tus <strong><mark style=\"background-color:rgba(0, 0, 0, 0)\" class=\"has-inline-color has-vivid-cyan-blue-color\">intereses<\/mark><\/strong>, escr\u00edbenos o ll\u00e1manos al Tel <strong>55581-11311<\/strong>.<\/p>\n\n\n\n<p>.<\/p>\n\n\n\n<p>Cuando <strong>necesites<\/strong> ayuda, <strong>asistencia<\/strong> o <strong>planeaci\u00f3n<\/strong> legal, <strong>solicita Cita Privada<\/strong> <a rel=\"noreferrer noopener\" href=\"mailto:bi@sm99.mx\" target=\"_blank\"><strong>Aqu\u00ed<\/strong><\/a><\/p>\n\n\n\n<p>.<\/p>\n\n\n\n<p>La informaci\u00f3n que AQU\u00cd te presentamos <strong>deriva<\/strong> de los <strong>Peri\u00f3dicos Oficiales<\/strong> de la <strong>CdMx, Estado <\/strong>de M\u00e9x., Diario <strong>Oficial<\/strong> de la Federaci\u00f3n, Suprema Corte de <strong>Justicia<\/strong> de la Naci\u00f3n, lo tanto es de <strong>aplicaci\u00f3n Obligatoria.<\/strong><\/p>\n\n\n\n<p>La informaci\u00f3n de hoy procede de la Suprema Corte<\/p>\n\n\n\n<p><strong><mark style=\"background-color:rgba(0, 0, 0, 0)\" class=\"has-inline-color has-luminous-vivid-orange-color\">Ay\u00fadanos<\/mark> <\/strong>para que m\u00e1s personas conozcan esta informaci\u00f3n, <strong>Comp\u00e1rtelo<\/strong> en tus redes sociales.<\/p>\n","protected":false},"excerpt":{"rendered":"<p>Views: 21 . . Este ANTECEDENTE Se da luego que un juez desech\u00f3 una demanda por incompetencia territorial, debido a que una persona pusiera una direcci\u00f3n procesal diferente a su domicilio particular, en su demanda contra un banco, apoy\u00e1ndose en la jurisprudencia 1a.\/J. 1\/2019 (10a.) de t\u00edtulo y subt\u00edtulo: &#8220;COMPETENCIA POR SUMISI\u00d3N EXPRESA. LA REGLA [&hellip;]<\/p>\n","protected":false},"author":3,"featured_media":23754,"comment_status":"closed","ping_status":"open","sticky":false,"template":"","format":"standard","meta":{"_jetpack_memberships_contains_paid_content":false,"footnotes":""},"categories":[4],"tags":[],"jetpack_sharing_enabled":true,"jetpack_featured_media_url":"https:\/\/www.salgadonoticias.com\/wp-content\/uploads\/2023\/08\/demanda-bancos.jpg","_links":{"self":[{"href":"https:\/\/www.salgadonoticias.com\/index.php?rest_route=\/wp\/v2\/posts\/23749"}],"collection":[{"href":"https:\/\/www.salgadonoticias.com\/index.php?rest_route=\/wp\/v2\/posts"}],"about":[{"href":"https:\/\/www.salgadonoticias.com\/index.php?rest_route=\/wp\/v2\/types\/post"}],"author":[{"embeddable":true,"href":"https:\/\/www.salgadonoticias.com\/index.php?rest_route=\/wp\/v2\/users\/3"}],"replies":[{"embeddable":true,"href":"https:\/\/www.salgadonoticias.com\/index.php?rest_route=%2Fwp%2Fv2%2Fcomments&post=23749"}],"version-history":[{"count":6,"href":"https:\/\/www.salgadonoticias.com\/index.php?rest_route=\/wp\/v2\/posts\/23749\/revisions"}],"predecessor-version":[{"id":23767,"href":"https:\/\/www.salgadonoticias.com\/index.php?rest_route=\/wp\/v2\/posts\/23749\/revisions\/23767"}],"wp:featuredmedia":[{"embeddable":true,"href":"https:\/\/www.salgadonoticias.com\/index.php?rest_route=\/wp\/v2\/media\/23754"}],"wp:attachment":[{"href":"https:\/\/www.salgadonoticias.com\/index.php?rest_route=%2Fwp%2Fv2%2Fmedia&parent=23749"}],"wp:term":[{"taxonomy":"category","embeddable":true,"href":"https:\/\/www.salgadonoticias.com\/index.php?rest_route=%2Fwp%2Fv2%2Fcategories&post=23749"},{"taxonomy":"post_tag","embeddable":true,"href":"https:\/\/www.salgadonoticias.com\/index.php?rest_route=%2Fwp%2Fv2%2Ftags&post=23749"}],"curies":[{"name":"wp","href":"https:\/\/api.w.org\/{rel}","templated":true}]}}