{"id":23780,"date":"2023-08-17T01:00:00","date_gmt":"2023-08-17T06:00:00","guid":{"rendered":"http:\/\/www.salgadonoticias.com\/?p=23780"},"modified":"2023-08-17T17:38:00","modified_gmt":"2023-08-17T22:38:00","slug":"23780","status":"publish","type":"post","link":"https:\/\/www.salgadonoticias.com\/?p=23780","title":{"rendered":"Incremento ANUAL de Pensi\u00f3n en el ISSSTE s\u00f3lo con Base en Salario M\u00ednimo &#8230;!!!"},"content":{"rendered":"<p>Views: 10<\/p>\n<p>.<\/p>\n\n\n\n<figure class=\"wp-block-embed is-type-video is-provider-youtube wp-block-embed-youtube wp-embed-aspect-16-9 wp-has-aspect-ratio\"><div class=\"wp-block-embed__wrapper\">\n<iframe loading=\"lazy\" title=\"Incremento ANUAL de Pensi\u00f3n en el ISSSTE s\u00f3lo con Base en el Salario M\u00ednimo \u2026!!!\ufffc\" width=\"640\" height=\"360\" src=\"https:\/\/www.youtube.com\/embed\/kLNyNKxxjBs?feature=oembed\" frameborder=\"0\" allow=\"accelerometer; autoplay; clipboard-write; encrypted-media; gyroscope; picture-in-picture; web-share\" referrerpolicy=\"strict-origin-when-cross-origin\" allowfullscreen><\/iframe>\n<\/div><\/figure>\n\n\n\n<p>.<\/p>\n\n\n\n<p>Este ANTECEDENTE<\/p>\n\n\n\n<p>Se da luego de que los <strong>Tribunales<\/strong> tuvieron <strong>posturas <mark style=\"background-color:rgba(0, 0, 0, 0)\" class=\"has-inline-color has-vivid-red-color\">diferentes<\/mark><\/strong> con respecto a si en el <strong><mark style=\"background-color:#fcb900\" class=\"has-inline-color\">aumento anual<\/mark><\/strong> de las pensiones del <strong><mark style=\"background-color:#ff6900\" class=\"has-inline-color\">ISSSTE<\/mark><\/strong> se debe contemplar para su CALCULO el <strong>Monto Independiente de Recuperaci\u00f3n (MIR) <\/strong>o s\u00f3lo el <strong>Salario M\u00ednimo<\/strong>. Esto conforme al art. 57 e la Ley de ISSSTE vigente de enero 1993 a diciembre 2002.<\/p>\n\n\n\n<p>.<\/p>\n\n\n\n<p>La <strong><mark style=\"background-color:rgba(0, 0, 0, 0);color:#01089c\" class=\"has-inline-color\">Suprema Corte de Justicia<\/mark> <\/strong>ante lo anterior <strong><mark style=\"background-color:rgba(0, 0, 0, 0);color:#7e0303\" class=\"has-inline-color\">DETERMIN\u00d3<\/mark> <\/strong>que los <strong><mark style=\"background-color:#a3e7cc\" class=\"has-inline-color\">AUMENTOS<\/mark><\/strong> de una <em><u><strong>pensi\u00f3n<\/strong><\/u><\/em> deben ser <strong>calculados<\/strong> \u00fanicamente en <strong><mark style=\"background-color:#efd282\" class=\"has-inline-color\">salarios m\u00ednimos<\/mark><\/strong>, ya que el <strong><mark style=\"background-color:rgba(0, 0, 0, 0);color:#5709a0\" class=\"has-inline-color\">monto independiente de recuperaci\u00f3n<\/mark><\/strong> <span style=\"text-decoration: underline;\"><mark style=\"background-color:rgba(0, 0, 0, 0)\" class=\"has-inline-color has-vivid-red-color\">NO forma parte de dicho salario<\/mark> <\/span>y por tanto <strong><mark style=\"background-color:#85f7cd\" class=\"has-inline-color has-black-color\">NO debe ser considerado<\/mark><\/strong>.<\/p>\n\n\n\n<p>.<\/p>\n\n\n\n<p>La justificaci\u00f3n de la <strong><mark style=\"background-color:rgba(0, 0, 0, 0);color:#1a06a5\" class=\"has-inline-color\">SCJN<\/mark> <\/strong>es de acuerdo con la <strong><mark style=\"background-color:rgba(0, 0, 0, 0)\" class=\"has-inline-color has-vivid-red-color\">tesis <\/mark>jurisprudencia<\/strong>l 2a.\/J. 37\/2022 (11a.), de su Segunda Sala, cuando el art\u00edculo 57 en estudio remiti\u00f3 al <strong>salario m\u00ednimo<\/strong> para <strong>fijar<\/strong> el sistema de <strong>incremento<\/strong> de las <strong>pensiones<\/strong>, el <span style=\"text-decoration: underline;\"><strong><mark style=\"background-color:#ff6900\" class=\"has-inline-color\">legislador no lo hizo por considerar que existe una similitud<\/mark><\/strong><\/span> substancial de \u00edndole laboral ENTRE las <strong>pensiones y el salario<\/strong>, NI para garantizar que las <span style=\"text-decoration: underline;\"><strong>personas pensionadas<\/strong><\/span> <mark style=\"background-color:#fcb900\" class=\"has-inline-color\"><strong>obtuvieran<\/strong> <strong>los mismos beneficios<\/strong><\/mark> que las <strong>personas trabajadoras<\/strong>, sino simplemente porque era un <strong>indicador econ\u00f3mico<\/strong> que permit\u00eda responder al incremento en el <strong>costo de la vida<\/strong>.<\/p>\n\n\n\n<p>Ante la <strong>interpretaci\u00f3n hist\u00f3rica<\/strong> progresiva del mandato, considerando el <strong><mark style=\"background-color:rgba(0, 0, 0, 0)\" class=\"has-inline-color has-vivid-red-color\">impacto<\/mark><\/strong> que tendr\u00eda la decisi\u00f3n de INCLUIR el <strong><mark style=\"background-color:#ff6900\" class=\"has-inline-color\">monto independiente de recuperaci\u00f3n<\/mark><\/strong> en el <strong>c\u00e1lculo del incremento<\/strong> de las pensiones, las <strong>distorsiones<\/strong> que <strong><mark style=\"background-color:rgba(0, 0, 0, 0)\" class=\"has-inline-color has-vivid-red-color\">generar\u00eda<\/mark><\/strong> respecto de las personas que devengaran <strong>salarios <mark style=\"background-color:rgba(0, 0, 0, 0)\" class=\"has-inline-color has-vivid-red-color\">superiores<\/mark><\/strong>.<\/p>\n\n\n\n<p>El deber del Estado Mexicano de <strong>garantizar<\/strong> en el <strong><mark style=\"background-color:rgba(0, 0, 0, 0)\" class=\"has-inline-color has-vivid-red-color\">mayor grado<\/mark><\/strong> posible la eficacia del derecho a la seguridad social, as\u00ed como los <strong>principios<\/strong> <strong><mark style=\"background-color:#fcb900\" class=\"has-inline-color\">pro persona<\/mark><\/strong>, de <strong>progresividad<\/strong> y el diverso de <strong>garantizar <\/strong>cierto <strong><mark style=\"background-color:rgba(0, 0, 0, 0)\" class=\"has-inline-color has-vivid-red-color\">nivel de subsistencia<\/mark><\/strong> a los trabajadores que perciben el salario m\u00ednimo general diario, conforme a los art\u00edculos 1o. y 123, apartado &#8220;A&#8221;, fracci\u00f3n VI, constitucionales, lleva a <strong><mark style=\"background-color:rgba(0, 0, 0, 0)\" class=\"has-inline-color has-vivid-red-color\">concluir<\/mark><\/strong> que la inclusi\u00f3n del referido monto <strong><mark style=\"background-color:rgba(0, 0, 0, 0)\" class=\"has-inline-color has-vivid-red-color\">no es<\/mark> acorde<\/strong> a la <strong><mark style=\"background-color:rgba(0, 0, 0, 0)\" class=\"has-inline-color has-vivid-red-color\">finalidad perseguida por la norma<\/mark><\/strong>, toda vez que no tiene la vocaci\u00f3n de <strong>trascender<\/strong> a los salarios de la clase trabajadora en general, ni act\u00faa como una medida de referencia econ\u00f3mica o como un indicador del costo de los bienes y servicios, sino que <strong>persigue<\/strong> <strong><mark style=\"background-color:#ff6900\" class=\"has-inline-color\">fortalecer el poder adquisitivo de quienes perciben menos ingresos<\/mark><\/strong>, a fin de disminuir la brecha respecto de quienes reciben mayores salarios.<\/p>\n\n\n\n<p><\/p>\n\n\n\n<p>.<\/p>\n\n\n\n<p>Esta resoluci\u00f3n ya es de <strong>Aplicaci\u00f3n <mark style=\"background-color:rgba(0, 0, 0, 0);color:#910404\" class=\"has-inline-color\">OBLIGATORIA<\/mark> <\/strong> en todo el pa\u00eds.<\/p>\n\n\n\n<p>.<\/p>\n\n\n\n<p>.<\/p>\n\n\n\n<p>Si estas en el <strong><mark style=\"background-color:rgba(0, 0, 0, 0)\" class=\"has-inline-color has-vivid-red-color\">extranjero<\/mark><\/strong> nosotros somos tu <strong><mark style=\"background-color:rgba(0, 0, 0, 0)\" class=\"has-inline-color has-vivid-green-cyan-color\">mejor<\/mark><\/strong> alternativa para<strong><mark style=\"background-color:rgba(0, 0, 0, 0)\" class=\"has-inline-color has-luminous-vivid-orange-color\"> velar<\/mark><\/strong> por tus <strong><mark style=\"background-color:rgba(0, 0, 0, 0)\" class=\"has-inline-color has-vivid-cyan-blue-color\">intereses<\/mark><\/strong>, escr\u00edbenos o ll\u00e1manos al Tel <strong>55581-11311<\/strong>.<\/p>\n\n\n\n<p>.<\/p>\n\n\n\n<p>Cuando <strong>necesites<\/strong> ayuda, <strong>asistencia<\/strong> o <strong>planeaci\u00f3n<\/strong> legal, <strong>solicita Cita Privada<\/strong> <a rel=\"noreferrer noopener\" href=\"mailto:bi@sm99.mx\" target=\"_blank\"><strong>Aqu\u00ed<\/strong><\/a><\/p>\n\n\n\n<p>.<\/p>\n\n\n\n<p>La informaci\u00f3n que AQU\u00cd te presentamos <strong>deriva<\/strong> de los <strong>Peri\u00f3dicos Oficiales<\/strong> de la <strong>CdMx, Estado <\/strong>de M\u00e9x., Diario <strong>Oficial<\/strong> de la Federaci\u00f3n, Suprema Corte de <strong>Justicia<\/strong> de la Naci\u00f3n, lo tanto es de <strong>aplicaci\u00f3n Obligatoria.<\/strong><\/p>\n\n\n\n<p>La informaci\u00f3n de hoy procede de la Suprema Corte<\/p>\n\n\n\n<p><strong><mark style=\"background-color:rgba(0, 0, 0, 0)\" class=\"has-inline-color has-luminous-vivid-orange-color\">Ay\u00fadanos<\/mark> <\/strong>para que m\u00e1s personas conozcan esta informaci\u00f3n, <strong>Comp\u00e1rtelo<\/strong> en tus redes sociales.<\/p>\n","protected":false},"excerpt":{"rendered":"<p>Views: 10 . . Este ANTECEDENTE Se da luego de que los Tribunales tuvieron posturas diferentes con respecto a si en el aumento anual de las pensiones del ISSSTE se debe contemplar para su CALCULO el Monto Independiente de Recuperaci\u00f3n (MIR) o s\u00f3lo el Salario M\u00ednimo. Esto conforme al art. 57 e la Ley de [&hellip;]<\/p>\n","protected":false},"author":3,"featured_media":23791,"comment_status":"closed","ping_status":"open","sticky":false,"template":"","format":"standard","meta":{"_jetpack_memberships_contains_paid_content":false,"footnotes":""},"categories":[4],"tags":[],"jetpack_sharing_enabled":true,"jetpack_featured_media_url":"https:\/\/www.salgadonoticias.com\/wp-content\/uploads\/2023\/08\/PENSION-4.jpg","_links":{"self":[{"href":"https:\/\/www.salgadonoticias.com\/index.php?rest_route=\/wp\/v2\/posts\/23780"}],"collection":[{"href":"https:\/\/www.salgadonoticias.com\/index.php?rest_route=\/wp\/v2\/posts"}],"about":[{"href":"https:\/\/www.salgadonoticias.com\/index.php?rest_route=\/wp\/v2\/types\/post"}],"author":[{"embeddable":true,"href":"https:\/\/www.salgadonoticias.com\/index.php?rest_route=\/wp\/v2\/users\/3"}],"replies":[{"embeddable":true,"href":"https:\/\/www.salgadonoticias.com\/index.php?rest_route=%2Fwp%2Fv2%2Fcomments&post=23780"}],"version-history":[{"count":9,"href":"https:\/\/www.salgadonoticias.com\/index.php?rest_route=\/wp\/v2\/posts\/23780\/revisions"}],"predecessor-version":[{"id":23807,"href":"https:\/\/www.salgadonoticias.com\/index.php?rest_route=\/wp\/v2\/posts\/23780\/revisions\/23807"}],"wp:featuredmedia":[{"embeddable":true,"href":"https:\/\/www.salgadonoticias.com\/index.php?rest_route=\/wp\/v2\/media\/23791"}],"wp:attachment":[{"href":"https:\/\/www.salgadonoticias.com\/index.php?rest_route=%2Fwp%2Fv2%2Fmedia&parent=23780"}],"wp:term":[{"taxonomy":"category","embeddable":true,"href":"https:\/\/www.salgadonoticias.com\/index.php?rest_route=%2Fwp%2Fv2%2Fcategories&post=23780"},{"taxonomy":"post_tag","embeddable":true,"href":"https:\/\/www.salgadonoticias.com\/index.php?rest_route=%2Fwp%2Fv2%2Ftags&post=23780"}],"curies":[{"name":"wp","href":"https:\/\/api.w.org\/{rel}","templated":true}]}}