{"id":23801,"date":"2023-08-18T00:36:00","date_gmt":"2023-08-18T05:36:00","guid":{"rendered":"http:\/\/www.salgadonoticias.com\/?p=23801"},"modified":"2023-08-18T18:16:25","modified_gmt":"2023-08-18T23:16:25","slug":"23801","status":"publish","type":"post","link":"https:\/\/www.salgadonoticias.com\/?p=23801","title":{"rendered":"Medidas de PROTECCI\u00d3N a Mujeres SOLO Fundadas en la Buena FE \u2026!!!"},"content":{"rendered":"<p>Views: 10<\/p>\n<p>.<\/p>\n\n\n\n<figure class=\"wp-block-embed is-type-video is-provider-youtube wp-block-embed-youtube wp-embed-aspect-16-9 wp-has-aspect-ratio\"><div class=\"wp-block-embed__wrapper\">\n<iframe loading=\"lazy\" title=\"Medidas de PROTECCI\u00d3N a Mujeres, S\u00d3LO fundadas en la Buena Fe \u2026!!!\" width=\"640\" height=\"360\" src=\"https:\/\/www.youtube.com\/embed\/L6YqCw4ceCc?feature=oembed\" frameborder=\"0\" allow=\"accelerometer; autoplay; clipboard-write; encrypted-media; gyroscope; picture-in-picture; web-share\" referrerpolicy=\"strict-origin-when-cross-origin\" allowfullscreen><\/iframe>\n<\/div><\/figure>\n\n\n\n<p>.<\/p>\n\n\n\n<p>Este ANTECEDENTE se da:<\/p>\n\n\n\n<p>Luego de que un <strong>hombre promoviera <mark style=\"background-color:rgba(0, 0, 0, 0)\" class=\"has-inline-color has-vivid-red-color\">amparo<\/mark><\/strong> y posteriormente un <strong>recurso<\/strong> de <strong><mark style=\"background-color:rgba(0, 0, 0, 0)\" class=\"has-inline-color has-vivid-red-color\">revisi\u00f3n<\/mark><\/strong> contra la determinaci\u00f3n de un Juez familiar que <strong>orden\u00f3<\/strong> diversas <strong><mark style=\"background-color:#ff6900\" class=\"has-inline-color\">medidas de protecci\u00f3n<\/mark> <\/strong>en favor de su menor <strong>hija<\/strong> y su <strong>esposa e<\/strong>n el acto de la comparecencia de \u00e9sta, dichas medidas son conforme a la <strong><mark style=\"background-color:rgba(0, 0, 0, 0)\" class=\"has-inline-color has-vivid-red-color\">Ley de Acceso de las mujeres a una Vida Libre de Violencia<\/mark>.<\/strong><\/p>\n\n\n\n<p>.<\/p>\n\n\n\n<p>As\u00ed un <strong>Tribunal <\/strong>de la <mark style=\"background-color:rgba(0, 0, 0, 0);color:#0718e3\" class=\"has-inline-color\">Suprema Corte de Justica<\/mark> <strong><mark style=\"background-color:rgba(0, 0, 0, 0);color:#890404\" class=\"has-inline-color\">RESUELVE<\/mark><\/strong> que:<\/p>\n\n\n\n<p>Las <strong><mark style=\"background-color:#e9abbb\" class=\"has-inline-color\">Medidas de Protecci\u00f3n<\/mark> <\/strong>son un <strong>DERECHO<\/strong> de las <strong><mark style=\"background-color:rgba(0, 0, 0, 0);color:#5c09aa\" class=\"has-inline-color\">Mujeres y Ni\u00f1as<\/mark><\/strong>, por lo que <strong><mark style=\"background-color:#fcb900\" class=\"has-inline-color\">se DEBEN OTORGAR en el <span style=\"text-decoration: underline;\">momento <\/span>que la v\u00edctima se presenta a denunciar SIN m\u00e1s pruebas que la Buena Fe<\/mark><\/strong>, as\u00ed que dictar dichas medidas no es requisito indispensable que los <strong>supuestos<\/strong> hechos de violencia que se le imputan al agresor <strong>se encuentren <mark style=\"background-color:rgba(0, 0, 0, 0)\" class=\"has-inline-color has-vivid-red-color\">demostrados<\/mark><\/strong> de forma plena.<\/p>\n\n\n\n<p>. &nbsp;&nbsp;<\/p>\n\n\n\n<p>La justificaci\u00f3n de la <mark style=\"background-color:rgba(0, 0, 0, 0);color:#030aa1\" class=\"has-inline-color\"><strong>SCJN<\/strong> <\/mark>a lo anterior, es porque conforme a los art\u00edculos 62, 63, 66, 67, 68, 69, 70, 71 y 72 de esta ley, las <mark style=\"background-color:rgba(0, 0, 0, 0)\" class=\"has-inline-color has-vivid-red-color\"><strong>Medidas Cautelares<\/strong> o de <strong>Protecci\u00f3n<\/strong><\/mark><strong> <\/strong>ah\u00ed previstas son de <strong>car\u00e1cter y aplicaci\u00f3n urgentes<\/strong>, as\u00ed como <strong>temporales<\/strong> y <strong>precautorias<\/strong>, las cuales se <mark style=\"background-color:#a6e1c9\" class=\"has-inline-color\"><strong>otorgan de oficio<\/strong> <\/mark>al momento de la comparecencia de la denunciante; adem\u00e1s, dicha <strong><mark style=\"background-color:#ff6900\" class=\"has-inline-color\">ley debe ser interpretada y aplicada desde la perspectiva de g\u00e9nero<\/mark><\/strong>, por lo cual el <span style=\"text-decoration: underline;\">juzgador debe atender a las manifestaciones de la denunciante<\/span>, as\u00ed como, en su caso, a los <strong>medios <mark style=\"background-color:rgba(0, 0, 0, 0)\" class=\"has-inline-color has-vivid-red-color\">probatorios<\/mark><\/strong> que le hayan sido aportados, de los que advierta la existencia de <strong>indicios leves <\/strong>que hagan procedente la necesidad de las medidas de protecci\u00f3n que correspondan, <strong><mark style=\"background-color:rgba(0, 0, 0, 0);color:#ca0e81\" class=\"has-inline-color\">sin que resulte necesario que se pruebe el da\u00f1o<\/mark><\/strong>.<\/p>\n\n\n\n<p>M\u00e1xime que el est\u00e1ndar demostrativo para <strong>emitir <\/strong>una <strong><mark style=\"background-color:rgba(0, 0, 0, 0)\" class=\"has-inline-color has-vivid-red-color\">medida cautelar<\/mark><\/strong> es poco intenso o laxo y, en el caso, con su <strong>celeridad <\/strong>se <strong>salvaguarda<\/strong> un <mark style=\"background-color:rgba(0, 0, 0, 0)\" class=\"has-inline-color has-vivid-red-color\">bien superior<\/mark>, es decir, se busca <strong><mark style=\"background-color:#fcb900\" class=\"has-inline-color\">prevenir, interrumpir o impedir la comisi\u00f3n de un delito o que se actualice un supuesto en materia civil o familiar que involucre violencia contra la mujer<\/mark><\/strong>. <\/p>\n\n\n\n<p>Sin que lo anterior implique un <strong>perjuicio<\/strong> al <strong><mark style=\"background-color:rgba(0, 0, 0, 0)\" class=\"has-inline-color has-vivid-red-color\">presunto<\/mark> generador de violencia<\/strong> ya que, de conformidad con el \u00faltimo art\u00edculo en cita, <strong><mark style=\"background-color:#ff6900\" class=\"has-inline-color\">\u00e9ste puede ofrecer las pruebas<\/mark><\/strong> que estime pertinentes, a fin de refutar los indicios con que cuenta el juzgador hasta ese momento, las que ser\u00e1n consideradas al emitir la determinaci\u00f3n a trav\u00e9s de la cual se <strong><mark style=\"background-color:rgba(0, 0, 0, 0)\" class=\"has-inline-color has-vivid-red-color\">confirmen, modifiquen o revoquen las medidas de protecci\u00f3n previamente otorgadas<\/mark><\/strong>.<\/p>\n\n\n\n<p>.<\/p>\n\n\n\n<p>Esta resoluci\u00f3n ya puede <strong><mark><mark style=\"background-color:#f6cf65\" class=\"has-inline-color has-black-color\">ARGUMENTARSE<\/mark><\/mark><\/strong> en todo el pa\u00eds a partir de esta semana.<\/p>\n\n\n\n<p>.<\/p>\n\n\n\n<p>.<\/p>\n\n\n\n<p>Si estas en el <strong><mark style=\"background-color:rgba(0, 0, 0, 0)\" class=\"has-inline-color has-vivid-red-color\">extranjero<\/mark><\/strong> nosotros somos tu <strong><mark style=\"background-color:rgba(0, 0, 0, 0)\" class=\"has-inline-color has-vivid-green-cyan-color\">mejor<\/mark><\/strong> alternativa para<strong><mark style=\"background-color:rgba(0, 0, 0, 0)\" class=\"has-inline-color has-luminous-vivid-orange-color\"> velar<\/mark><\/strong> por tus <strong><mark style=\"background-color:rgba(0, 0, 0, 0)\" class=\"has-inline-color has-vivid-cyan-blue-color\">intereses<\/mark><\/strong>, escr\u00edbenos o ll\u00e1manos al Tel <strong>55581-11311<\/strong>.<\/p>\n\n\n\n<p>.<\/p>\n\n\n\n<p>Cuando <strong>necesites<\/strong> ayuda, <strong>asistencia<\/strong> o <strong>planeaci\u00f3n<\/strong> legal, <strong>solicita Cita Privada<\/strong> <a rel=\"noreferrer noopener\" href=\"mailto:bi@sm99.mx\" target=\"_blank\"><strong>Aqu\u00ed<\/strong><\/a><\/p>\n\n\n\n<p>.<\/p>\n\n\n\n<p>La informaci\u00f3n que AQU\u00cd te presentamos <strong>deriva<\/strong> de los <strong>Peri\u00f3dicos Oficiales<\/strong> de la <strong>CdMx, Estado <\/strong>de M\u00e9x., Diario <strong>Oficial<\/strong> de la Federaci\u00f3n, Suprema Corte de <strong>Justicia<\/strong> de la Naci\u00f3n, lo tanto es de <strong>aplicaci\u00f3n Obligatoria.<\/strong><\/p>\n\n\n\n<p>La informaci\u00f3n de hoy procede de la Suprema Corte<\/p>\n\n\n\n<p><strong><mark style=\"background-color:rgba(0, 0, 0, 0)\" class=\"has-inline-color has-luminous-vivid-orange-color\">Ay\u00fadanos<\/mark> <\/strong>para que m\u00e1s personas conozcan esta informaci\u00f3n, <strong>Comp\u00e1rtelo<\/strong> en tus redes sociales.<\/p>\n","protected":false},"excerpt":{"rendered":"<p>Views: 10 . . Este ANTECEDENTE se da: Luego de que un hombre promoviera amparo y posteriormente un recurso de revisi\u00f3n contra la determinaci\u00f3n de un Juez familiar que orden\u00f3 diversas medidas de protecci\u00f3n en favor de su menor hija y su esposa en el acto de la comparecencia de \u00e9sta, dichas medidas son conforme [&hellip;]<\/p>\n","protected":false},"author":3,"featured_media":23803,"comment_status":"closed","ping_status":"open","sticky":false,"template":"","format":"standard","meta":{"_jetpack_memberships_contains_paid_content":false,"footnotes":""},"categories":[4],"tags":[],"jetpack_sharing_enabled":true,"jetpack_featured_media_url":"https:\/\/www.salgadonoticias.com\/wp-content\/uploads\/2023\/08\/orden.png","_links":{"self":[{"href":"https:\/\/www.salgadonoticias.com\/index.php?rest_route=\/wp\/v2\/posts\/23801"}],"collection":[{"href":"https:\/\/www.salgadonoticias.com\/index.php?rest_route=\/wp\/v2\/posts"}],"about":[{"href":"https:\/\/www.salgadonoticias.com\/index.php?rest_route=\/wp\/v2\/types\/post"}],"author":[{"embeddable":true,"href":"https:\/\/www.salgadonoticias.com\/index.php?rest_route=\/wp\/v2\/users\/3"}],"replies":[{"embeddable":true,"href":"https:\/\/www.salgadonoticias.com\/index.php?rest_route=%2Fwp%2Fv2%2Fcomments&post=23801"}],"version-history":[{"count":8,"href":"https:\/\/www.salgadonoticias.com\/index.php?rest_route=\/wp\/v2\/posts\/23801\/revisions"}],"predecessor-version":[{"id":23847,"href":"https:\/\/www.salgadonoticias.com\/index.php?rest_route=\/wp\/v2\/posts\/23801\/revisions\/23847"}],"wp:featuredmedia":[{"embeddable":true,"href":"https:\/\/www.salgadonoticias.com\/index.php?rest_route=\/wp\/v2\/media\/23803"}],"wp:attachment":[{"href":"https:\/\/www.salgadonoticias.com\/index.php?rest_route=%2Fwp%2Fv2%2Fmedia&parent=23801"}],"wp:term":[{"taxonomy":"category","embeddable":true,"href":"https:\/\/www.salgadonoticias.com\/index.php?rest_route=%2Fwp%2Fv2%2Fcategories&post=23801"},{"taxonomy":"post_tag","embeddable":true,"href":"https:\/\/www.salgadonoticias.com\/index.php?rest_route=%2Fwp%2Fv2%2Ftags&post=23801"}],"curies":[{"name":"wp","href":"https:\/\/api.w.org\/{rel}","templated":true}]}}