{"id":23840,"date":"2023-08-21T00:34:00","date_gmt":"2023-08-21T05:34:00","guid":{"rendered":"http:\/\/www.salgadonoticias.com\/?p=23840"},"modified":"2023-08-21T16:25:59","modified_gmt":"2023-08-21T21:25:59","slug":"23840","status":"publish","type":"post","link":"https:\/\/www.salgadonoticias.com\/?p=23840","title":{"rendered":"Medidas de Protecci\u00f3n por VIOLENCIA FAMILIAR deben Ejecutarlas Juz Familiares, No Juz de Control&#8230;!!!"},"content":{"rendered":"<p>Views: 11<\/p>\n<p>.<\/p>\n\n\n\n<figure class=\"wp-block-embed is-type-video is-provider-youtube wp-block-embed-youtube wp-embed-aspect-16-9 wp-has-aspect-ratio\"><div class=\"wp-block-embed__wrapper\">\n<iframe loading=\"lazy\" title=\"Medidas de Protecci\u00f3n ser\u00e1n Notificadas por Actuario FAMILIAR en Edomex \u2026!!!\ufffc\" width=\"640\" height=\"360\" src=\"https:\/\/www.youtube.com\/embed\/OUS-OkTuQkw?feature=oembed\" frameborder=\"0\" allow=\"accelerometer; autoplay; clipboard-write; encrypted-media; gyroscope; picture-in-picture; web-share\" referrerpolicy=\"strict-origin-when-cross-origin\" allowfullscreen><\/iframe>\n<\/div><\/figure>\n\n\n\n<p>.<\/p>\n\n\n\n<p>El Poder Judicial del Estado, <strong><mark style=\"background-color:rgba(0, 0, 0, 0);color:#7d0404\" class=\"has-inline-color\">Determin\u00f3<\/mark><\/strong> que <strong>a partir de <mark style=\"background-color:rgba(0, 0, 0, 0)\" class=\"has-inline-color has-vivid-red-color\">esta semana<\/mark><\/strong> las <strong><mark style=\"background-color:rgba(0, 0, 0, 0);color:#4f0694\" class=\"has-inline-color\">Medidas de Protecci\u00f3n<\/mark><\/strong>  <strong><mark style=\"background-color:rgba(0, 0, 0, 0)\" class=\"has-inline-color has-vivid-red-color\">URGENTES<\/mark><\/strong>, que son <em><span style=\"text-decoration: underline;\">ordenadas<\/span><\/em> por los<mark style=\"background-color:#79b9a0\" class=\"has-inline-color\"> <\/mark><mark style=\"background-color:#fcb900\" class=\"has-inline-color\">Juzgados en L\u00cdNEA<\/mark><mark style=\"background-color:#79b9a0\" class=\"has-inline-color\"> especializados en materia de <strong>Violencia Familiar<\/strong><\/mark> ser\u00e1n <span style=\"text-decoration: underline;\">Notificadas y Ejecutadas<\/span> por los <strong><mark style=\"background-color:rgba(0, 0, 0, 0)\" class=\"has-inline-color has-vivid-red-color\">ACTUARIOS<\/mark><\/strong> de los <mark style=\"background-color:#f5d681\" class=\"has-inline-color\"><strong>Juzgados Familiares<\/strong><\/mark> y <mark style=\"background-color:#ff6900\" class=\"has-inline-color\"><strong>NO<\/strong> por<\/mark> los <em><strong><mark style=\"background-color:rgba(0, 0, 0, 0)\" class=\"has-inline-color has-vivid-red-color\">juzgados de control<\/mark><\/strong><\/em> como se ven\u00eda realizando.<\/p>\n\n\n\n<p>.<\/p>\n\n\n\n<p>Adem\u00e1s el PJEDOMEX <strong>ordena la creaci\u00f3n de las plazas necesarias<\/strong> para llevar a cabo <mark style=\"background-color:rgba(0, 0, 0, 0)\" class=\"has-inline-color has-vivid-red-color\">dichas notificaciones.<\/mark><\/p>\n\n\n\n<p>.<\/p>\n\n\n\n<p>.<\/p>\n\n\n\n<p>Si estas en el <strong><mark style=\"background-color:rgba(0, 0, 0, 0)\" class=\"has-inline-color has-vivid-red-color\">extranjero<\/mark><\/strong> nosotros somos tu <strong><mark style=\"background-color:rgba(0, 0, 0, 0)\" class=\"has-inline-color has-vivid-green-cyan-color\">mejor<\/mark><\/strong> alternativa para<strong><mark style=\"background-color:rgba(0, 0, 0, 0)\" class=\"has-inline-color has-luminous-vivid-orange-color\"> velar<\/mark><\/strong> por tus <strong><mark style=\"background-color:rgba(0, 0, 0, 0)\" class=\"has-inline-color has-vivid-cyan-blue-color\">intereses<\/mark><\/strong>, escr\u00edbenos o ll\u00e1manos al Tel <strong>55581-11311<\/strong>.<\/p>\n\n\n\n<p>.<\/p>\n\n\n\n<p>Cuando <strong>necesites<\/strong> ayuda, <strong>asistencia<\/strong> o <strong>planeaci\u00f3n<\/strong> legal, <strong>solicita Cita Privada<\/strong> <a rel=\"noreferrer noopener\" href=\"mailto:bi@sm99.mx\" target=\"_blank\"><strong>Aqu\u00ed<\/strong><\/a><\/p>\n\n\n\n<p>.<\/p>\n\n\n\n<p>La informaci\u00f3n que AQU\u00cd te presentamos <strong>deriva<\/strong> de los <strong>Peri\u00f3dicos Oficiales<\/strong> de la <strong>CdMx, Estado <\/strong>de M\u00e9x., Diario <strong>Oficial<\/strong> de la Federaci\u00f3n, Suprema Corte de <strong>Justicia<\/strong> de la Naci\u00f3n, lo tanto es de <strong>aplicaci\u00f3n Obligatoria.<\/strong><\/p>\n\n\n\n<p>La informaci\u00f3n de hoy procede de la Gaceta del EdoMex.<\/p>\n\n\n\n<p><strong><mark style=\"background-color:rgba(0, 0, 0, 0)\" class=\"has-inline-color has-luminous-vivid-orange-color\">Ay\u00fadanos<\/mark> <\/strong>para que m\u00e1s personas conozcan esta informaci\u00f3n, <strong>Comp\u00e1rtelo<\/strong> en tus redes sociales.<\/p>\n","protected":false},"excerpt":{"rendered":"<p>Views: 11 . . El Poder Judicial del Estado, Determin\u00f3 que a partir de esta semana las Medidas de Protecci\u00f3n URGENTES, que son ordenadas por los Juzgados en L\u00cdNEA especializados en materia de Violencia Familiar ser\u00e1n Notificadas y Ejecutadas por los ACTUARIOS de los Juzgados Familiares y NO por los juzgados de control como se [&hellip;]<\/p>\n","protected":false},"author":3,"featured_media":23848,"comment_status":"closed","ping_status":"open","sticky":false,"template":"","format":"standard","meta":{"_jetpack_memberships_contains_paid_content":false,"footnotes":""},"categories":[8],"tags":[],"jetpack_sharing_enabled":true,"jetpack_featured_media_url":"https:\/\/www.salgadonoticias.com\/wp-content\/uploads\/2023\/08\/proteccion-scaled.jpg","_links":{"self":[{"href":"https:\/\/www.salgadonoticias.com\/index.php?rest_route=\/wp\/v2\/posts\/23840"}],"collection":[{"href":"https:\/\/www.salgadonoticias.com\/index.php?rest_route=\/wp\/v2\/posts"}],"about":[{"href":"https:\/\/www.salgadonoticias.com\/index.php?rest_route=\/wp\/v2\/types\/post"}],"author":[{"embeddable":true,"href":"https:\/\/www.salgadonoticias.com\/index.php?rest_route=\/wp\/v2\/users\/3"}],"replies":[{"embeddable":true,"href":"https:\/\/www.salgadonoticias.com\/index.php?rest_route=%2Fwp%2Fv2%2Fcomments&post=23840"}],"version-history":[{"count":7,"href":"https:\/\/www.salgadonoticias.com\/index.php?rest_route=\/wp\/v2\/posts\/23840\/revisions"}],"predecessor-version":[{"id":23872,"href":"https:\/\/www.salgadonoticias.com\/index.php?rest_route=\/wp\/v2\/posts\/23840\/revisions\/23872"}],"wp:featuredmedia":[{"embeddable":true,"href":"https:\/\/www.salgadonoticias.com\/index.php?rest_route=\/wp\/v2\/media\/23848"}],"wp:attachment":[{"href":"https:\/\/www.salgadonoticias.com\/index.php?rest_route=%2Fwp%2Fv2%2Fmedia&parent=23840"}],"wp:term":[{"taxonomy":"category","embeddable":true,"href":"https:\/\/www.salgadonoticias.com\/index.php?rest_route=%2Fwp%2Fv2%2Fcategories&post=23840"},{"taxonomy":"post_tag","embeddable":true,"href":"https:\/\/www.salgadonoticias.com\/index.php?rest_route=%2Fwp%2Fv2%2Ftags&post=23840"}],"curies":[{"name":"wp","href":"https:\/\/api.w.org\/{rel}","templated":true}]}}