{"id":23851,"date":"2023-08-21T01:00:00","date_gmt":"2023-08-21T06:00:00","guid":{"rendered":"http:\/\/www.salgadonoticias.com\/?p=23851"},"modified":"2023-08-21T16:25:26","modified_gmt":"2023-08-21T21:25:26","slug":"23851","status":"publish","type":"post","link":"https:\/\/www.salgadonoticias.com\/?p=23851","title":{"rendered":"15 d\u00edas para Promover AMPARO contra Orden de Aprehensi\u00f3n&#8230;!!!"},"content":{"rendered":"<p>Views: 11<\/p>\n<p>.<\/p>\n\n\n\n<figure class=\"wp-block-embed is-type-video is-provider-youtube wp-block-embed-youtube wp-embed-aspect-16-9 wp-has-aspect-ratio\"><div class=\"wp-block-embed__wrapper\">\n<iframe loading=\"lazy\" title=\"Medidas de Protecci\u00f3n ser\u00e1n Notificadas por Actuario FAMILIAR en Edomex \u2026!!!\ufffc\" width=\"640\" height=\"360\" src=\"https:\/\/www.youtube.com\/embed\/OUS-OkTuQkw?feature=oembed\" frameborder=\"0\" allow=\"accelerometer; autoplay; clipboard-write; encrypted-media; gyroscope; picture-in-picture; web-share\" referrerpolicy=\"strict-origin-when-cross-origin\" allowfullscreen><\/iframe>\n<\/div><\/figure>\n\n\n\n<p>.<\/p>\n\n\n\n<p>Los <strong>AMPAROS <\/strong>contra las<strong><mark style=\"background-color:#fcb900\" class=\"has-inline-color\"> Ordenes de Aprehensi\u00f3n<\/mark><\/strong> deben promoverse en un <strong>t\u00e9rmino<\/strong> de <strong><mark style=\"background-color:#cf2e2e\" class=\"has-inline-color\">15 d\u00edas<\/mark><\/strong>\u2026<\/p>\n\n\n\n<p>.<\/p>\n\n\n\n<p>La <strong>Suprema Corte de Justicia<\/strong> a trav\u00e9s de su Primera Sala <strong><mark style=\"background-color:rgba(0, 0, 0, 0)\" class=\"has-inline-color has-vivid-red-color\">DETERMIN\u00d3<\/mark><\/strong> que una demanda de <strong>Amparo<\/strong> CONTRA una orden de aprehensi\u00f3n <strong><mark style=\"background-color:#ff6900\" class=\"has-inline-color\">dictada por un Juez<\/mark><\/strong> se debe <strong>PROMOVER <\/strong>dentro del t\u00e9rmino de <strong>quince d\u00edas.<\/strong><\/p>\n\n\n\n<p>.<\/p>\n\n\n\n<p>Lo anterior se resuelve luego de los <strong>criterios <mark style=\"background-color:#cf2e2e\" class=\"has-inline-color\">discrepantes<\/mark><\/strong> de los <strong>tribunales<\/strong> sobre si, en el caso de una <strong>orden de aprehensi\u00f3n<\/strong>, <strong><mark style=\"background-color:rgba(0, 0, 0, 0)\" class=\"has-inline-color has-vivid-red-color\">se actualiza<\/mark><\/strong> el supuesto de <strong><mark style=\"background-color:#fcb900\" class=\"has-inline-color\">excepci\u00f3n<\/mark><\/strong> para presentar la <strong>demanda de amparo<\/strong> <strong><mark style=\"background-color:rgba(0, 0, 0, 0)\" class=\"has-inline-color has-vivid-red-color\">\u201cen cualquier tiempo\u201d<\/mark><\/strong>, del art. 17, fracc. IV de la ley de amparo.<\/p>\n\n\n\n<p>.<\/p>\n\n\n\n<p>La justificaci\u00f3n de la <strong>SCJN<\/strong> es que una <strong>orden de aprehensi\u00f3n<\/strong> es un acto dictado <strong><mark style=\"background-color:#fcb900\" class=\"has-inline-color\">dentro de un procedimiento<\/mark><\/strong>, como forma de <strong><mark style=\"background-color:rgba(0, 0, 0, 0)\" class=\"has-inline-color has-vivid-red-color\">conducci\u00f3n al proceso<\/mark><\/strong> y surge conforme al art. 211 del C\u00f3digo Nacional de Procedimientos Penales, en la <strong><mark style=\"background-color:rgba(0, 0, 0, 0)\" class=\"has-inline-color has-vivid-red-color\">primera<\/mark> etapa<\/strong> del procedimiento penal \u2014investigaci\u00f3n inicial\u2014 en la cual, la autoridad judicial al momento de que <strong>se le solicita<\/strong> <strong><mark style=\"background-color:rgba(0, 0, 0, 0)\" class=\"has-inline-color has-vivid-red-color\">su libramiento<\/mark><\/strong> corrobora que se <strong>cumplan<\/strong> los <strong><mark style=\"background-color:rgba(0, 0, 0, 0)\" class=\"has-inline-color has-vivid-red-color\">requisitos<\/mark><\/strong> correspondientes y luego de verificarlos obsequia la orden.<\/p>\n\n\n\n<p>De ah\u00ed que, <strong>para su emisi\u00f3n<\/strong> <strong><mark style=\"background-color:#cf2e2e\" class=\"has-inline-color\">precedieron<\/mark><\/strong> una serie de actos, precisamente tendentes a <strong><mark style=\"background-color:rgba(0, 0, 0, 0)\" class=\"has-inline-color has-vivid-red-color\">activar el proceso penal<\/mark><\/strong>; es decir, <strong>no se emiti\u00f3 <mark style=\"background-color:rgba(0, 0, 0, 0)\" class=\"has-inline-color has-vivid-red-color\">injustificadamente<\/mark><\/strong> ni de manera aislada, pues se materializa como el <strong><mark style=\"background-color:rgba(0, 0, 0, 0)\" class=\"has-inline-color has-vivid-red-color\">resultado<\/mark><\/strong> de determinadas actuaciones previstas en la ley y desarrolladas por las autoridades competentes, cuyo objetivo es <strong><mark style=\"background-color:#fcb900\" class=\"has-inline-color\">lograr la seguridad y presencia efectiva de las partes<\/mark><\/strong> para iniciar el proceso penal.<br><br>Es por ello que la <strong>demanda de amparo<\/strong> <strong><mark style=\"background-color:#ff6900\" class=\"has-inline-color\">en contra de una orden de aprehensi\u00f3n<\/mark><\/strong> <strong><mark style=\"background-color:rgba(0, 0, 0, 0)\" class=\"has-inline-color has-vivid-red-color\">est\u00e1 sujeta<\/mark><\/strong> al <strong><mark style=\"background-color:#fcb900\" class=\"has-inline-color\">t\u00e9rmino gen\u00e9rico de quince d\u00edas<\/mark><\/strong> previsto en la Ley de Amparo, pues se trata de un acto que tiene lugar dentro del procedimiento penal.<\/p>\n\n\n\n<p>.<\/p>\n\n\n\n<p>Esta resoluci\u00f3n ya es de <strong>Aplicaci\u00f3n <mark><mark style=\"background-color:#ffffff\" class=\"has-inline-color has-vivid-red-color\">OBLIGATORIA<\/mark><\/mark><\/strong> en todo el pa\u00eds.<\/p>\n\n\n\n<p><\/p>\n\n\n\n<p>.<\/p>\n\n\n\n<p>Si estas en el <strong><mark style=\"background-color:rgba(0, 0, 0, 0)\" class=\"has-inline-color has-vivid-red-color\">extranjero<\/mark><\/strong> nosotros somos tu <strong><mark style=\"background-color:rgba(0, 0, 0, 0)\" class=\"has-inline-color has-vivid-green-cyan-color\">mejor<\/mark><\/strong> alternativa para<strong><mark style=\"background-color:rgba(0, 0, 0, 0)\" class=\"has-inline-color has-luminous-vivid-orange-color\"> velar<\/mark><\/strong> por tus <strong><mark style=\"background-color:rgba(0, 0, 0, 0)\" class=\"has-inline-color has-vivid-cyan-blue-color\">intereses<\/mark><\/strong>, escr\u00edbenos o ll\u00e1manos al Tel <strong>55581-11311<\/strong>.<\/p>\n\n\n\n<p>.<\/p>\n\n\n\n<p>Cuando <strong>necesites<\/strong> ayuda, <strong>asistencia<\/strong> o <strong>planeaci\u00f3n<\/strong> legal, <strong>solicita Cita Privada<\/strong> <a rel=\"noreferrer noopener\" href=\"mailto:bi@sm99.mx\" target=\"_blank\"><strong>Aqu\u00ed<\/strong><\/a><\/p>\n\n\n\n<p>.<\/p>\n\n\n\n<p>La informaci\u00f3n que AQU\u00cd te presentamos <strong>deriva<\/strong> de los <strong>Peri\u00f3dicos Oficiales<\/strong> de la <strong>CdMx, Estado <\/strong>de M\u00e9x., Diario <strong>Oficial<\/strong> de la Federaci\u00f3n, Suprema Corte de <strong>Justicia<\/strong> de la Naci\u00f3n, lo tanto es de <strong>aplicaci\u00f3n Obligatoria.<\/strong><\/p>\n\n\n\n<p>La informaci\u00f3n de hoy procede de la Suprema Corte de Justicia.<\/p>\n\n\n\n<p><strong><mark style=\"background-color:rgba(0, 0, 0, 0)\" class=\"has-inline-color has-luminous-vivid-orange-color\">Ay\u00fadanos<\/mark> <\/strong>para que m\u00e1s personas conozcan esta informaci\u00f3n, <strong>Comp\u00e1rtelo<\/strong> en tus redes sociales.<\/p>\n","protected":false},"excerpt":{"rendered":"<p>Views: 11 . . Los AMPAROS contra las Ordenes de Aprehensi\u00f3n deben promoverse en un t\u00e9rmino de 15 d\u00edas\u2026 . La Suprema Corte de Justicia a trav\u00e9s de su Primera Sala DETERMIN\u00d3 que una demanda de Amparo CONTRA una orden de aprehensi\u00f3n dictada por un Juez se debe PROMOVER dentro del t\u00e9rmino de quince d\u00edas. [&hellip;]<\/p>\n","protected":false},"author":3,"featured_media":23864,"comment_status":"closed","ping_status":"open","sticky":false,"template":"","format":"standard","meta":{"_jetpack_memberships_contains_paid_content":false,"footnotes":""},"categories":[4],"tags":[],"jetpack_sharing_enabled":true,"jetpack_featured_media_url":"https:\/\/www.salgadonoticias.com\/wp-content\/uploads\/2023\/08\/ORDEN-4.jpg","_links":{"self":[{"href":"https:\/\/www.salgadonoticias.com\/index.php?rest_route=\/wp\/v2\/posts\/23851"}],"collection":[{"href":"https:\/\/www.salgadonoticias.com\/index.php?rest_route=\/wp\/v2\/posts"}],"about":[{"href":"https:\/\/www.salgadonoticias.com\/index.php?rest_route=\/wp\/v2\/types\/post"}],"author":[{"embeddable":true,"href":"https:\/\/www.salgadonoticias.com\/index.php?rest_route=\/wp\/v2\/users\/3"}],"replies":[{"embeddable":true,"href":"https:\/\/www.salgadonoticias.com\/index.php?rest_route=%2Fwp%2Fv2%2Fcomments&post=23851"}],"version-history":[{"count":8,"href":"https:\/\/www.salgadonoticias.com\/index.php?rest_route=\/wp\/v2\/posts\/23851\/revisions"}],"predecessor-version":[{"id":23871,"href":"https:\/\/www.salgadonoticias.com\/index.php?rest_route=\/wp\/v2\/posts\/23851\/revisions\/23871"}],"wp:featuredmedia":[{"embeddable":true,"href":"https:\/\/www.salgadonoticias.com\/index.php?rest_route=\/wp\/v2\/media\/23864"}],"wp:attachment":[{"href":"https:\/\/www.salgadonoticias.com\/index.php?rest_route=%2Fwp%2Fv2%2Fmedia&parent=23851"}],"wp:term":[{"taxonomy":"category","embeddable":true,"href":"https:\/\/www.salgadonoticias.com\/index.php?rest_route=%2Fwp%2Fv2%2Fcategories&post=23851"},{"taxonomy":"post_tag","embeddable":true,"href":"https:\/\/www.salgadonoticias.com\/index.php?rest_route=%2Fwp%2Fv2%2Ftags&post=23851"}],"curies":[{"name":"wp","href":"https:\/\/api.w.org\/{rel}","templated":true}]}}