{"id":23869,"date":"2023-08-22T00:30:00","date_gmt":"2023-08-22T05:30:00","guid":{"rendered":"http:\/\/www.salgadonoticias.com\/?p=23869"},"modified":"2023-08-22T16:41:10","modified_gmt":"2023-08-22T21:41:10","slug":"23869","status":"publish","type":"post","link":"https:\/\/www.salgadonoticias.com\/?p=23869","title":{"rendered":"Por BOLET\u00cdN las Notificaciones de Audiencia Preliminar en Juicios Laborales \u2026!!!"},"content":{"rendered":"<p>Views: 68<\/p>\n<p>.<\/p>\n\n\n\n<figure class=\"wp-block-embed is-type-video is-provider-youtube wp-block-embed-youtube wp-embed-aspect-16-9 wp-has-aspect-ratio\"><div class=\"wp-block-embed__wrapper\">\n<iframe loading=\"lazy\" title=\"Notificaciones de Audiencia PRELIMINAR pueden ser por BOLETIN en Juicios Laborales\ufffc\" width=\"640\" height=\"360\" src=\"https:\/\/www.youtube.com\/embed\/8-Hh5NdASnw?feature=oembed\" frameborder=\"0\" allow=\"accelerometer; autoplay; clipboard-write; encrypted-media; gyroscope; picture-in-picture; web-share\" referrerpolicy=\"strict-origin-when-cross-origin\" allowfullscreen><\/iframe>\n<\/div><\/figure>\n\n\n\n<p>.<\/p>\n\n\n\n<p>El antecedente se da luego de que en un<strong> juicio laboral <\/strong>se <strong><mark style=\"background-color:rgba(0, 0, 0, 0)\" class=\"has-inline-color has-vivid-red-color\">orden\u00f3<\/mark> la notificaci\u00f3n<\/strong> del acuerdo que fija <strong>fecha y hora<\/strong> para el <mark style=\"background-color:#fcb900\" class=\"has-inline-color\">desahogo de la audiencia preliminar<\/mark> por <strong><mark style=\"background-color:#fcb900\" class=\"has-inline-color\">bolet\u00edn<\/mark><\/strong>, apercibiendo a las partes que en caso <strong>de no comparecer<\/strong> se les tendr\u00edan <strong>por consentidas las actuaciones que en cada etapa sucedan<\/strong> y <strong><mark style=\"background-color:rgba(0, 0, 0, 0)\" class=\"has-inline-color has-vivid-red-color\">quedar\u00edan precluidos los derechos<\/mark><\/strong> procesales que deban ejercitarse en cada una de ellas, en caso de inasistencia injustificada.<\/p>\n\n\n\n<p>.<\/p>\n\n\n\n<p>La <strong><mark style=\"background-color:rgba(0, 0, 0, 0);color:#040a7d\" class=\"has-inline-color\">Suprema Corte de Justicia<\/mark> <\/strong>a trav\u00e9s de su Tribunal Colegiado de Circuito, <strong><mark style=\"background-color:rgba(0, 0, 0, 0);color:#920505\" class=\"has-inline-color\">DETERMIN\u00d3<\/mark> <\/strong>que en materia <strong>laboral, <\/strong>las <strong><mark style=\"background-color:#e8ba3a\" class=\"has-inline-color\">Notificaciones<\/mark><\/strong> para el <span style=\"text-decoration: underline;\">desahogo de la Audiencia preliminar<\/span>, se <strong><mark style=\"background-color:rgba(0, 0, 0, 0)\" class=\"has-inline-color has-vivid-red-color\">pueden hacer por BOLET\u00cdN<\/mark><\/strong> a pesar de contener <strong>apercibimientos<\/strong> a las partes.<\/p>\n\n\n\n<p>.<\/p>\n\n\n\n<p>La justificaci\u00f3n de la <strong><mark style=\"background-color:rgba(0, 0, 0, 0);color:#2a07e3\" class=\"has-inline-color\">SCJN<\/mark><\/strong>, es que esto as\u00ed, ya que el <strong><mark style=\"background-color:rgba(0, 0, 0, 0)\" class=\"has-inline-color has-luminous-vivid-orange-color\">art. 742<\/mark><\/strong> de la <em>Ley Federal del Trabajo<\/em> expl\u00edcitamente <mark style=\"background-color:rgba(0, 0, 0, 0)\" class=\"has-inline-color has-vivid-red-color\"><strong>prev\u00e9<\/strong> <strong>cu\u00e1les<\/strong><\/mark> actuaciones se <strong><mark style=\"background-color:#fcb900\" class=\"has-inline-color\">notificar\u00e1n personalmente<\/mark><\/strong>, y <mark style=\"background-color:#65ecb6\" class=\"has-inline-color\">dentro de \u00e9stas<strong> NO<\/strong> se <strong>encuentra<\/strong> la <strong>citaci\u00f3n<\/strong> para la <strong>audiencia preliminar<\/strong><\/mark>; por lo tanto, debe entenderse que se <mark style=\"background-color:rgba(0, 0, 0, 0)\" class=\"has-inline-color has-vivid-red-color\"><strong>realizar\u00e1<\/strong> por <strong>BOLET\u00cdN<\/strong> <\/mark>o <em><u>lista impresa y electr\u00f3nica<\/u><\/em> (art\u00edculo 739 Ter de la citada ley), a\u00fan a pesar de tener los <strong>apercibimientos de sanci\u00f3n<\/strong> que para el caso de inasistencia injustificada prev\u00e9 el diverso 873-F del mismo ordenamiento.<\/p>\n\n\n\n<p>Lo anterior, es porque las <mark style=\"background-color:rgba(0, 0, 0, 0)\" class=\"has-inline-color has-vivid-red-color\"><strong>consecuencias<\/strong> <\/mark>de <strong>no comparecer<\/strong> a la <strong>audiencia<\/strong> <em><strong><mark style=\"background-color:#ff6900\" class=\"has-inline-color\">no provienen del Juez<\/mark><\/strong><\/em>, sino que <strong><mark style=\"background-color:#fcb900\" class=\"has-inline-color\">est\u00e1n previstas en la ley<\/mark><\/strong>, a lo que se agrega que el <strong><mark style=\"background-color:rgba(0, 0, 0, 0)\" class=\"has-inline-color has-vivid-red-color\">nuevo<\/mark> sistema de justicia laboral<\/strong> constituye un procedimiento especialmente dise\u00f1ado para hacer posible <strong><mark style=\"background-color:rgba(0, 0, 0, 0)\" class=\"has-inline-color has-vivid-red-color\">la soluci\u00f3n de las controversias de forma r\u00e1pida<\/mark><\/strong>, lo cual <strong><mark style=\"background-color:rgba(0, 0, 0, 0)\" class=\"has-inline-color has-luminous-vivid-orange-color\">no se lograr\u00eda con el sistema com\u00fan de notificaciones<\/mark><\/strong>, que representa mayor <strong>empleo de tiempo en su ejecuci\u00f3n<\/strong> y, por eso, quien se vincula a este procedimiento, sea por la <strong><mark style=\"background-color:#fcb900\" class=\"has-inline-color\">demanda<\/mark><\/strong> o por el <strong><mark style=\"background-color:rgba(0, 0, 0, 0)\" class=\"has-inline-color has-luminous-vivid-amber-color\">emplazamiento<\/mark><\/strong>, queda sujeto a sus <strong><mark style=\"background-color:rgba(0, 0, 0, 0)\" class=\"has-inline-color has-vivid-red-color\">reglas especiales<\/mark><\/strong>, de suerte que debe considerarse una carga de las partes <strong>estar pendientes<\/strong> en todo momento <strong><mark style=\"background-color:rgba(0, 0, 0, 0)\" class=\"has-inline-color has-vivid-red-color\">del curso del procedimiento<\/mark><\/strong> y de las determinaciones que en \u00e9l se tomen; m\u00e1xime que esta carga no podr\u00eda considerarse gravosa en este tipo de procedimiento, al estar regulado para una duraci\u00f3n realmente breve.<\/p>\n\n\n\n<p><\/p>\n\n\n\n<p>.<\/p>\n\n\n\n<p>Esta resoluci\u00f3n ya puede <strong><mark><mark style=\"background-color:#f6cf65\" class=\"has-inline-color has-black-color\">ARGUMENTARSE<\/mark><\/mark><\/strong> en todo el pa\u00eds a partir de esta semana.<\/p>\n\n\n\n<p>.<\/p>\n\n\n\n<p>.<\/p>\n\n\n\n<p>Si estas en el <strong><mark style=\"background-color:rgba(0, 0, 0, 0)\" class=\"has-inline-color has-vivid-red-color\">extranjero<\/mark><\/strong> nosotros somos tu <strong><mark style=\"background-color:rgba(0, 0, 0, 0)\" class=\"has-inline-color has-vivid-green-cyan-color\">mejor<\/mark><\/strong> alternativa para<strong><mark style=\"background-color:rgba(0, 0, 0, 0)\" class=\"has-inline-color has-luminous-vivid-orange-color\"> velar<\/mark><\/strong> por tus <strong><mark style=\"background-color:rgba(0, 0, 0, 0)\" class=\"has-inline-color has-vivid-cyan-blue-color\">intereses<\/mark><\/strong>, escr\u00edbenos o ll\u00e1manos al Tel <strong>55581-11311<\/strong>.<\/p>\n\n\n\n<p>.<\/p>\n\n\n\n<p>Cuando <strong>necesites<\/strong> ayuda, <strong>asistencia<\/strong> o <strong>planeaci\u00f3n<\/strong> legal, <strong>solicita Cita Privada<\/strong> <a rel=\"noreferrer noopener\" href=\"mailto:bi@sm99.mx\" target=\"_blank\"><strong>Aqu\u00ed<\/strong><\/a><\/p>\n\n\n\n<p>.<\/p>\n\n\n\n<p>La informaci\u00f3n que AQU\u00cd te presentamos <strong>deriva<\/strong> de los <strong>Peri\u00f3dicos Oficiales<\/strong> de la <strong>CdMx, Estado <\/strong>de M\u00e9x., Diario <strong>Oficial<\/strong> de la Federaci\u00f3n, Suprema Corte de <strong>Justicia<\/strong> de la Naci\u00f3n, lo tanto es de <strong>aplicaci\u00f3n Obligatoria.<\/strong><\/p>\n\n\n\n<p>La informaci\u00f3n de hoy procede de la Suprema Corte de Justicia.<\/p>\n\n\n\n<p><strong><mark style=\"background-color:rgba(0, 0, 0, 0)\" class=\"has-inline-color has-luminous-vivid-orange-color\">Ay\u00fadanos<\/mark> <\/strong>para que m\u00e1s personas conozcan esta informaci\u00f3n, <strong>Comp\u00e1rtelo<\/strong> en tus redes sociales.<\/p>\n","protected":false},"excerpt":{"rendered":"<p>Views: 68 . . El antecedente se da luego de que en un juicio laboral se orden\u00f3 la notificaci\u00f3n del acuerdo que fija fecha y hora para el desahogo de la audiencia preliminar por bolet\u00edn, apercibiendo a las partes que en caso de no comparecer se les tendr\u00edan por consentidas las actuaciones que en cada [&hellip;]<\/p>\n","protected":false},"author":3,"featured_media":23875,"comment_status":"closed","ping_status":"open","sticky":false,"template":"","format":"standard","meta":{"_jetpack_memberships_contains_paid_content":false,"footnotes":""},"categories":[4],"tags":[],"jetpack_sharing_enabled":true,"jetpack_featured_media_url":"https:\/\/www.salgadonoticias.com\/wp-content\/uploads\/2023\/08\/boletin-1.jpg","_links":{"self":[{"href":"https:\/\/www.salgadonoticias.com\/index.php?rest_route=\/wp\/v2\/posts\/23869"}],"collection":[{"href":"https:\/\/www.salgadonoticias.com\/index.php?rest_route=\/wp\/v2\/posts"}],"about":[{"href":"https:\/\/www.salgadonoticias.com\/index.php?rest_route=\/wp\/v2\/types\/post"}],"author":[{"embeddable":true,"href":"https:\/\/www.salgadonoticias.com\/index.php?rest_route=\/wp\/v2\/users\/3"}],"replies":[{"embeddable":true,"href":"https:\/\/www.salgadonoticias.com\/index.php?rest_route=%2Fwp%2Fv2%2Fcomments&post=23869"}],"version-history":[{"count":7,"href":"https:\/\/www.salgadonoticias.com\/index.php?rest_route=\/wp\/v2\/posts\/23869\/revisions"}],"predecessor-version":[{"id":23887,"href":"https:\/\/www.salgadonoticias.com\/index.php?rest_route=\/wp\/v2\/posts\/23869\/revisions\/23887"}],"wp:featuredmedia":[{"embeddable":true,"href":"https:\/\/www.salgadonoticias.com\/index.php?rest_route=\/wp\/v2\/media\/23875"}],"wp:attachment":[{"href":"https:\/\/www.salgadonoticias.com\/index.php?rest_route=%2Fwp%2Fv2%2Fmedia&parent=23869"}],"wp:term":[{"taxonomy":"category","embeddable":true,"href":"https:\/\/www.salgadonoticias.com\/index.php?rest_route=%2Fwp%2Fv2%2Fcategories&post=23869"},{"taxonomy":"post_tag","embeddable":true,"href":"https:\/\/www.salgadonoticias.com\/index.php?rest_route=%2Fwp%2Fv2%2Ftags&post=23869"}],"curies":[{"name":"wp","href":"https:\/\/api.w.org\/{rel}","templated":true}]}}