{"id":23933,"date":"2023-08-25T00:30:00","date_gmt":"2023-08-25T05:30:00","guid":{"rendered":"http:\/\/www.salgadonoticias.com\/?p=23933"},"modified":"2023-08-25T17:43:02","modified_gmt":"2023-08-25T22:43:02","slug":"23933","status":"publish","type":"post","link":"https:\/\/www.salgadonoticias.com\/?p=23933","title":{"rendered":"Recurso de REVISI\u00d3N FISCAL, 15 d\u00edas para Interponerlo a partir de NOTIFICACI\u00d3N de Sentencia\u2026!!!"},"content":{"rendered":"<p>Views: 43<\/p>\n<p>.<\/p>\n\n\n\n<figure class=\"wp-block-embed is-type-video is-provider-youtube wp-block-embed-youtube wp-embed-aspect-16-9 wp-has-aspect-ratio\"><div class=\"wp-block-embed__wrapper\">\n<iframe loading=\"lazy\" title=\"Recurso de Revisi\u00f3n fiscal, 15 d\u00edas para interponerlo a partir de\ufffc NOTIFICACION de Sentencia \u2026!!! 2\ufffc\" width=\"640\" height=\"360\" src=\"https:\/\/www.youtube.com\/embed\/2kpV3rTB-EE?start=37&#038;feature=oembed\" frameborder=\"0\" allow=\"accelerometer; autoplay; clipboard-write; encrypted-media; gyroscope; picture-in-picture; web-share\" referrerpolicy=\"strict-origin-when-cross-origin\" allowfullscreen><\/iframe>\n<\/div><\/figure>\n\n\n\n<p>.<\/p>\n\n\n\n<p>Este ANTECEDENTE:<\/p>\n\n\n\n<p>Surge despu\u00e9s de que <strong>Tribunales <mark style=\"background-color:rgba(0, 0, 0, 0)\" class=\"has-inline-color has-vivid-red-color\">analizaron<\/mark><\/strong> a partir de qu\u00e9 momento <strong>se deben<\/strong> computar <strong><mark style=\"background-color:#fcb900\" class=\"has-inline-color\">el plazo de 15 d\u00edas<\/mark><\/strong> para <strong>Interponer<\/strong> el <strong><mark style=\"background-color:#ff6900\" class=\"has-inline-color\">Recurso de Revisi\u00f3n Fiscal<\/mark><\/strong> para impugnar <strong>sentencias emitidas<\/strong> por el <strong>Tribunal de <mark style=\"background-color:rgba(0, 0, 0, 0)\" class=\"has-inline-color has-vivid-red-color\">Justicia Administrativa<\/mark><\/strong>, dictadas en cumplimiento de una <strong>ejecutoria<\/strong> de <strong>amparo<\/strong>. <\/p>\n\n\n\n<p>Uno dedica que a partir de la<mark style=\"background-color:rgba(0, 0, 0, 0)\" class=\"has-inline-color has-vivid-red-color\"> <strong>vista<\/strong><\/mark> ordenada a las partes por el <strong>Tribunal Colegiado<\/strong> y el otro que era a partir de la <strong><mark style=\"background-color:rgba(0, 0, 0, 0)\" class=\"has-inline-color has-vivid-red-color\">notificaci\u00f3n<\/mark><\/strong> de la <strong>sentencia<\/strong> por parte del \u00f3rgano responsable.<\/p>\n\n\n\n<p>.<\/p>\n\n\n\n<p>La <strong><mark style=\"background-color:rgba(0, 0, 0, 0);color:#081e81\" class=\"has-inline-color\">Suprema Corte de Justicia<\/mark><\/strong> a trav\u00e9s de su Segunda Sala <strong><mark style=\"background-color:rgba(0, 0, 0, 0);color:#6a0202\" class=\"has-inline-color\">DETERMIN\u00d3<\/mark> <\/strong>que el <strong><mark style=\"background-color:#fcb900\" class=\"has-inline-color\">computo<\/mark><\/strong> de <strong><mark style=\"background-color:rgba(0, 0, 0, 0)\" class=\"has-inline-color has-vivid-red-color\">15 d\u00edas <\/mark><\/strong>(art. 63 de la Ley Fed. Proc. Contencioso Administrativo), para <strong><mark style=\"background-color:#9cf3d0\" class=\"has-inline-color\">Interponer<\/mark><\/strong> el <strong>Recurso Revisi\u00f3n Fiscal<\/strong> <strong><mark style=\"background-color:#bcdff4\" class=\"has-inline-color\">EMPIEZA<\/mark><\/strong> a correr a partir de la <strong><mark style=\"background-color:rgba(0, 0, 0, 0)\" class=\"has-inline-color has-vivid-red-color\">NOTIFICACI\u00d3N<\/mark> <\/strong>de la <strong>SENTENCIA<\/strong> respectiva por parte del Pleno, las Secciones de la Sala Superior o las Salas Regionales del Tribunal Federal de Justicia Administrativa.<\/p>\n\n\n\n<p>.<\/p>\n\n\n\n<p>La justificaci\u00f3n de la<mark style=\"background-color:rgba(0, 0, 0, 0);color:#05077e\" class=\"has-inline-color\"> <strong>SCJN<\/strong><\/mark><strong>, <\/strong>es porque <strong><mark style=\"background-color:rgba(0, 0, 0, 0)\" class=\"has-inline-color has-luminous-vivid-orange-color\">la notificaci\u00f3n<\/mark><\/strong> es el <strong><mark style=\"background-color:#fcb900\" class=\"has-inline-color\">medio espec\u00edfico<\/mark><\/strong> por el cual se <strong>crea la <mark style=\"background-color:rgba(0, 0, 0, 0)\" class=\"has-inline-color has-vivid-red-color\">certeza<\/mark><\/strong> de que <strong><mark style=\"background-color:rgba(0, 0, 0, 0);color:#187805\" class=\"has-inline-color\">el afectado<\/mark><\/strong> por el acto que se notifica <mark style=\"background-color:#e4b6c1\" class=\"has-inline-color\">TUVO <strong>pleno conocimiento<\/strong><\/mark> de \u00e9ste, lo que supone que su realizaci\u00f3n no deje lugar a dudas para que se encuentre en posibilidad de defenderse.<\/p>\n\n\n\n<p>En el caso, del <strong>art\u00edculo 63<\/strong> es <strong>puntual al se\u00f1alar<\/strong> que las <strong>sentencias <mark style=\"background-color:rgba(0, 0, 0, 0)\" class=\"has-inline-color has-vivid-red-color\">definitivas<\/mark><\/strong> que emitan el <strong>Pleno<\/strong>, las <strong><mark style=\"background-color:rgba(0, 0, 0, 0)\" class=\"has-inline-color has-vivid-red-color\">Secciones de la Sala<\/mark><\/strong> Superior o las <strong><mark style=\"background-color:rgba(0, 0, 0, 0)\" class=\"has-inline-color has-vivid-red-color\">Salas Regionales<\/mark><\/strong> del Tribunal Federal de Justicia Administrativa, <strong>PODR\u00c1N<\/strong> ser <strong>IMPUGNADAS<\/strong> por la autoridad <strong>a trav\u00e9s <\/strong>de la <strong><mark style=\"background-color:rgba(0, 0, 0, 0)\" class=\"has-inline-color has-vivid-red-color\">unidad administrativa encargada de su defensa<\/mark><\/strong> jur\u00eddica o por la entidad federativa coordinada en ingresos federales correspondiente, interponiendo el recurso de revisi\u00f3n ante el Tribunal Colegiado de Circuito competente, mediante escrito que se presente ante la responsable, <strong>dentro de los quince d\u00edas<\/strong> <strong>siguientes<\/strong> a aquel en que <strong>surta sus efectos la NOTIFICACI\u00d3N<\/strong> respectiva. <\/p>\n\n\n\n<p>Por lo que la <strong>regulaci\u00f3n<\/strong> del <strong>recurso de <mark style=\"background-color:rgba(0, 0, 0, 0)\" class=\"has-inline-color has-vivid-red-color\">revisi\u00f3n<\/mark><\/strong> contenida en dicho precepto legal <strong>no acepta <mark style=\"background-color:rgba(0, 0, 0, 0)\" class=\"has-inline-color has-vivid-red-color\">otra<\/mark> interpretaci\u00f3n <\/strong>que no sea la literal que de \u00e9l se desprende, al quedar precisado que dicho plazo <strong>ser\u00e1 computable <mark style=\"background-color:#fcb900\" class=\"has-inline-color\">a partir del d\u00eda siguiente al en que surta sus efectos la notificaci\u00f3n de la sentencia<\/mark><\/strong>.<\/p>\n\n\n\n<p>Por lo que no cabe la posibilidad de <strong><mark style=\"background-color:rgba(0, 0, 0, 0)\" class=\"has-inline-color has-vivid-red-color\">computar<\/mark> el plazo<\/strong> a trav\u00e9s del acto mediante el cual el Tribunal Colegiado de Circuito d\u00e9 vista a las partes con copia de la sentencia emitida en cumplimiento, con la intenci\u00f3n de que realicen las manifestaciones que a su derecho convenga, pues este <strong>acto<\/strong> tiene una <strong><mark style=\"background-color:rgba(0, 0, 0, 0)\" class=\"has-inline-color has-vivid-red-color\">finalidad espec\u00edfica<\/mark><\/strong> en el juicio de amparo, dentro del procedimiento de ejecuci\u00f3n, la cual <strong>consiste<\/strong> en <strong><mark style=\"background-color:#ff6900\" class=\"has-inline-color\">verificar el cumplimiento de una ejecutoria<\/mark><\/strong>. aspecto que no puede extrapolarse para efectos de la interposici\u00f3n de un recurso previsto en un ordenamiento jur\u00eddico diverso a la Ley de Amparo. <\/p>\n\n\n\n<p>A esa conclusi\u00f3n se arriba porque <strong>la vista<\/strong> de <strong>ninguna manera <mark style=\"background-color:rgba(0, 0, 0, 0)\" class=\"has-inline-color has-vivid-red-color\">sustituye<\/mark> el acto de notificaci\u00f3n <\/strong>que se encuentra a cargo del <strong>Tribunal Federal de Justicia Administrativa<\/strong>, que debe cumplir con las formalidades legales correspondientes, y porque el art\u00edculo 63 de la ley administrativa mencionada <strong>fija<\/strong> como <strong><mark style=\"background-color:rgba(0, 0, 0, 0)\" class=\"has-inline-color has-vivid-red-color\">punto de partida<\/mark><\/strong> para la interposici\u00f3n del recurso de revisi\u00f3n fiscal, el surtimiento de efectos de la <strong><mark style=\"background-color:rgba(0, 0, 0, 0)\" class=\"has-inline-color has-vivid-red-color\">notificaci\u00f3n <\/mark><\/strong>de la <strong>sentencia<\/strong>. <\/p>\n\n\n\n<p>Por tanto, a juicio de esta Segunda Sala, queda de manifiesto que el legislador no dej\u00f3 margen para interpretar que el <strong>c\u00f3mputo<\/strong> para <strong><mark style=\"background-color:rgba(0, 0, 0, 0)\" class=\"has-inline-color has-vivid-red-color\">interponer el recurso de revisi\u00f3n fiscal <\/mark><mark style=\"background-color:#fcb900\" class=\"has-inline-color\">pueda hacerse<\/mark><\/strong> en forma distinta a la que dispuso en el art\u00edculo 63 de la Ley Federal de Procedimiento Contencioso Administrativo.<\/p>\n\n\n\n<p>.<\/p>\n\n\n\n<p>Esta resoluci\u00f3n ya es de <strong>Aplicaci\u00f3n <mark><mark style=\"background-color:#ffffff\" class=\"has-inline-color has-vivid-red-color\">OBLIGATORIA<\/mark><\/mark><\/strong> en todo el pa\u00eds.<\/p>\n\n\n\n<p>.<\/p>\n\n\n\n<p>Si estas en el <strong><mark style=\"background-color:rgba(0, 0, 0, 0)\" class=\"has-inline-color has-vivid-red-color\">Extranjero <\/mark><\/strong>nosotros somos tu <strong><mark style=\"background-color:rgba(0, 0, 0, 0)\" class=\"has-inline-color has-vivid-green-cyan-color\">mejor<\/mark><\/strong> alternativa para <strong><mark style=\"background-color:rgba(0, 0, 0, 0)\" class=\"has-inline-color has-luminous-vivid-orange-color\">velar<\/mark><\/strong> por tus <strong><mark style=\"background-color:rgba(0, 0, 0, 0)\" class=\"has-inline-color has-vivid-cyan-blue-color\">intereses<\/mark><\/strong>.<\/p>\n\n\n\n<p>.<\/p>\n\n\n\n<p><\/p>\n\n\n\n<p>Cuando<strong> necesites<\/strong> ayuda, <strong>asistencia<\/strong> o <strong>planeaci\u00f3n<\/strong> legal, <strong>solicita<\/strong> <strong>Cita Privada<\/strong> <a rel=\"noreferrer noopener\" href=\"mailto:bi@sm99.mx\" target=\"_blank\"><strong>Aqu\u00ed<\/strong><\/a><\/p>\n\n\n\n<p>La informaci\u00f3n que AQU\u00cd te presentamos <strong>deriva<\/strong> de los <strong>Peri\u00f3dicos Oficiales <\/strong>de la<strong> CdMx<\/strong>, <strong>Estado<\/strong> de Mex., Diario <strong>Oficial<\/strong> de la Federaci\u00f3n, Suprema Corte de<strong> Justicia<\/strong> de la Naci\u00f3n, por lo tanto es de <strong>aplicaci\u00f3n OBLIGATORIA<\/strong><\/p>\n\n\n\n<p>La <strong>informaci\u00f3n<\/strong> de hoy procede de la Suprema Corte de Justicia<\/p>\n\n\n\n<p><strong><mark style=\"background-color:rgba(0, 0, 0, 0)\" class=\"has-inline-color has-luminous-vivid-orange-color\">AY\u00daDANOS<\/mark><\/strong> para que m\u00e1s personas conozcan esta informaci\u00f3n, <strong>Comp\u00e1rtelo<\/strong> en tus redes sociales. ?<\/p>\n","protected":false},"excerpt":{"rendered":"<p>Views: 43 . . Este ANTECEDENTE: Surge despu\u00e9s de que Tribunales analizaron a partir de qu\u00e9 momento se deben computar el plazo de 15 d\u00edas para Interponer el Recurso de Revisi\u00f3n Fiscal para impugnar sentencias emitidas por el Tribunal de Justicia Administrativa, dictadas en cumplimiento de una ejecutoria de amparo. Uno dedica que a partir [&hellip;]<\/p>\n","protected":false},"author":3,"featured_media":23946,"comment_status":"closed","ping_status":"open","sticky":false,"template":"","format":"standard","meta":{"_jetpack_memberships_contains_paid_content":false,"footnotes":""},"categories":[4],"tags":[],"jetpack_sharing_enabled":true,"jetpack_featured_media_url":"https:\/\/www.salgadonoticias.com\/wp-content\/uploads\/2023\/08\/fiscal.jpg","_links":{"self":[{"href":"https:\/\/www.salgadonoticias.com\/index.php?rest_route=\/wp\/v2\/posts\/23933"}],"collection":[{"href":"https:\/\/www.salgadonoticias.com\/index.php?rest_route=\/wp\/v2\/posts"}],"about":[{"href":"https:\/\/www.salgadonoticias.com\/index.php?rest_route=\/wp\/v2\/types\/post"}],"author":[{"embeddable":true,"href":"https:\/\/www.salgadonoticias.com\/index.php?rest_route=\/wp\/v2\/users\/3"}],"replies":[{"embeddable":true,"href":"https:\/\/www.salgadonoticias.com\/index.php?rest_route=%2Fwp%2Fv2%2Fcomments&post=23933"}],"version-history":[{"count":9,"href":"https:\/\/www.salgadonoticias.com\/index.php?rest_route=\/wp\/v2\/posts\/23933\/revisions"}],"predecessor-version":[{"id":23962,"href":"https:\/\/www.salgadonoticias.com\/index.php?rest_route=\/wp\/v2\/posts\/23933\/revisions\/23962"}],"wp:featuredmedia":[{"embeddable":true,"href":"https:\/\/www.salgadonoticias.com\/index.php?rest_route=\/wp\/v2\/media\/23946"}],"wp:attachment":[{"href":"https:\/\/www.salgadonoticias.com\/index.php?rest_route=%2Fwp%2Fv2%2Fmedia&parent=23933"}],"wp:term":[{"taxonomy":"category","embeddable":true,"href":"https:\/\/www.salgadonoticias.com\/index.php?rest_route=%2Fwp%2Fv2%2Fcategories&post=23933"},{"taxonomy":"post_tag","embeddable":true,"href":"https:\/\/www.salgadonoticias.com\/index.php?rest_route=%2Fwp%2Fv2%2Ftags&post=23933"}],"curies":[{"name":"wp","href":"https:\/\/api.w.org\/{rel}","templated":true}]}}